{"id":12932,"date":"2013-04-01T10:00:22","date_gmt":"2013-04-01T08:00:22","guid":{"rendered":"http:\/\/blog.zeit.de\/zeit-der-leser\/?p=12932"},"modified":"2013-04-04T12:21:50","modified_gmt":"2013-04-04T10:21:50","slug":"ein-gedicht-6","status":"publish","type":"post","link":"https:\/\/blog.zeit.de\/zeit-der-leser\/2013\/04\/01\/ein-gedicht-6\/","title":{"rendered":"Ein Gedicht!"},"content":{"rendered":"<p><strong>\u00d6sterlicher Inspizier-Gang<\/strong><br \/>\nnach Johann Wolfgang von Goethe \u00bbOsterspaziergang\u00ab<\/p>\n<p>Vom Unkraut befreit ist unser Garten<br \/>\ndurch der flei\u00dfigen H\u00e4nde Geschick.<br \/>\nRundherum schweift der strenge Blick.<br \/>\nGiersch, Quecke und \u00e4hnliche Arten<br \/>\nzogen sich hinter Nachbars Zaun zur\u00fcck.<\/p>\n<p>All\u2019 unsere Sinne sich wieder beleben,<br \/>\nweil Fr\u00fchlingsboten ihr Bestes geben:<br \/>\nF\u00fcr die Ohren sind\u2019s die Vogelstimmen \u2013<br \/>\nund die Motormusik beim Rasentrimmen.<br \/>\nF\u00fcr die Nase der w\u00fcrzige Jaucheduft,<br \/>\nwenn der Bauer das Feld d\u00fcngt und schw\u00e4ngert die Luft. <\/p>\n<p>F\u00fcrs Auge die bl\u00fchenden Str\u00e4ucher und Hecken,<br \/>\nKahlfra\u00df im Beet \u2013 dank flei\u00dfiger Schnecken.<br \/>\nF\u00fcrs Gef\u00fchl die Sonne warm auf der Haut,<br \/>\nauf der eine Wespe die Stimmung versaut.<br \/>\nEin Radieschen f\u00fcr den guten Geschmack,<br \/>\nbesonders, wenn es ein Innenleben hat.<br \/>\nNicht jedoch in unserem Sinne es liegt,<br \/>\nwenn die W\u00fchlmaus Beet und rasen pfl\u00fcgt,<br \/>\nwenn die Kraft der Natur am Unkraut sich zeigt,<br \/>\ndas vielf\u00e4ltig sich aneinanderreiht,<br \/>\nund wenn die Ungezieferwelt<br \/>\nsich den Pflanzen zugesellt,<br \/>\nDann stimme ich in des G\u00e4rtners Lied mit ein:<br \/>\nHier entscheide ich, was darf gedeih\u2019n.<\/p>\n<p><strong>Ingrid Bosch<\/strong>, Hennstedt, Schleswig-Holstein<\/p>\n","protected":false},"excerpt":{"rendered":"<p>\u00d6sterlicher Inspizier-Gang nach Johann Wolfgang von Goethe \u00bbOsterspaziergang\u00ab Vom Unkraut befreit ist unser Garten durch der flei\u00dfigen H\u00e4nde Geschick. Rundherum schweift der strenge Blick. Giersch, Quecke und \u00e4hnliche Arten zogen sich hinter Nachbars Zaun zur\u00fcck. All\u2019 unsere Sinne sich wieder beleben, weil Fr\u00fchlingsboten ihr Bestes geben: F\u00fcr die Ohren sind\u2019s die Vogelstimmen \u2013 und die [&hellip;]<\/p>\n","protected":false},"author":265,"featured_media":0,"comment_status":"open","ping_status":"open","sticky":false,"template":"","format":"standard","meta":{"_jetpack_memberships_contains_paid_content":false,"footnotes":""},"categories":[5684,5683],"tags":[],"class_list":["post-12932","post","type-post","status-publish","format-standard","hentry","category-ein-gedicht","category-neu-verfasst"],"yoast_head":"<!-- This site is optimized with the Yoast SEO plugin v21.0 - https:\/\/yoast.com\/wordpress\/plugins\/seo\/ -->\n<title>Ein Gedicht! - ZEIT der Leser<\/title>\n<meta name=\"robots\" content=\"index, follow, max-snippet:-1, max-image-preview:large, max-video-preview:-1\" \/>\n<link rel=\"canonical\" href=\"https:\/\/blog.zeit.de\/zeit-der-leser\/2013\/04\/01\/ein-gedicht-6\/\" \/>\n<meta property=\"og:locale\" content=\"de_DE\" \/>\n<meta property=\"og:type\" content=\"article\" \/>\n<meta property=\"og:title\" content=\"Ein Gedicht! - ZEIT der Leser\" \/>\n<meta property=\"og:description\" content=\"\u00d6sterlicher Inspizier-Gang nach Johann Wolfgang von Goethe \u00bbOsterspaziergang\u00ab Vom Unkraut befreit ist unser Garten durch der flei\u00dfigen H\u00e4nde Geschick. Rundherum schweift der strenge Blick. Giersch, Quecke und \u00e4hnliche Arten zogen sich hinter Nachbars Zaun zur\u00fcck. All\u2019 unsere Sinne sich wieder beleben, weil Fr\u00fchlingsboten ihr Bestes geben: F\u00fcr die Ohren sind\u2019s die Vogelstimmen \u2013 und die [&hellip;]\" \/>\n<meta property=\"og:url\" content=\"https:\/\/blog.zeit.de\/zeit-der-leser\/2013\/04\/01\/ein-gedicht-6\/\" \/>\n<meta property=\"og:site_name\" content=\"ZEIT der Leser\" \/>\n<meta property=\"article:published_time\" content=\"2013-04-01T08:00:22+00:00\" \/>\n<meta property=\"article:modified_time\" content=\"2013-04-04T10:21:50+00:00\" \/>\n<meta name=\"author\" content=\"&quot;Zeit der Leser&quot;-Redaktion\" \/>\n<meta name=\"twitter:card\" content=\"summary_large_image\" \/>\n<meta name=\"twitter:label1\" content=\"Geschrieben von\" \/>\n\t<meta name=\"twitter:data1\" content=\"\"Zeit der Leser\"-Redaktion\" \/>\n\t<meta name=\"twitter:label2\" content=\"Gesch\u00e4tzte Lesezeit\" \/>\n\t<meta name=\"twitter:data2\" content=\"1\u00a0Minute\" \/>\n<script type=\"application\/ld+json\" class=\"yoast-schema-graph\">{\"@context\":\"https:\/\/schema.org\",\"@graph\":[{\"@type\":\"WebPage\",\"@id\":\"https:\/\/blog.zeit.de\/zeit-der-leser\/2013\/04\/01\/ein-gedicht-6\/\",\"url\":\"https:\/\/blog.zeit.de\/zeit-der-leser\/2013\/04\/01\/ein-gedicht-6\/\",\"name\":\"Ein Gedicht! - ZEIT der Leser\",\"isPartOf\":{\"@id\":\"https:\/\/blog.zeit.de\/zeit-der-leser\/#website\"},\"datePublished\":\"2013-04-01T08:00:22+00:00\",\"dateModified\":\"2013-04-04T10:21:50+00:00\",\"author\":{\"@id\":\"https:\/\/blog.zeit.de\/zeit-der-leser\/#\/schema\/person\/583b14e5ad6368c23af846ecbde9f20f\"},\"breadcrumb\":{\"@id\":\"https:\/\/blog.zeit.de\/zeit-der-leser\/2013\/04\/01\/ein-gedicht-6\/#breadcrumb\"},\"inLanguage\":\"de\",\"potentialAction\":[{\"@type\":\"ReadAction\",\"target\":[\"https:\/\/blog.zeit.de\/zeit-der-leser\/2013\/04\/01\/ein-gedicht-6\/\"]}]},{\"@type\":\"BreadcrumbList\",\"@id\":\"https:\/\/blog.zeit.de\/zeit-der-leser\/2013\/04\/01\/ein-gedicht-6\/#breadcrumb\",\"itemListElement\":[{\"@type\":\"ListItem\",\"position\":1,\"name\":\"Startseite\",\"item\":\"https:\/\/blog.zeit.de\/zeit-der-leser\/\"},{\"@type\":\"ListItem\",\"position\":2,\"name\":\"Ein Gedicht!\"}]},{\"@type\":\"WebSite\",\"@id\":\"https:\/\/blog.zeit.de\/zeit-der-leser\/#website\",\"url\":\"https:\/\/blog.zeit.de\/zeit-der-leser\/\",\"name\":\"ZEIT der Leser\",\"description\":\"Ein Blog mit Ihren Notizen, Gedichten und Bildern f\u00fcr die gedruckte ZEIT\",\"potentialAction\":[{\"@type\":\"SearchAction\",\"target\":{\"@type\":\"EntryPoint\",\"urlTemplate\":\"https:\/\/blog.zeit.de\/zeit-der-leser\/?s={search_term_string}\"},\"query-input\":\"required name=search_term_string\"}],\"inLanguage\":\"de\"},{\"@type\":\"Person\",\"@id\":\"https:\/\/blog.zeit.de\/zeit-der-leser\/#\/schema\/person\/583b14e5ad6368c23af846ecbde9f20f\",\"name\":\"\\\"Zeit der Leser\\\"-Redaktion\",\"image\":{\"@type\":\"ImageObject\",\"inLanguage\":\"de\",\"@id\":\"https:\/\/blog.zeit.de\/zeit-der-leser\/#\/schema\/person\/image\/\",\"url\":\"https:\/\/secure.gravatar.com\/avatar\/e801a681bd3bbf2345131a815930b48d9f8e0a94de1346b624840dc850f67ad0?s=96&d=mm&r=g\",\"contentUrl\":\"https:\/\/secure.gravatar.com\/avatar\/e801a681bd3bbf2345131a815930b48d9f8e0a94de1346b624840dc850f67ad0?s=96&d=mm&r=g\",\"caption\":\"\\\"Zeit der Leser\\\"-Redaktion\"},\"url\":\"https:\/\/blog.zeit.de\/zeit-der-leser\/author\/zeit-der-leser-redaktion\/\"}]}<\/script>\n<!-- \/ Yoast SEO plugin. -->","yoast_head_json":{"title":"Ein Gedicht! - ZEIT der Leser","robots":{"index":"index","follow":"follow","max-snippet":"max-snippet:-1","max-image-preview":"max-image-preview:large","max-video-preview":"max-video-preview:-1"},"canonical":"https:\/\/blog.zeit.de\/zeit-der-leser\/2013\/04\/01\/ein-gedicht-6\/","og_locale":"de_DE","og_type":"article","og_title":"Ein Gedicht! - ZEIT der Leser","og_description":"\u00d6sterlicher Inspizier-Gang nach Johann Wolfgang von Goethe \u00bbOsterspaziergang\u00ab Vom Unkraut befreit ist unser Garten durch der flei\u00dfigen H\u00e4nde Geschick. Rundherum schweift der strenge Blick. Giersch, Quecke und \u00e4hnliche Arten zogen sich hinter Nachbars Zaun zur\u00fcck. All\u2019 unsere Sinne sich wieder beleben, weil Fr\u00fchlingsboten ihr Bestes geben: F\u00fcr die Ohren sind\u2019s die Vogelstimmen \u2013 und die [&hellip;]","og_url":"https:\/\/blog.zeit.de\/zeit-der-leser\/2013\/04\/01\/ein-gedicht-6\/","og_site_name":"ZEIT der Leser","article_published_time":"2013-04-01T08:00:22+00:00","article_modified_time":"2013-04-04T10:21:50+00:00","author":"\"Zeit der Leser\"-Redaktion","twitter_card":"summary_large_image","twitter_misc":{"Geschrieben von":"\"Zeit der Leser\"-Redaktion","Gesch\u00e4tzte Lesezeit":"1\u00a0Minute"},"schema":{"@context":"https:\/\/schema.org","@graph":[{"@type":"WebPage","@id":"https:\/\/blog.zeit.de\/zeit-der-leser\/2013\/04\/01\/ein-gedicht-6\/","url":"https:\/\/blog.zeit.de\/zeit-der-leser\/2013\/04\/01\/ein-gedicht-6\/","name":"Ein Gedicht! - ZEIT der Leser","isPartOf":{"@id":"https:\/\/blog.zeit.de\/zeit-der-leser\/#website"},"datePublished":"2013-04-01T08:00:22+00:00","dateModified":"2013-04-04T10:21:50+00:00","author":{"@id":"https:\/\/blog.zeit.de\/zeit-der-leser\/#\/schema\/person\/583b14e5ad6368c23af846ecbde9f20f"},"breadcrumb":{"@id":"https:\/\/blog.zeit.de\/zeit-der-leser\/2013\/04\/01\/ein-gedicht-6\/#breadcrumb"},"inLanguage":"de","potentialAction":[{"@type":"ReadAction","target":["https:\/\/blog.zeit.de\/zeit-der-leser\/2013\/04\/01\/ein-gedicht-6\/"]}]},{"@type":"BreadcrumbList","@id":"https:\/\/blog.zeit.de\/zeit-der-leser\/2013\/04\/01\/ein-gedicht-6\/#breadcrumb","itemListElement":[{"@type":"ListItem","position":1,"name":"Startseite","item":"https:\/\/blog.zeit.de\/zeit-der-leser\/"},{"@type":"ListItem","position":2,"name":"Ein Gedicht!"}]},{"@type":"WebSite","@id":"https:\/\/blog.zeit.de\/zeit-der-leser\/#website","url":"https:\/\/blog.zeit.de\/zeit-der-leser\/","name":"ZEIT der Leser","description":"Ein Blog mit Ihren Notizen, Gedichten und Bildern f\u00fcr die gedruckte ZEIT","potentialAction":[{"@type":"SearchAction","target":{"@type":"EntryPoint","urlTemplate":"https:\/\/blog.zeit.de\/zeit-der-leser\/?s={search_term_string}"},"query-input":"required name=search_term_string"}],"inLanguage":"de"},{"@type":"Person","@id":"https:\/\/blog.zeit.de\/zeit-der-leser\/#\/schema\/person\/583b14e5ad6368c23af846ecbde9f20f","name":"\"Zeit der Leser\"-Redaktion","image":{"@type":"ImageObject","inLanguage":"de","@id":"https:\/\/blog.zeit.de\/zeit-der-leser\/#\/schema\/person\/image\/","url":"https:\/\/secure.gravatar.com\/avatar\/e801a681bd3bbf2345131a815930b48d9f8e0a94de1346b624840dc850f67ad0?s=96&d=mm&r=g","contentUrl":"https:\/\/secure.gravatar.com\/avatar\/e801a681bd3bbf2345131a815930b48d9f8e0a94de1346b624840dc850f67ad0?s=96&d=mm&r=g","caption":"\"Zeit der Leser\"-Redaktion"},"url":"https:\/\/blog.zeit.de\/zeit-der-leser\/author\/zeit-der-leser-redaktion\/"}]}},"jetpack_featured_media_url":"","jetpack_sharing_enabled":true,"_links":{"self":[{"href":"https:\/\/blog.zeit.de\/zeit-der-leser\/wp-json\/wp\/v2\/posts\/12932","targetHints":{"allow":["GET"]}}],"collection":[{"href":"https:\/\/blog.zeit.de\/zeit-der-leser\/wp-json\/wp\/v2\/posts"}],"about":[{"href":"https:\/\/blog.zeit.de\/zeit-der-leser\/wp-json\/wp\/v2\/types\/post"}],"author":[{"embeddable":true,"href":"https:\/\/blog.zeit.de\/zeit-der-leser\/wp-json\/wp\/v2\/users\/265"}],"replies":[{"embeddable":true,"href":"https:\/\/blog.zeit.de\/zeit-der-leser\/wp-json\/wp\/v2\/comments?post=12932"}],"version-history":[{"count":4,"href":"https:\/\/blog.zeit.de\/zeit-der-leser\/wp-json\/wp\/v2\/posts\/12932\/revisions"}],"predecessor-version":[{"id":13058,"href":"https:\/\/blog.zeit.de\/zeit-der-leser\/wp-json\/wp\/v2\/posts\/12932\/revisions\/13058"}],"wp:attachment":[{"href":"https:\/\/blog.zeit.de\/zeit-der-leser\/wp-json\/wp\/v2\/media?parent=12932"}],"wp:term":[{"taxonomy":"category","embeddable":true,"href":"https:\/\/blog.zeit.de\/zeit-der-leser\/wp-json\/wp\/v2\/categories?post=12932"},{"taxonomy":"post_tag","embeddable":true,"href":"https:\/\/blog.zeit.de\/zeit-der-leser\/wp-json\/wp\/v2\/tags?post=12932"}],"curies":[{"name":"wp","href":"https:\/\/api.w.org\/{rel}","templated":true}]}}