{"id":1296,"date":"2010-06-01T12:19:35","date_gmt":"2010-06-01T10:19:35","guid":{"rendered":"http:\/\/blog.zeit.de\/zeit-der-leser\/?p=1296"},"modified":"2010-06-01T10:19:50","modified_gmt":"2010-06-01T08:19:50","slug":"das-regt-mich-auf-griechenlandschelte","status":"publish","type":"post","link":"https:\/\/blog.zeit.de\/zeit-der-leser\/2010\/06\/01\/das-regt-mich-auf-griechenlandschelte\/","title":{"rendered":"Das regt mich auf: Griechenlandschelte"},"content":{"rendered":"<p>Die Griechenlandschelte regt mich nicht auf. Ja, Land und Leute haben jahrelang \u00fcber ihre Verh\u00e4ltnisse gelebt. Nun haben sie die Quittung und m\u00fcssen b\u00fc\u00dfen. Aber es regt mich auf, in welcher Art viele deutsche Medien nun \u00fcber Griechenland berichten. Es regt mich auf, dass sie kein gutes Haar mehr an dem Land und seinen Menschen lassen. Es regt mich auf, dass einseitig und zum Teil falsch berichtet wird. Es regt mich auf, dass kaum dar\u00fcber berichtet wird, dass die Griechen seit der Einf\u00fchrung des Euro durch Konsum flei\u00dfig der deutschen Wirtschaft gen\u00fctzt haben. Es regt mich auf, wenn v\u00f6llig unerw\u00e4hnt bleibt, dass die deutsche R\u00fcstungsindustrie kr\u00e4ftig an Griechenland verdient hat. Es regt mich auf, dass es jetzt so aussieht, als k\u00f6nne man nicht mehr unbeschadet Urlaub in diesem sch\u00f6nen Land machen. Und u\u0308berhaupt regt mich die H\u00e4me und Borniertheit auf, die nun allseits \u00fcber Griechenland ausgesch\u00fcttet wird. Einst haben die Deutschen die Griechen wegen ihrer Gro\u00dfz\u00fcgigkeit und Lebensfreude geliebt.<br \/>\nHeute scheint man in Deutschland nur noch Verachtung fu\u0308r die Hellenen \u00fcbrigzuhaben. Das haben sie nicht verdient.<\/p>\n<p><em>Chris Hoffmann, Athen, lebt seit 40 Jahren in Griechenland<\/em><\/p>\n","protected":false},"excerpt":{"rendered":"<p>Die Griechenlandschelte regt mich nicht auf. Ja, Land und Leute haben jahrelang \u00fcber ihre Verh\u00e4ltnisse gelebt. Nun haben sie die Quittung und m\u00fcssen b\u00fc\u00dfen. Aber es regt mich auf, in welcher Art viele deutsche Medien nun \u00fcber Griechenland berichten. Es regt mich auf, dass sie kein gutes Haar mehr an dem Land und seinen Menschen [&hellip;]<\/p>\n","protected":false},"author":264,"featured_media":0,"comment_status":"open","ping_status":"open","sticky":false,"template":"","format":"standard","meta":{"_jetpack_memberships_contains_paid_content":false,"footnotes":""},"categories":[1869],"tags":[],"class_list":["post-1296","post","type-post","status-publish","format-standard","hentry","category-das-regt-mich-auf"],"yoast_head":"<!-- This site is optimized with the Yoast SEO plugin v21.0 - https:\/\/yoast.com\/wordpress\/plugins\/seo\/ -->\n<title>Das regt mich auf: Griechenlandschelte - ZEIT der Leser<\/title>\n<meta name=\"robots\" content=\"index, follow, max-snippet:-1, max-image-preview:large, max-video-preview:-1\" \/>\n<link rel=\"canonical\" href=\"https:\/\/blog.zeit.de\/zeit-der-leser\/2010\/06\/01\/das-regt-mich-auf-griechenlandschelte\/\" \/>\n<meta property=\"og:locale\" content=\"de_DE\" \/>\n<meta property=\"og:type\" content=\"article\" \/>\n<meta property=\"og:title\" content=\"Das regt mich auf: Griechenlandschelte - ZEIT der Leser\" \/>\n<meta property=\"og:description\" content=\"Die Griechenlandschelte regt mich nicht auf. Ja, Land und Leute haben jahrelang \u00fcber ihre Verh\u00e4ltnisse gelebt. Nun haben sie die Quittung und m\u00fcssen b\u00fc\u00dfen. Aber es regt mich auf, in welcher Art viele deutsche Medien nun \u00fcber Griechenland berichten. Es regt mich auf, dass sie kein gutes Haar mehr an dem Land und seinen Menschen [&hellip;]\" \/>\n<meta property=\"og:url\" content=\"https:\/\/blog.zeit.de\/zeit-der-leser\/2010\/06\/01\/das-regt-mich-auf-griechenlandschelte\/\" \/>\n<meta property=\"og:site_name\" content=\"ZEIT der Leser\" \/>\n<meta property=\"article:published_time\" content=\"2010-06-01T10:19:35+00:00\" \/>\n<meta property=\"article:modified_time\" content=\"2010-06-01T08:19:50+00:00\" \/>\n<meta name=\"author\" content=\"Zeit der Leser\" \/>\n<meta name=\"twitter:card\" content=\"summary_large_image\" \/>\n<meta name=\"twitter:label1\" content=\"Geschrieben von\" \/>\n\t<meta name=\"twitter:data1\" content=\"Zeit der Leser\" \/>\n\t<meta name=\"twitter:label2\" content=\"Gesch\u00e4tzte Lesezeit\" \/>\n\t<meta name=\"twitter:data2\" content=\"1\u00a0Minute\" \/>\n<script type=\"application\/ld+json\" class=\"yoast-schema-graph\">{\"@context\":\"https:\/\/schema.org\",\"@graph\":[{\"@type\":\"WebPage\",\"@id\":\"https:\/\/blog.zeit.de\/zeit-der-leser\/2010\/06\/01\/das-regt-mich-auf-griechenlandschelte\/\",\"url\":\"https:\/\/blog.zeit.de\/zeit-der-leser\/2010\/06\/01\/das-regt-mich-auf-griechenlandschelte\/\",\"name\":\"Das regt mich auf: Griechenlandschelte - ZEIT der Leser\",\"isPartOf\":{\"@id\":\"https:\/\/blog.zeit.de\/zeit-der-leser\/#website\"},\"datePublished\":\"2010-06-01T10:19:35+00:00\",\"dateModified\":\"2010-06-01T08:19:50+00:00\",\"author\":{\"@id\":\"https:\/\/blog.zeit.de\/zeit-der-leser\/#\/schema\/person\/e248c7ff5a10552f6a3bd5e9385b3667\"},\"breadcrumb\":{\"@id\":\"https:\/\/blog.zeit.de\/zeit-der-leser\/2010\/06\/01\/das-regt-mich-auf-griechenlandschelte\/#breadcrumb\"},\"inLanguage\":\"de\",\"potentialAction\":[{\"@type\":\"ReadAction\",\"target\":[\"https:\/\/blog.zeit.de\/zeit-der-leser\/2010\/06\/01\/das-regt-mich-auf-griechenlandschelte\/\"]}]},{\"@type\":\"BreadcrumbList\",\"@id\":\"https:\/\/blog.zeit.de\/zeit-der-leser\/2010\/06\/01\/das-regt-mich-auf-griechenlandschelte\/#breadcrumb\",\"itemListElement\":[{\"@type\":\"ListItem\",\"position\":1,\"name\":\"Startseite\",\"item\":\"https:\/\/blog.zeit.de\/zeit-der-leser\/\"},{\"@type\":\"ListItem\",\"position\":2,\"name\":\"Das regt mich auf: Griechenlandschelte\"}]},{\"@type\":\"WebSite\",\"@id\":\"https:\/\/blog.zeit.de\/zeit-der-leser\/#website\",\"url\":\"https:\/\/blog.zeit.de\/zeit-der-leser\/\",\"name\":\"ZEIT der Leser\",\"description\":\"Ein Blog mit Ihren Notizen, Gedichten und Bildern f\u00fcr die gedruckte ZEIT\",\"potentialAction\":[{\"@type\":\"SearchAction\",\"target\":{\"@type\":\"EntryPoint\",\"urlTemplate\":\"https:\/\/blog.zeit.de\/zeit-der-leser\/?s={search_term_string}\"},\"query-input\":\"required name=search_term_string\"}],\"inLanguage\":\"de\"},{\"@type\":\"Person\",\"@id\":\"https:\/\/blog.zeit.de\/zeit-der-leser\/#\/schema\/person\/e248c7ff5a10552f6a3bd5e9385b3667\",\"name\":\"Zeit der Leser\",\"image\":{\"@type\":\"ImageObject\",\"inLanguage\":\"de\",\"@id\":\"https:\/\/blog.zeit.de\/zeit-der-leser\/#\/schema\/person\/image\/\",\"url\":\"https:\/\/secure.gravatar.com\/avatar\/529bb2731085995bda6c8ba0e4da7e528ea8be4e6c7abdd217f176e2309035f6?s=96&d=mm&r=g\",\"contentUrl\":\"https:\/\/secure.gravatar.com\/avatar\/529bb2731085995bda6c8ba0e4da7e528ea8be4e6c7abdd217f176e2309035f6?s=96&d=mm&r=g\",\"caption\":\"Zeit der Leser\"},\"url\":\"https:\/\/blog.zeit.de\/zeit-der-leser\/author\/zeit-der-leser\/\"}]}<\/script>\n<!-- \/ Yoast SEO plugin. -->","yoast_head_json":{"title":"Das regt mich auf: Griechenlandschelte - ZEIT der Leser","robots":{"index":"index","follow":"follow","max-snippet":"max-snippet:-1","max-image-preview":"max-image-preview:large","max-video-preview":"max-video-preview:-1"},"canonical":"https:\/\/blog.zeit.de\/zeit-der-leser\/2010\/06\/01\/das-regt-mich-auf-griechenlandschelte\/","og_locale":"de_DE","og_type":"article","og_title":"Das regt mich auf: Griechenlandschelte - ZEIT der Leser","og_description":"Die Griechenlandschelte regt mich nicht auf. Ja, Land und Leute haben jahrelang \u00fcber ihre Verh\u00e4ltnisse gelebt. Nun haben sie die Quittung und m\u00fcssen b\u00fc\u00dfen. Aber es regt mich auf, in welcher Art viele deutsche Medien nun \u00fcber Griechenland berichten. Es regt mich auf, dass sie kein gutes Haar mehr an dem Land und seinen Menschen [&hellip;]","og_url":"https:\/\/blog.zeit.de\/zeit-der-leser\/2010\/06\/01\/das-regt-mich-auf-griechenlandschelte\/","og_site_name":"ZEIT der Leser","article_published_time":"2010-06-01T10:19:35+00:00","article_modified_time":"2010-06-01T08:19:50+00:00","author":"Zeit der Leser","twitter_card":"summary_large_image","twitter_misc":{"Geschrieben von":"Zeit der Leser","Gesch\u00e4tzte Lesezeit":"1\u00a0Minute"},"schema":{"@context":"https:\/\/schema.org","@graph":[{"@type":"WebPage","@id":"https:\/\/blog.zeit.de\/zeit-der-leser\/2010\/06\/01\/das-regt-mich-auf-griechenlandschelte\/","url":"https:\/\/blog.zeit.de\/zeit-der-leser\/2010\/06\/01\/das-regt-mich-auf-griechenlandschelte\/","name":"Das regt mich auf: Griechenlandschelte - ZEIT der Leser","isPartOf":{"@id":"https:\/\/blog.zeit.de\/zeit-der-leser\/#website"},"datePublished":"2010-06-01T10:19:35+00:00","dateModified":"2010-06-01T08:19:50+00:00","author":{"@id":"https:\/\/blog.zeit.de\/zeit-der-leser\/#\/schema\/person\/e248c7ff5a10552f6a3bd5e9385b3667"},"breadcrumb":{"@id":"https:\/\/blog.zeit.de\/zeit-der-leser\/2010\/06\/01\/das-regt-mich-auf-griechenlandschelte\/#breadcrumb"},"inLanguage":"de","potentialAction":[{"@type":"ReadAction","target":["https:\/\/blog.zeit.de\/zeit-der-leser\/2010\/06\/01\/das-regt-mich-auf-griechenlandschelte\/"]}]},{"@type":"BreadcrumbList","@id":"https:\/\/blog.zeit.de\/zeit-der-leser\/2010\/06\/01\/das-regt-mich-auf-griechenlandschelte\/#breadcrumb","itemListElement":[{"@type":"ListItem","position":1,"name":"Startseite","item":"https:\/\/blog.zeit.de\/zeit-der-leser\/"},{"@type":"ListItem","position":2,"name":"Das regt mich auf: Griechenlandschelte"}]},{"@type":"WebSite","@id":"https:\/\/blog.zeit.de\/zeit-der-leser\/#website","url":"https:\/\/blog.zeit.de\/zeit-der-leser\/","name":"ZEIT der Leser","description":"Ein Blog mit Ihren Notizen, Gedichten und Bildern f\u00fcr die gedruckte ZEIT","potentialAction":[{"@type":"SearchAction","target":{"@type":"EntryPoint","urlTemplate":"https:\/\/blog.zeit.de\/zeit-der-leser\/?s={search_term_string}"},"query-input":"required name=search_term_string"}],"inLanguage":"de"},{"@type":"Person","@id":"https:\/\/blog.zeit.de\/zeit-der-leser\/#\/schema\/person\/e248c7ff5a10552f6a3bd5e9385b3667","name":"Zeit der Leser","image":{"@type":"ImageObject","inLanguage":"de","@id":"https:\/\/blog.zeit.de\/zeit-der-leser\/#\/schema\/person\/image\/","url":"https:\/\/secure.gravatar.com\/avatar\/529bb2731085995bda6c8ba0e4da7e528ea8be4e6c7abdd217f176e2309035f6?s=96&d=mm&r=g","contentUrl":"https:\/\/secure.gravatar.com\/avatar\/529bb2731085995bda6c8ba0e4da7e528ea8be4e6c7abdd217f176e2309035f6?s=96&d=mm&r=g","caption":"Zeit der Leser"},"url":"https:\/\/blog.zeit.de\/zeit-der-leser\/author\/zeit-der-leser\/"}]}},"jetpack_featured_media_url":"","jetpack_sharing_enabled":true,"_links":{"self":[{"href":"https:\/\/blog.zeit.de\/zeit-der-leser\/wp-json\/wp\/v2\/posts\/1296","targetHints":{"allow":["GET"]}}],"collection":[{"href":"https:\/\/blog.zeit.de\/zeit-der-leser\/wp-json\/wp\/v2\/posts"}],"about":[{"href":"https:\/\/blog.zeit.de\/zeit-der-leser\/wp-json\/wp\/v2\/types\/post"}],"author":[{"embeddable":true,"href":"https:\/\/blog.zeit.de\/zeit-der-leser\/wp-json\/wp\/v2\/users\/264"}],"replies":[{"embeddable":true,"href":"https:\/\/blog.zeit.de\/zeit-der-leser\/wp-json\/wp\/v2\/comments?post=1296"}],"version-history":[{"count":0,"href":"https:\/\/blog.zeit.de\/zeit-der-leser\/wp-json\/wp\/v2\/posts\/1296\/revisions"}],"wp:attachment":[{"href":"https:\/\/blog.zeit.de\/zeit-der-leser\/wp-json\/wp\/v2\/media?parent=1296"}],"wp:term":[{"taxonomy":"category","embeddable":true,"href":"https:\/\/blog.zeit.de\/zeit-der-leser\/wp-json\/wp\/v2\/categories?post=1296"},{"taxonomy":"post_tag","embeddable":true,"href":"https:\/\/blog.zeit.de\/zeit-der-leser\/wp-json\/wp\/v2\/tags?post=1296"}],"curies":[{"name":"wp","href":"https:\/\/api.w.org\/{rel}","templated":true}]}}