{"id":12988,"date":"2013-04-05T11:00:33","date_gmt":"2013-04-05T09:00:33","guid":{"rendered":"http:\/\/blog.zeit.de\/zeit-der-leser\/?p=12988"},"modified":"2013-04-05T11:00:53","modified_gmt":"2013-04-05T09:00:53","slug":"zeitsprung-der-garten-des-malers","status":"publish","type":"post","link":"https:\/\/blog.zeit.de\/zeit-der-leser\/2013\/04\/05\/zeitsprung-der-garten-des-malers\/","title":{"rendered":"Zeitsprung: Der Garten des Malers"},"content":{"rendered":"<p><a href=\"https:\/\/blog.zeit.de\/zeit-der-leser\/2013\/04\/05\/zeitsprung-der-garten-des-malers\/s78-zeitsprung-1992\/\" rel=\"attachment wp-att-13030\"><img loading=\"lazy\" decoding=\"async\" src=\"https:\/\/blog.zeit.de\/zeit-der-leser\/files\/2013\/04\/s78-zeitsprung-1992.jpg\" alt=\"s78-zeitsprung-1992\" width=\"580\" height=\"750\" class=\"alignnone size-full wp-image-13030\" srcset=\"https:\/\/blog.zeit.de\/zeit-der-leser\/files\/2013\/04\/s78-zeitsprung-1992.jpg 580w, https:\/\/blog.zeit.de\/zeit-der-leser\/files\/2013\/04\/s78-zeitsprung-1992-232x300.jpg 232w\" sizes=\"auto, (max-width: 580px) 100vw, 580px\" \/><\/a><\/p>\n<p><a href=\"https:\/\/blog.zeit.de\/zeit-der-leser\/2013\/04\/05\/zeitsprung-der-garten-des-malers\/s78-zeitsprung-2012\/\" rel=\"attachment wp-att-13031\"><img loading=\"lazy\" decoding=\"async\" src=\"https:\/\/blog.zeit.de\/zeit-der-leser\/files\/2013\/04\/s78-zeitsprung-2012.jpg\" alt=\"s78-zeitsprung-2012\" width=\"580\" height=\"750\" class=\"alignnone size-full wp-image-13031\" srcset=\"https:\/\/blog.zeit.de\/zeit-der-leser\/files\/2013\/04\/s78-zeitsprung-2012.jpg 580w, https:\/\/blog.zeit.de\/zeit-der-leser\/files\/2013\/04\/s78-zeitsprung-2012-232x300.jpg 232w\" sizes=\"auto, (max-width: 580px) 100vw, 580px\" \/><\/a><\/p>\n<p>Mein Gro\u00dfvater war Maler, und meiner Mutter war sehr daran gelegen, uns Kinder f\u00fcr Kunst zu begeistern. Deshalb las sie mit mir das Kinderbuch <em>Linnea im Garten des Malers<\/em>. Es erz\u00e4hlt von einem Besuch in Claude Monets Garten in Giverny, wo seine ber\u00fchmten Seerosenbilder entstanden. Meine Mutter erm\u00f6glichte es mir, wie Linnea auf Spurensuche zu gehen. Das Bild links zeigt mich 1992 als kleinen Jungen in Giverny. 20 Jahre sp\u00e4ter bin ich (rechts) auf Hochzeitsreise mit meiner Frau zur\u00fcckgekehrt. Mit Bedauern stellte ich fest, dass aus dem Geheimtipp offenbar ein touristisches Highlight geworden ist. Monets ehemaliges Atelier dient als Souvenirshop. Darin gibt es zwar das Kinderbuch zu kaufen. Aber die Ruhe, mit der ich einst auf Entdeckungsreise ging, werden meine Kinder wohl nicht mehr erleben.<\/p>\n<p><strong>Matthias F\u00fcrstenberger<\/strong>, Augsburg<\/p>\n","protected":false},"excerpt":{"rendered":"<p>Mein Gro\u00dfvater war Maler, und meiner Mutter war sehr daran gelegen, uns Kinder f\u00fcr Kunst zu begeistern. Deshalb las sie mit mir das Kinderbuch Linnea im Garten des Malers. Es erz\u00e4hlt von einem Besuch in Claude Monets Garten in Giverny, wo seine ber\u00fchmten Seerosenbilder entstanden. Meine Mutter erm\u00f6glichte es mir, wie Linnea auf Spurensuche zu [&hellip;]<\/p>\n","protected":false},"author":265,"featured_media":0,"comment_status":"open","ping_status":"open","sticky":false,"template":"","format":"standard","meta":{"_jetpack_memberships_contains_paid_content":false,"footnotes":""},"categories":[1878],"tags":[],"class_list":["post-12988","post","type-post","status-publish","format-standard","hentry","category-zeitsprung"],"yoast_head":"<!-- This site is optimized with the Yoast SEO plugin v21.0 - https:\/\/yoast.com\/wordpress\/plugins\/seo\/ -->\n<title>Zeitsprung: Der Garten des Malers - ZEIT der Leser<\/title>\n<meta name=\"robots\" content=\"index, follow, max-snippet:-1, max-image-preview:large, max-video-preview:-1\" \/>\n<link rel=\"canonical\" href=\"https:\/\/blog.zeit.de\/zeit-der-leser\/2013\/04\/05\/zeitsprung-der-garten-des-malers\/\" \/>\n<meta property=\"og:locale\" content=\"de_DE\" \/>\n<meta property=\"og:type\" content=\"article\" \/>\n<meta property=\"og:title\" content=\"Zeitsprung: Der Garten des Malers - ZEIT der Leser\" \/>\n<meta property=\"og:description\" content=\"Mein Gro\u00dfvater war Maler, und meiner Mutter war sehr daran gelegen, uns Kinder f\u00fcr Kunst zu begeistern. Deshalb las sie mit mir das Kinderbuch Linnea im Garten des Malers. Es erz\u00e4hlt von einem Besuch in Claude Monets Garten in Giverny, wo seine ber\u00fchmten Seerosenbilder entstanden. Meine Mutter erm\u00f6glichte es mir, wie Linnea auf Spurensuche zu [&hellip;]\" \/>\n<meta property=\"og:url\" content=\"https:\/\/blog.zeit.de\/zeit-der-leser\/2013\/04\/05\/zeitsprung-der-garten-des-malers\/\" \/>\n<meta property=\"og:site_name\" content=\"ZEIT der Leser\" \/>\n<meta property=\"article:published_time\" content=\"2013-04-05T09:00:33+00:00\" \/>\n<meta property=\"article:modified_time\" content=\"2013-04-05T09:00:53+00:00\" \/>\n<meta property=\"og:image\" content=\"https:\/\/blog.zeit.de\/zeit-der-leser\/files\/2013\/04\/s78-zeitsprung-1992.jpg\" \/>\n<meta name=\"author\" content=\"&quot;Zeit der Leser&quot;-Redaktion\" \/>\n<meta name=\"twitter:card\" content=\"summary_large_image\" \/>\n<meta name=\"twitter:label1\" content=\"Geschrieben von\" \/>\n\t<meta name=\"twitter:data1\" content=\"\"Zeit der Leser\"-Redaktion\" \/>\n\t<meta name=\"twitter:label2\" content=\"Gesch\u00e4tzte Lesezeit\" \/>\n\t<meta name=\"twitter:data2\" content=\"1\u00a0Minute\" \/>\n<script type=\"application\/ld+json\" class=\"yoast-schema-graph\">{\"@context\":\"https:\/\/schema.org\",\"@graph\":[{\"@type\":\"WebPage\",\"@id\":\"https:\/\/blog.zeit.de\/zeit-der-leser\/2013\/04\/05\/zeitsprung-der-garten-des-malers\/\",\"url\":\"https:\/\/blog.zeit.de\/zeit-der-leser\/2013\/04\/05\/zeitsprung-der-garten-des-malers\/\",\"name\":\"Zeitsprung: Der Garten des Malers - ZEIT der Leser\",\"isPartOf\":{\"@id\":\"https:\/\/blog.zeit.de\/zeit-der-leser\/#website\"},\"datePublished\":\"2013-04-05T09:00:33+00:00\",\"dateModified\":\"2013-04-05T09:00:53+00:00\",\"author\":{\"@id\":\"https:\/\/blog.zeit.de\/zeit-der-leser\/#\/schema\/person\/583b14e5ad6368c23af846ecbde9f20f\"},\"breadcrumb\":{\"@id\":\"https:\/\/blog.zeit.de\/zeit-der-leser\/2013\/04\/05\/zeitsprung-der-garten-des-malers\/#breadcrumb\"},\"inLanguage\":\"de\",\"potentialAction\":[{\"@type\":\"ReadAction\",\"target\":[\"https:\/\/blog.zeit.de\/zeit-der-leser\/2013\/04\/05\/zeitsprung-der-garten-des-malers\/\"]}]},{\"@type\":\"BreadcrumbList\",\"@id\":\"https:\/\/blog.zeit.de\/zeit-der-leser\/2013\/04\/05\/zeitsprung-der-garten-des-malers\/#breadcrumb\",\"itemListElement\":[{\"@type\":\"ListItem\",\"position\":1,\"name\":\"Startseite\",\"item\":\"https:\/\/blog.zeit.de\/zeit-der-leser\/\"},{\"@type\":\"ListItem\",\"position\":2,\"name\":\"Zeitsprung: Der Garten des Malers\"}]},{\"@type\":\"WebSite\",\"@id\":\"https:\/\/blog.zeit.de\/zeit-der-leser\/#website\",\"url\":\"https:\/\/blog.zeit.de\/zeit-der-leser\/\",\"name\":\"ZEIT der Leser\",\"description\":\"Ein Blog mit Ihren Notizen, Gedichten und Bildern f\u00fcr die gedruckte ZEIT\",\"potentialAction\":[{\"@type\":\"SearchAction\",\"target\":{\"@type\":\"EntryPoint\",\"urlTemplate\":\"https:\/\/blog.zeit.de\/zeit-der-leser\/?s={search_term_string}\"},\"query-input\":\"required name=search_term_string\"}],\"inLanguage\":\"de\"},{\"@type\":\"Person\",\"@id\":\"https:\/\/blog.zeit.de\/zeit-der-leser\/#\/schema\/person\/583b14e5ad6368c23af846ecbde9f20f\",\"name\":\"\\\"Zeit der Leser\\\"-Redaktion\",\"image\":{\"@type\":\"ImageObject\",\"inLanguage\":\"de\",\"@id\":\"https:\/\/blog.zeit.de\/zeit-der-leser\/#\/schema\/person\/image\/\",\"url\":\"https:\/\/secure.gravatar.com\/avatar\/e801a681bd3bbf2345131a815930b48d9f8e0a94de1346b624840dc850f67ad0?s=96&d=mm&r=g\",\"contentUrl\":\"https:\/\/secure.gravatar.com\/avatar\/e801a681bd3bbf2345131a815930b48d9f8e0a94de1346b624840dc850f67ad0?s=96&d=mm&r=g\",\"caption\":\"\\\"Zeit der Leser\\\"-Redaktion\"},\"url\":\"https:\/\/blog.zeit.de\/zeit-der-leser\/author\/zeit-der-leser-redaktion\/\"}]}<\/script>\n<!-- \/ Yoast SEO plugin. -->","yoast_head_json":{"title":"Zeitsprung: Der Garten des Malers - ZEIT der Leser","robots":{"index":"index","follow":"follow","max-snippet":"max-snippet:-1","max-image-preview":"max-image-preview:large","max-video-preview":"max-video-preview:-1"},"canonical":"https:\/\/blog.zeit.de\/zeit-der-leser\/2013\/04\/05\/zeitsprung-der-garten-des-malers\/","og_locale":"de_DE","og_type":"article","og_title":"Zeitsprung: Der Garten des Malers - ZEIT der Leser","og_description":"Mein Gro\u00dfvater war Maler, und meiner Mutter war sehr daran gelegen, uns Kinder f\u00fcr Kunst zu begeistern. Deshalb las sie mit mir das Kinderbuch Linnea im Garten des Malers. Es erz\u00e4hlt von einem Besuch in Claude Monets Garten in Giverny, wo seine ber\u00fchmten Seerosenbilder entstanden. Meine Mutter erm\u00f6glichte es mir, wie Linnea auf Spurensuche zu [&hellip;]","og_url":"https:\/\/blog.zeit.de\/zeit-der-leser\/2013\/04\/05\/zeitsprung-der-garten-des-malers\/","og_site_name":"ZEIT der Leser","article_published_time":"2013-04-05T09:00:33+00:00","article_modified_time":"2013-04-05T09:00:53+00:00","og_image":[{"url":"https:\/\/blog.zeit.de\/zeit-der-leser\/files\/2013\/04\/s78-zeitsprung-1992.jpg"}],"author":"\"Zeit der Leser\"-Redaktion","twitter_card":"summary_large_image","twitter_misc":{"Geschrieben von":"\"Zeit der Leser\"-Redaktion","Gesch\u00e4tzte Lesezeit":"1\u00a0Minute"},"schema":{"@context":"https:\/\/schema.org","@graph":[{"@type":"WebPage","@id":"https:\/\/blog.zeit.de\/zeit-der-leser\/2013\/04\/05\/zeitsprung-der-garten-des-malers\/","url":"https:\/\/blog.zeit.de\/zeit-der-leser\/2013\/04\/05\/zeitsprung-der-garten-des-malers\/","name":"Zeitsprung: Der Garten des Malers - ZEIT der Leser","isPartOf":{"@id":"https:\/\/blog.zeit.de\/zeit-der-leser\/#website"},"datePublished":"2013-04-05T09:00:33+00:00","dateModified":"2013-04-05T09:00:53+00:00","author":{"@id":"https:\/\/blog.zeit.de\/zeit-der-leser\/#\/schema\/person\/583b14e5ad6368c23af846ecbde9f20f"},"breadcrumb":{"@id":"https:\/\/blog.zeit.de\/zeit-der-leser\/2013\/04\/05\/zeitsprung-der-garten-des-malers\/#breadcrumb"},"inLanguage":"de","potentialAction":[{"@type":"ReadAction","target":["https:\/\/blog.zeit.de\/zeit-der-leser\/2013\/04\/05\/zeitsprung-der-garten-des-malers\/"]}]},{"@type":"BreadcrumbList","@id":"https:\/\/blog.zeit.de\/zeit-der-leser\/2013\/04\/05\/zeitsprung-der-garten-des-malers\/#breadcrumb","itemListElement":[{"@type":"ListItem","position":1,"name":"Startseite","item":"https:\/\/blog.zeit.de\/zeit-der-leser\/"},{"@type":"ListItem","position":2,"name":"Zeitsprung: Der Garten des Malers"}]},{"@type":"WebSite","@id":"https:\/\/blog.zeit.de\/zeit-der-leser\/#website","url":"https:\/\/blog.zeit.de\/zeit-der-leser\/","name":"ZEIT der Leser","description":"Ein Blog mit Ihren Notizen, Gedichten und Bildern f\u00fcr die gedruckte ZEIT","potentialAction":[{"@type":"SearchAction","target":{"@type":"EntryPoint","urlTemplate":"https:\/\/blog.zeit.de\/zeit-der-leser\/?s={search_term_string}"},"query-input":"required name=search_term_string"}],"inLanguage":"de"},{"@type":"Person","@id":"https:\/\/blog.zeit.de\/zeit-der-leser\/#\/schema\/person\/583b14e5ad6368c23af846ecbde9f20f","name":"\"Zeit der Leser\"-Redaktion","image":{"@type":"ImageObject","inLanguage":"de","@id":"https:\/\/blog.zeit.de\/zeit-der-leser\/#\/schema\/person\/image\/","url":"https:\/\/secure.gravatar.com\/avatar\/e801a681bd3bbf2345131a815930b48d9f8e0a94de1346b624840dc850f67ad0?s=96&d=mm&r=g","contentUrl":"https:\/\/secure.gravatar.com\/avatar\/e801a681bd3bbf2345131a815930b48d9f8e0a94de1346b624840dc850f67ad0?s=96&d=mm&r=g","caption":"\"Zeit der Leser\"-Redaktion"},"url":"https:\/\/blog.zeit.de\/zeit-der-leser\/author\/zeit-der-leser-redaktion\/"}]}},"jetpack_featured_media_url":"","jetpack_sharing_enabled":true,"_links":{"self":[{"href":"https:\/\/blog.zeit.de\/zeit-der-leser\/wp-json\/wp\/v2\/posts\/12988","targetHints":{"allow":["GET"]}}],"collection":[{"href":"https:\/\/blog.zeit.de\/zeit-der-leser\/wp-json\/wp\/v2\/posts"}],"about":[{"href":"https:\/\/blog.zeit.de\/zeit-der-leser\/wp-json\/wp\/v2\/types\/post"}],"author":[{"embeddable":true,"href":"https:\/\/blog.zeit.de\/zeit-der-leser\/wp-json\/wp\/v2\/users\/265"}],"replies":[{"embeddable":true,"href":"https:\/\/blog.zeit.de\/zeit-der-leser\/wp-json\/wp\/v2\/comments?post=12988"}],"version-history":[{"count":5,"href":"https:\/\/blog.zeit.de\/zeit-der-leser\/wp-json\/wp\/v2\/posts\/12988\/revisions"}],"predecessor-version":[{"id":13070,"href":"https:\/\/blog.zeit.de\/zeit-der-leser\/wp-json\/wp\/v2\/posts\/12988\/revisions\/13070"}],"wp:attachment":[{"href":"https:\/\/blog.zeit.de\/zeit-der-leser\/wp-json\/wp\/v2\/media?parent=12988"}],"wp:term":[{"taxonomy":"category","embeddable":true,"href":"https:\/\/blog.zeit.de\/zeit-der-leser\/wp-json\/wp\/v2\/categories?post=12988"},{"taxonomy":"post_tag","embeddable":true,"href":"https:\/\/blog.zeit.de\/zeit-der-leser\/wp-json\/wp\/v2\/tags?post=12988"}],"curies":[{"name":"wp","href":"https:\/\/api.w.org\/{rel}","templated":true}]}}