{"id":12992,"date":"2013-04-06T11:00:37","date_gmt":"2013-04-06T09:00:37","guid":{"rendered":"http:\/\/blog.zeit.de\/zeit-der-leser\/?p=12992"},"modified":"2015-02-20T14:48:34","modified_gmt":"2015-02-20T13:48:34","slug":"mein-wort-schatz-gackel-demmeln","status":"publish","type":"post","link":"https:\/\/blog.zeit.de\/zeit-der-leser\/2013\/04\/06\/mein-wort-schatz-gackel-demmeln\/","title":{"rendered":"Gackel und Demmeln: Mein Wort-Schatz"},"content":{"rendered":"<p>Ich bin nach dem Krieg in Th\u00fcringen gro\u00df geworden. Wenn wir Kinder ein wenig Bl\u00f6dsinn machten, kam die Ermahnung \u00bbMach keinen <strong>Gackel<\/strong>\u00ab oder \u00bbGackel nicht so\u00ab. Verteilte man dagegen Fu\u00dftritte, dann hie\u00df es: \u00bbDu sollst mich nicht <strong>demmeln<\/strong>\u00ab. Ich habe diese W\u00f6rter sp\u00e4ter nie wieder geh\u00f6rt, schon gar nicht im Schw\u00e4bischen, wo ich seit \u00fcber f\u00fcnf Jahrzehnten lebe.<\/p>\n<p><strong>Wolfgang Teubner<\/strong>, Herrenberg<\/p>\n","protected":false},"excerpt":{"rendered":"<p>Ich bin nach dem Krieg in Th\u00fcringen gro\u00df geworden. Wenn wir Kinder ein wenig Bl\u00f6dsinn machten, kam die Ermahnung \u00bbMach keinen Gackel\u00ab oder \u00bbGackel nicht so\u00ab. Verteilte man dagegen Fu\u00dftritte, dann hie\u00df es: \u00bbDu sollst mich nicht demmeln\u00ab. Ich habe diese W\u00f6rter sp\u00e4ter nie wieder geh\u00f6rt, schon gar nicht im Schw\u00e4bischen, wo ich seit \u00fcber [&hellip;]<\/p>\n","protected":false},"author":265,"featured_media":0,"comment_status":"open","ping_status":"open","sticky":false,"template":"","format":"standard","meta":{"_jetpack_memberships_contains_paid_content":false,"footnotes":""},"categories":[5687],"tags":[],"class_list":["post-12992","post","type-post","status-publish","format-standard","hentry","category-mein-wort-schatz"],"yoast_head":"<!-- This site is optimized with the Yoast SEO plugin v21.0 - https:\/\/yoast.com\/wordpress\/plugins\/seo\/ -->\n<title>Gackel und Demmeln: Mein Wort-Schatz - ZEIT der Leser<\/title>\n<meta name=\"robots\" content=\"index, follow, max-snippet:-1, max-image-preview:large, max-video-preview:-1\" \/>\n<link rel=\"canonical\" href=\"https:\/\/blog.zeit.de\/zeit-der-leser\/2013\/04\/06\/mein-wort-schatz-gackel-demmeln\/\" \/>\n<meta property=\"og:locale\" content=\"de_DE\" \/>\n<meta property=\"og:type\" content=\"article\" \/>\n<meta property=\"og:title\" content=\"Gackel und Demmeln: Mein Wort-Schatz - ZEIT der Leser\" \/>\n<meta property=\"og:description\" content=\"Ich bin nach dem Krieg in Th\u00fcringen gro\u00df geworden. Wenn wir Kinder ein wenig Bl\u00f6dsinn machten, kam die Ermahnung \u00bbMach keinen Gackel\u00ab oder \u00bbGackel nicht so\u00ab. Verteilte man dagegen Fu\u00dftritte, dann hie\u00df es: \u00bbDu sollst mich nicht demmeln\u00ab. Ich habe diese W\u00f6rter sp\u00e4ter nie wieder geh\u00f6rt, schon gar nicht im Schw\u00e4bischen, wo ich seit \u00fcber [&hellip;]\" \/>\n<meta property=\"og:url\" content=\"https:\/\/blog.zeit.de\/zeit-der-leser\/2013\/04\/06\/mein-wort-schatz-gackel-demmeln\/\" \/>\n<meta property=\"og:site_name\" content=\"ZEIT der Leser\" \/>\n<meta property=\"article:published_time\" content=\"2013-04-06T09:00:37+00:00\" \/>\n<meta property=\"article:modified_time\" content=\"2015-02-20T13:48:34+00:00\" \/>\n<meta name=\"author\" content=\"&quot;Zeit der Leser&quot;-Redaktion\" \/>\n<meta name=\"twitter:card\" content=\"summary_large_image\" \/>\n<meta name=\"twitter:label1\" content=\"Geschrieben von\" \/>\n\t<meta name=\"twitter:data1\" content=\"\"Zeit der Leser\"-Redaktion\" \/>\n<script type=\"application\/ld+json\" class=\"yoast-schema-graph\">{\"@context\":\"https:\/\/schema.org\",\"@graph\":[{\"@type\":\"WebPage\",\"@id\":\"https:\/\/blog.zeit.de\/zeit-der-leser\/2013\/04\/06\/mein-wort-schatz-gackel-demmeln\/\",\"url\":\"https:\/\/blog.zeit.de\/zeit-der-leser\/2013\/04\/06\/mein-wort-schatz-gackel-demmeln\/\",\"name\":\"Gackel und Demmeln: Mein Wort-Schatz - ZEIT der Leser\",\"isPartOf\":{\"@id\":\"https:\/\/blog.zeit.de\/zeit-der-leser\/#website\"},\"datePublished\":\"2013-04-06T09:00:37+00:00\",\"dateModified\":\"2015-02-20T13:48:34+00:00\",\"author\":{\"@id\":\"https:\/\/blog.zeit.de\/zeit-der-leser\/#\/schema\/person\/583b14e5ad6368c23af846ecbde9f20f\"},\"breadcrumb\":{\"@id\":\"https:\/\/blog.zeit.de\/zeit-der-leser\/2013\/04\/06\/mein-wort-schatz-gackel-demmeln\/#breadcrumb\"},\"inLanguage\":\"de\",\"potentialAction\":[{\"@type\":\"ReadAction\",\"target\":[\"https:\/\/blog.zeit.de\/zeit-der-leser\/2013\/04\/06\/mein-wort-schatz-gackel-demmeln\/\"]}]},{\"@type\":\"BreadcrumbList\",\"@id\":\"https:\/\/blog.zeit.de\/zeit-der-leser\/2013\/04\/06\/mein-wort-schatz-gackel-demmeln\/#breadcrumb\",\"itemListElement\":[{\"@type\":\"ListItem\",\"position\":1,\"name\":\"Startseite\",\"item\":\"https:\/\/blog.zeit.de\/zeit-der-leser\/\"},{\"@type\":\"ListItem\",\"position\":2,\"name\":\"Gackel und Demmeln: Mein Wort-Schatz\"}]},{\"@type\":\"WebSite\",\"@id\":\"https:\/\/blog.zeit.de\/zeit-der-leser\/#website\",\"url\":\"https:\/\/blog.zeit.de\/zeit-der-leser\/\",\"name\":\"ZEIT der Leser\",\"description\":\"Ein Blog mit Ihren Notizen, Gedichten und Bildern f\u00fcr die gedruckte ZEIT\",\"potentialAction\":[{\"@type\":\"SearchAction\",\"target\":{\"@type\":\"EntryPoint\",\"urlTemplate\":\"https:\/\/blog.zeit.de\/zeit-der-leser\/?s={search_term_string}\"},\"query-input\":\"required name=search_term_string\"}],\"inLanguage\":\"de\"},{\"@type\":\"Person\",\"@id\":\"https:\/\/blog.zeit.de\/zeit-der-leser\/#\/schema\/person\/583b14e5ad6368c23af846ecbde9f20f\",\"name\":\"\\\"Zeit der Leser\\\"-Redaktion\",\"image\":{\"@type\":\"ImageObject\",\"inLanguage\":\"de\",\"@id\":\"https:\/\/blog.zeit.de\/zeit-der-leser\/#\/schema\/person\/image\/\",\"url\":\"https:\/\/secure.gravatar.com\/avatar\/e801a681bd3bbf2345131a815930b48d9f8e0a94de1346b624840dc850f67ad0?s=96&d=mm&r=g\",\"contentUrl\":\"https:\/\/secure.gravatar.com\/avatar\/e801a681bd3bbf2345131a815930b48d9f8e0a94de1346b624840dc850f67ad0?s=96&d=mm&r=g\",\"caption\":\"\\\"Zeit der Leser\\\"-Redaktion\"},\"url\":\"https:\/\/blog.zeit.de\/zeit-der-leser\/author\/zeit-der-leser-redaktion\/\"}]}<\/script>\n<!-- \/ Yoast SEO plugin. -->","yoast_head_json":{"title":"Gackel und Demmeln: Mein Wort-Schatz - ZEIT der Leser","robots":{"index":"index","follow":"follow","max-snippet":"max-snippet:-1","max-image-preview":"max-image-preview:large","max-video-preview":"max-video-preview:-1"},"canonical":"https:\/\/blog.zeit.de\/zeit-der-leser\/2013\/04\/06\/mein-wort-schatz-gackel-demmeln\/","og_locale":"de_DE","og_type":"article","og_title":"Gackel und Demmeln: Mein Wort-Schatz - ZEIT der Leser","og_description":"Ich bin nach dem Krieg in Th\u00fcringen gro\u00df geworden. Wenn wir Kinder ein wenig Bl\u00f6dsinn machten, kam die Ermahnung \u00bbMach keinen Gackel\u00ab oder \u00bbGackel nicht so\u00ab. Verteilte man dagegen Fu\u00dftritte, dann hie\u00df es: \u00bbDu sollst mich nicht demmeln\u00ab. Ich habe diese W\u00f6rter sp\u00e4ter nie wieder geh\u00f6rt, schon gar nicht im Schw\u00e4bischen, wo ich seit \u00fcber [&hellip;]","og_url":"https:\/\/blog.zeit.de\/zeit-der-leser\/2013\/04\/06\/mein-wort-schatz-gackel-demmeln\/","og_site_name":"ZEIT der Leser","article_published_time":"2013-04-06T09:00:37+00:00","article_modified_time":"2015-02-20T13:48:34+00:00","author":"\"Zeit der Leser\"-Redaktion","twitter_card":"summary_large_image","twitter_misc":{"Geschrieben von":"\"Zeit der Leser\"-Redaktion"},"schema":{"@context":"https:\/\/schema.org","@graph":[{"@type":"WebPage","@id":"https:\/\/blog.zeit.de\/zeit-der-leser\/2013\/04\/06\/mein-wort-schatz-gackel-demmeln\/","url":"https:\/\/blog.zeit.de\/zeit-der-leser\/2013\/04\/06\/mein-wort-schatz-gackel-demmeln\/","name":"Gackel und Demmeln: Mein Wort-Schatz - ZEIT der Leser","isPartOf":{"@id":"https:\/\/blog.zeit.de\/zeit-der-leser\/#website"},"datePublished":"2013-04-06T09:00:37+00:00","dateModified":"2015-02-20T13:48:34+00:00","author":{"@id":"https:\/\/blog.zeit.de\/zeit-der-leser\/#\/schema\/person\/583b14e5ad6368c23af846ecbde9f20f"},"breadcrumb":{"@id":"https:\/\/blog.zeit.de\/zeit-der-leser\/2013\/04\/06\/mein-wort-schatz-gackel-demmeln\/#breadcrumb"},"inLanguage":"de","potentialAction":[{"@type":"ReadAction","target":["https:\/\/blog.zeit.de\/zeit-der-leser\/2013\/04\/06\/mein-wort-schatz-gackel-demmeln\/"]}]},{"@type":"BreadcrumbList","@id":"https:\/\/blog.zeit.de\/zeit-der-leser\/2013\/04\/06\/mein-wort-schatz-gackel-demmeln\/#breadcrumb","itemListElement":[{"@type":"ListItem","position":1,"name":"Startseite","item":"https:\/\/blog.zeit.de\/zeit-der-leser\/"},{"@type":"ListItem","position":2,"name":"Gackel und Demmeln: Mein Wort-Schatz"}]},{"@type":"WebSite","@id":"https:\/\/blog.zeit.de\/zeit-der-leser\/#website","url":"https:\/\/blog.zeit.de\/zeit-der-leser\/","name":"ZEIT der Leser","description":"Ein Blog mit Ihren Notizen, Gedichten und Bildern f\u00fcr die gedruckte ZEIT","potentialAction":[{"@type":"SearchAction","target":{"@type":"EntryPoint","urlTemplate":"https:\/\/blog.zeit.de\/zeit-der-leser\/?s={search_term_string}"},"query-input":"required name=search_term_string"}],"inLanguage":"de"},{"@type":"Person","@id":"https:\/\/blog.zeit.de\/zeit-der-leser\/#\/schema\/person\/583b14e5ad6368c23af846ecbde9f20f","name":"\"Zeit der Leser\"-Redaktion","image":{"@type":"ImageObject","inLanguage":"de","@id":"https:\/\/blog.zeit.de\/zeit-der-leser\/#\/schema\/person\/image\/","url":"https:\/\/secure.gravatar.com\/avatar\/e801a681bd3bbf2345131a815930b48d9f8e0a94de1346b624840dc850f67ad0?s=96&d=mm&r=g","contentUrl":"https:\/\/secure.gravatar.com\/avatar\/e801a681bd3bbf2345131a815930b48d9f8e0a94de1346b624840dc850f67ad0?s=96&d=mm&r=g","caption":"\"Zeit der Leser\"-Redaktion"},"url":"https:\/\/blog.zeit.de\/zeit-der-leser\/author\/zeit-der-leser-redaktion\/"}]}},"jetpack_featured_media_url":"","jetpack_sharing_enabled":true,"_links":{"self":[{"href":"https:\/\/blog.zeit.de\/zeit-der-leser\/wp-json\/wp\/v2\/posts\/12992","targetHints":{"allow":["GET"]}}],"collection":[{"href":"https:\/\/blog.zeit.de\/zeit-der-leser\/wp-json\/wp\/v2\/posts"}],"about":[{"href":"https:\/\/blog.zeit.de\/zeit-der-leser\/wp-json\/wp\/v2\/types\/post"}],"author":[{"embeddable":true,"href":"https:\/\/blog.zeit.de\/zeit-der-leser\/wp-json\/wp\/v2\/users\/265"}],"replies":[{"embeddable":true,"href":"https:\/\/blog.zeit.de\/zeit-der-leser\/wp-json\/wp\/v2\/comments?post=12992"}],"version-history":[{"count":7,"href":"https:\/\/blog.zeit.de\/zeit-der-leser\/wp-json\/wp\/v2\/posts\/12992\/revisions"}],"predecessor-version":[{"id":19710,"href":"https:\/\/blog.zeit.de\/zeit-der-leser\/wp-json\/wp\/v2\/posts\/12992\/revisions\/19710"}],"wp:attachment":[{"href":"https:\/\/blog.zeit.de\/zeit-der-leser\/wp-json\/wp\/v2\/media?parent=12992"}],"wp:term":[{"taxonomy":"category","embeddable":true,"href":"https:\/\/blog.zeit.de\/zeit-der-leser\/wp-json\/wp\/v2\/categories?post=12992"},{"taxonomy":"post_tag","embeddable":true,"href":"https:\/\/blog.zeit.de\/zeit-der-leser\/wp-json\/wp\/v2\/tags?post=12992"}],"curies":[{"name":"wp","href":"https:\/\/api.w.org\/{rel}","templated":true}]}}