{"id":13088,"date":"2013-04-13T11:00:38","date_gmt":"2013-04-13T09:00:38","guid":{"rendered":"http:\/\/blog.zeit.de\/zeit-der-leser\/?p=13088"},"modified":"2015-02-20T14:46:31","modified_gmt":"2015-02-20T13:46:31","slug":"mein-wort-schatz-leerschwaetzer","status":"publish","type":"post","link":"https:\/\/blog.zeit.de\/zeit-der-leser\/2013\/04\/13\/mein-wort-schatz-leerschwaetzer\/","title":{"rendered":"Leerschw\u00e4tzer: Mein Wort-Schatz"},"content":{"rendered":"<p>Jeder kennt sie. Politiker, die uns salbungsvoll Dinge erkl\u00e4ren, die sie selbst nicht verstehen, sogenannte Experten, die h\u00f6chst wissenschaftlich verpackt Banalit\u00e4ten verbreiten, oder Kollegen, die meinen, zu jedem Thema den ultimativen Beitrag leisten zu k\u00f6nnen. Ich habe schon viele Bezeichnungen f\u00fcr diese Spezies geh\u00f6rt und gelesen. Heute ist mir in einer Diskussion zu diesem Thema ein Wort rausgerutscht, das im Duden wohl nicht vorkommt. Ich sagte: \u00bbIch kann diese <strong>Leerschw\u00e4tzer<\/strong>\u00a0nicht mehr h\u00f6ren.\u00ab Und je mehr ich dann dar\u00fcber nachdenke, umso besser gef\u00e4llt es mir. Es trifft die Sache zumindest besser als \u00bbSchw\u00e4tzer\u00ab (zu allgemein) oder \u00bbDummschw\u00e4tzer\u00ab (dumm sind diese Leute ja meist gar nicht). Vielleicht k\u00f6nnen Sie die Begeisterung f\u00fcr die Neusch\u00f6pfung ja teilen.<\/p>\n<p><strong>Norbert Sachs-Paulus<\/strong>, Gie\u00dfen<\/p>\n","protected":false},"excerpt":{"rendered":"<p>Jeder kennt sie. Politiker, die uns salbungsvoll Dinge erkl\u00e4ren, die sie selbst nicht verstehen, sogenannte Experten, die h\u00f6chst wissenschaftlich verpackt Banalit\u00e4ten verbreiten, oder Kollegen, die meinen, zu jedem Thema den ultimativen Beitrag leisten zu k\u00f6nnen. Ich habe schon viele Bezeichnungen f\u00fcr diese Spezies geh\u00f6rt und gelesen. Heute ist mir in einer Diskussion zu diesem Thema [&hellip;]<\/p>\n","protected":false},"author":265,"featured_media":0,"comment_status":"open","ping_status":"open","sticky":false,"template":"","format":"standard","meta":{"_jetpack_memberships_contains_paid_content":false,"footnotes":""},"categories":[5687],"tags":[],"class_list":["post-13088","post","type-post","status-publish","format-standard","hentry","category-mein-wort-schatz"],"yoast_head":"<!-- This site is optimized with the Yoast SEO plugin v21.0 - https:\/\/yoast.com\/wordpress\/plugins\/seo\/ -->\n<title>Leerschw\u00e4tzer: Mein Wort-Schatz - ZEIT der Leser<\/title>\n<meta name=\"robots\" content=\"index, follow, max-snippet:-1, max-image-preview:large, max-video-preview:-1\" \/>\n<link rel=\"canonical\" href=\"https:\/\/blog.zeit.de\/zeit-der-leser\/2013\/04\/13\/mein-wort-schatz-leerschwaetzer\/\" \/>\n<meta property=\"og:locale\" content=\"de_DE\" \/>\n<meta property=\"og:type\" content=\"article\" \/>\n<meta property=\"og:title\" content=\"Leerschw\u00e4tzer: Mein Wort-Schatz - ZEIT der Leser\" \/>\n<meta property=\"og:description\" content=\"Jeder kennt sie. Politiker, die uns salbungsvoll Dinge erkl\u00e4ren, die sie selbst nicht verstehen, sogenannte Experten, die h\u00f6chst wissenschaftlich verpackt Banalit\u00e4ten verbreiten, oder Kollegen, die meinen, zu jedem Thema den ultimativen Beitrag leisten zu k\u00f6nnen. Ich habe schon viele Bezeichnungen f\u00fcr diese Spezies geh\u00f6rt und gelesen. Heute ist mir in einer Diskussion zu diesem Thema [&hellip;]\" \/>\n<meta property=\"og:url\" content=\"https:\/\/blog.zeit.de\/zeit-der-leser\/2013\/04\/13\/mein-wort-schatz-leerschwaetzer\/\" \/>\n<meta property=\"og:site_name\" content=\"ZEIT der Leser\" \/>\n<meta property=\"article:published_time\" content=\"2013-04-13T09:00:38+00:00\" \/>\n<meta property=\"article:modified_time\" content=\"2015-02-20T13:46:31+00:00\" \/>\n<meta name=\"author\" content=\"&quot;Zeit der Leser&quot;-Redaktion\" \/>\n<meta name=\"twitter:card\" content=\"summary_large_image\" \/>\n<meta name=\"twitter:label1\" content=\"Geschrieben von\" \/>\n\t<meta name=\"twitter:data1\" content=\"\"Zeit der Leser\"-Redaktion\" \/>\n\t<meta name=\"twitter:label2\" content=\"Gesch\u00e4tzte Lesezeit\" \/>\n\t<meta name=\"twitter:data2\" content=\"1\u00a0Minute\" \/>\n<script type=\"application\/ld+json\" class=\"yoast-schema-graph\">{\"@context\":\"https:\/\/schema.org\",\"@graph\":[{\"@type\":\"WebPage\",\"@id\":\"https:\/\/blog.zeit.de\/zeit-der-leser\/2013\/04\/13\/mein-wort-schatz-leerschwaetzer\/\",\"url\":\"https:\/\/blog.zeit.de\/zeit-der-leser\/2013\/04\/13\/mein-wort-schatz-leerschwaetzer\/\",\"name\":\"Leerschw\u00e4tzer: Mein Wort-Schatz - ZEIT der Leser\",\"isPartOf\":{\"@id\":\"https:\/\/blog.zeit.de\/zeit-der-leser\/#website\"},\"datePublished\":\"2013-04-13T09:00:38+00:00\",\"dateModified\":\"2015-02-20T13:46:31+00:00\",\"author\":{\"@id\":\"https:\/\/blog.zeit.de\/zeit-der-leser\/#\/schema\/person\/583b14e5ad6368c23af846ecbde9f20f\"},\"breadcrumb\":{\"@id\":\"https:\/\/blog.zeit.de\/zeit-der-leser\/2013\/04\/13\/mein-wort-schatz-leerschwaetzer\/#breadcrumb\"},\"inLanguage\":\"de\",\"potentialAction\":[{\"@type\":\"ReadAction\",\"target\":[\"https:\/\/blog.zeit.de\/zeit-der-leser\/2013\/04\/13\/mein-wort-schatz-leerschwaetzer\/\"]}]},{\"@type\":\"BreadcrumbList\",\"@id\":\"https:\/\/blog.zeit.de\/zeit-der-leser\/2013\/04\/13\/mein-wort-schatz-leerschwaetzer\/#breadcrumb\",\"itemListElement\":[{\"@type\":\"ListItem\",\"position\":1,\"name\":\"Startseite\",\"item\":\"https:\/\/blog.zeit.de\/zeit-der-leser\/\"},{\"@type\":\"ListItem\",\"position\":2,\"name\":\"Leerschw\u00e4tzer: Mein Wort-Schatz\"}]},{\"@type\":\"WebSite\",\"@id\":\"https:\/\/blog.zeit.de\/zeit-der-leser\/#website\",\"url\":\"https:\/\/blog.zeit.de\/zeit-der-leser\/\",\"name\":\"ZEIT der Leser\",\"description\":\"Ein Blog mit Ihren Notizen, Gedichten und Bildern f\u00fcr die gedruckte ZEIT\",\"potentialAction\":[{\"@type\":\"SearchAction\",\"target\":{\"@type\":\"EntryPoint\",\"urlTemplate\":\"https:\/\/blog.zeit.de\/zeit-der-leser\/?s={search_term_string}\"},\"query-input\":\"required name=search_term_string\"}],\"inLanguage\":\"de\"},{\"@type\":\"Person\",\"@id\":\"https:\/\/blog.zeit.de\/zeit-der-leser\/#\/schema\/person\/583b14e5ad6368c23af846ecbde9f20f\",\"name\":\"\\\"Zeit der Leser\\\"-Redaktion\",\"image\":{\"@type\":\"ImageObject\",\"inLanguage\":\"de\",\"@id\":\"https:\/\/blog.zeit.de\/zeit-der-leser\/#\/schema\/person\/image\/\",\"url\":\"https:\/\/secure.gravatar.com\/avatar\/e801a681bd3bbf2345131a815930b48d9f8e0a94de1346b624840dc850f67ad0?s=96&d=mm&r=g\",\"contentUrl\":\"https:\/\/secure.gravatar.com\/avatar\/e801a681bd3bbf2345131a815930b48d9f8e0a94de1346b624840dc850f67ad0?s=96&d=mm&r=g\",\"caption\":\"\\\"Zeit der Leser\\\"-Redaktion\"},\"url\":\"https:\/\/blog.zeit.de\/zeit-der-leser\/author\/zeit-der-leser-redaktion\/\"}]}<\/script>\n<!-- \/ Yoast SEO plugin. -->","yoast_head_json":{"title":"Leerschw\u00e4tzer: Mein Wort-Schatz - ZEIT der Leser","robots":{"index":"index","follow":"follow","max-snippet":"max-snippet:-1","max-image-preview":"max-image-preview:large","max-video-preview":"max-video-preview:-1"},"canonical":"https:\/\/blog.zeit.de\/zeit-der-leser\/2013\/04\/13\/mein-wort-schatz-leerschwaetzer\/","og_locale":"de_DE","og_type":"article","og_title":"Leerschw\u00e4tzer: Mein Wort-Schatz - ZEIT der Leser","og_description":"Jeder kennt sie. Politiker, die uns salbungsvoll Dinge erkl\u00e4ren, die sie selbst nicht verstehen, sogenannte Experten, die h\u00f6chst wissenschaftlich verpackt Banalit\u00e4ten verbreiten, oder Kollegen, die meinen, zu jedem Thema den ultimativen Beitrag leisten zu k\u00f6nnen. Ich habe schon viele Bezeichnungen f\u00fcr diese Spezies geh\u00f6rt und gelesen. Heute ist mir in einer Diskussion zu diesem Thema [&hellip;]","og_url":"https:\/\/blog.zeit.de\/zeit-der-leser\/2013\/04\/13\/mein-wort-schatz-leerschwaetzer\/","og_site_name":"ZEIT der Leser","article_published_time":"2013-04-13T09:00:38+00:00","article_modified_time":"2015-02-20T13:46:31+00:00","author":"\"Zeit der Leser\"-Redaktion","twitter_card":"summary_large_image","twitter_misc":{"Geschrieben von":"\"Zeit der Leser\"-Redaktion","Gesch\u00e4tzte Lesezeit":"1\u00a0Minute"},"schema":{"@context":"https:\/\/schema.org","@graph":[{"@type":"WebPage","@id":"https:\/\/blog.zeit.de\/zeit-der-leser\/2013\/04\/13\/mein-wort-schatz-leerschwaetzer\/","url":"https:\/\/blog.zeit.de\/zeit-der-leser\/2013\/04\/13\/mein-wort-schatz-leerschwaetzer\/","name":"Leerschw\u00e4tzer: Mein Wort-Schatz - ZEIT der Leser","isPartOf":{"@id":"https:\/\/blog.zeit.de\/zeit-der-leser\/#website"},"datePublished":"2013-04-13T09:00:38+00:00","dateModified":"2015-02-20T13:46:31+00:00","author":{"@id":"https:\/\/blog.zeit.de\/zeit-der-leser\/#\/schema\/person\/583b14e5ad6368c23af846ecbde9f20f"},"breadcrumb":{"@id":"https:\/\/blog.zeit.de\/zeit-der-leser\/2013\/04\/13\/mein-wort-schatz-leerschwaetzer\/#breadcrumb"},"inLanguage":"de","potentialAction":[{"@type":"ReadAction","target":["https:\/\/blog.zeit.de\/zeit-der-leser\/2013\/04\/13\/mein-wort-schatz-leerschwaetzer\/"]}]},{"@type":"BreadcrumbList","@id":"https:\/\/blog.zeit.de\/zeit-der-leser\/2013\/04\/13\/mein-wort-schatz-leerschwaetzer\/#breadcrumb","itemListElement":[{"@type":"ListItem","position":1,"name":"Startseite","item":"https:\/\/blog.zeit.de\/zeit-der-leser\/"},{"@type":"ListItem","position":2,"name":"Leerschw\u00e4tzer: Mein Wort-Schatz"}]},{"@type":"WebSite","@id":"https:\/\/blog.zeit.de\/zeit-der-leser\/#website","url":"https:\/\/blog.zeit.de\/zeit-der-leser\/","name":"ZEIT der Leser","description":"Ein Blog mit Ihren Notizen, Gedichten und Bildern f\u00fcr die gedruckte ZEIT","potentialAction":[{"@type":"SearchAction","target":{"@type":"EntryPoint","urlTemplate":"https:\/\/blog.zeit.de\/zeit-der-leser\/?s={search_term_string}"},"query-input":"required name=search_term_string"}],"inLanguage":"de"},{"@type":"Person","@id":"https:\/\/blog.zeit.de\/zeit-der-leser\/#\/schema\/person\/583b14e5ad6368c23af846ecbde9f20f","name":"\"Zeit der Leser\"-Redaktion","image":{"@type":"ImageObject","inLanguage":"de","@id":"https:\/\/blog.zeit.de\/zeit-der-leser\/#\/schema\/person\/image\/","url":"https:\/\/secure.gravatar.com\/avatar\/e801a681bd3bbf2345131a815930b48d9f8e0a94de1346b624840dc850f67ad0?s=96&d=mm&r=g","contentUrl":"https:\/\/secure.gravatar.com\/avatar\/e801a681bd3bbf2345131a815930b48d9f8e0a94de1346b624840dc850f67ad0?s=96&d=mm&r=g","caption":"\"Zeit der Leser\"-Redaktion"},"url":"https:\/\/blog.zeit.de\/zeit-der-leser\/author\/zeit-der-leser-redaktion\/"}]}},"jetpack_featured_media_url":"","jetpack_sharing_enabled":true,"_links":{"self":[{"href":"https:\/\/blog.zeit.de\/zeit-der-leser\/wp-json\/wp\/v2\/posts\/13088","targetHints":{"allow":["GET"]}}],"collection":[{"href":"https:\/\/blog.zeit.de\/zeit-der-leser\/wp-json\/wp\/v2\/posts"}],"about":[{"href":"https:\/\/blog.zeit.de\/zeit-der-leser\/wp-json\/wp\/v2\/types\/post"}],"author":[{"embeddable":true,"href":"https:\/\/blog.zeit.de\/zeit-der-leser\/wp-json\/wp\/v2\/users\/265"}],"replies":[{"embeddable":true,"href":"https:\/\/blog.zeit.de\/zeit-der-leser\/wp-json\/wp\/v2\/comments?post=13088"}],"version-history":[{"count":7,"href":"https:\/\/blog.zeit.de\/zeit-der-leser\/wp-json\/wp\/v2\/posts\/13088\/revisions"}],"predecessor-version":[{"id":19704,"href":"https:\/\/blog.zeit.de\/zeit-der-leser\/wp-json\/wp\/v2\/posts\/13088\/revisions\/19704"}],"wp:attachment":[{"href":"https:\/\/blog.zeit.de\/zeit-der-leser\/wp-json\/wp\/v2\/media?parent=13088"}],"wp:term":[{"taxonomy":"category","embeddable":true,"href":"https:\/\/blog.zeit.de\/zeit-der-leser\/wp-json\/wp\/v2\/categories?post=13088"},{"taxonomy":"post_tag","embeddable":true,"href":"https:\/\/blog.zeit.de\/zeit-der-leser\/wp-json\/wp\/v2\/tags?post=13088"}],"curies":[{"name":"wp","href":"https:\/\/api.w.org\/{rel}","templated":true}]}}