{"id":13094,"date":"2013-04-12T11:00:00","date_gmt":"2013-04-12T09:00:00","guid":{"rendered":"http:\/\/blog.zeit.de\/zeit-der-leser\/?p=13094"},"modified":"2013-04-12T11:00:02","modified_gmt":"2013-04-12T09:00:02","slug":"zeitsprung-%ef%bf%bc%ef%bf%bcnackte-provokation","status":"publish","type":"post","link":"https:\/\/blog.zeit.de\/zeit-der-leser\/2013\/04\/12\/zeitsprung-%ef%bf%bc%ef%bf%bcnackte-provokation\/","title":{"rendered":"Zeitsprung: \ufffc\ufffcNackte Provokation"},"content":{"rendered":"<p><a href=\"https:\/\/blog.zeit.de\/zeit-der-leser\/2013\/04\/12\/zeitsprung-%ef%bf%bc%ef%bf%bcnackte-provokation\/s86-zeitsprung-01\/\" rel=\"attachment wp-att-13178\"><img loading=\"lazy\" decoding=\"async\" src=\"https:\/\/blog.zeit.de\/zeit-der-leser\/files\/2013\/04\/s86-zeitsprung-01.jpg\" alt=\"s86-zeitsprung-01\" width=\"580\" height=\"750\" class=\"alignnone size-full wp-image-13178\" srcset=\"https:\/\/blog.zeit.de\/zeit-der-leser\/files\/2013\/04\/s86-zeitsprung-01.jpg 580w, https:\/\/blog.zeit.de\/zeit-der-leser\/files\/2013\/04\/s86-zeitsprung-01-232x300.jpg 232w\" sizes=\"auto, (max-width: 580px) 100vw, 580px\" \/><\/a><\/p>\n<p><a href=\"https:\/\/blog.zeit.de\/zeit-der-leser\/2013\/04\/12\/zeitsprung-%ef%bf%bc%ef%bf%bcnackte-provokation\/s86-zeitsprung-02\/\" rel=\"attachment wp-att-13179\"><img loading=\"lazy\" decoding=\"async\" src=\"https:\/\/blog.zeit.de\/zeit-der-leser\/files\/2013\/04\/s86-zeitsprung-02.jpg\" alt=\"s86-zeitsprung-02\" width=\"580\" height=\"750\" class=\"alignnone size-full wp-image-13179\" srcset=\"https:\/\/blog.zeit.de\/zeit-der-leser\/files\/2013\/04\/s86-zeitsprung-02.jpg 580w, https:\/\/blog.zeit.de\/zeit-der-leser\/files\/2013\/04\/s86-zeitsprung-02-232x300.jpg 232w\" sizes=\"auto, (max-width: 580px) 100vw, 580px\" \/><\/a><\/p>\n<p>Vor einiger Zeit fand ich diese alte Postkarte aus dem Jahr 1912 auf dem Flohmarkt. Sie zeigt den im Jahr zuvor aufgestellten Brunnenknaben auf dem Aachener Fischmarkt. Seiner Nacktheit wegen sorgte das sogenannte Fischp\u00fcddelchen des Bildhauers Hugo Lederer sofort f\u00fcr moralische Entr\u00fcstung. Es wurde bemalt (mit Herbstbl\u00e4ttern, um seine M\u00e4nnlichkeit zu kaschieren), abmontiert und \u2013 unter Polizeischutz \u2013 wieder aufgestellt. Nachdem es 1943 zu R\u00fcstungszwecken eingeschmolzen worden war, fertigte man schlie\u00dflich 1954 eine originalgetreue Nachbildung an. Sie erfreut sich inzwischen gro\u00dfer Beliebtheit \u2013 auch bei der Aachener Polizei, die die rechte Abbildung zur Verf\u00fcgung stellte.<\/p>\n<p><strong>Arthur Kaiser<\/strong>, Aachen<\/p>\n","protected":false},"excerpt":{"rendered":"<p>Vor einiger Zeit fand ich diese alte Postkarte aus dem Jahr 1912 auf dem Flohmarkt. Sie zeigt den im Jahr zuvor aufgestellten Brunnenknaben auf dem Aachener Fischmarkt. Seiner Nacktheit wegen sorgte das sogenannte Fischp\u00fcddelchen des Bildhauers Hugo Lederer sofort f\u00fcr moralische Entr\u00fcstung. Es wurde bemalt (mit Herbstbl\u00e4ttern, um seine M\u00e4nnlichkeit zu kaschieren), abmontiert und \u2013 [&hellip;]<\/p>\n","protected":false},"author":265,"featured_media":0,"comment_status":"open","ping_status":"open","sticky":false,"template":"","format":"standard","meta":{"_jetpack_memberships_contains_paid_content":false,"footnotes":""},"categories":[1878],"tags":[],"class_list":["post-13094","post","type-post","status-publish","format-standard","hentry","category-zeitsprung"],"yoast_head":"<!-- This site is optimized with the Yoast SEO plugin v21.0 - https:\/\/yoast.com\/wordpress\/plugins\/seo\/ -->\n<title>Zeitsprung: \ufffc\ufffcNackte Provokation - ZEIT der Leser<\/title>\n<meta name=\"robots\" content=\"index, follow, max-snippet:-1, max-image-preview:large, max-video-preview:-1\" \/>\n<link rel=\"canonical\" href=\"https:\/\/blog.zeit.de\/zeit-der-leser\/2013\/04\/12\/zeitsprung-\ufffc\ufffcnackte-provokation\/\" \/>\n<meta property=\"og:locale\" content=\"de_DE\" \/>\n<meta property=\"og:type\" content=\"article\" \/>\n<meta property=\"og:title\" content=\"Zeitsprung: \ufffc\ufffcNackte Provokation - ZEIT der Leser\" \/>\n<meta property=\"og:description\" content=\"Vor einiger Zeit fand ich diese alte Postkarte aus dem Jahr 1912 auf dem Flohmarkt. Sie zeigt den im Jahr zuvor aufgestellten Brunnenknaben auf dem Aachener Fischmarkt. Seiner Nacktheit wegen sorgte das sogenannte Fischp\u00fcddelchen des Bildhauers Hugo Lederer sofort f\u00fcr moralische Entr\u00fcstung. Es wurde bemalt (mit Herbstbl\u00e4ttern, um seine M\u00e4nnlichkeit zu kaschieren), abmontiert und \u2013 [&hellip;]\" \/>\n<meta property=\"og:url\" content=\"https:\/\/blog.zeit.de\/zeit-der-leser\/2013\/04\/12\/zeitsprung-\ufffc\ufffcnackte-provokation\/\" \/>\n<meta property=\"og:site_name\" content=\"ZEIT der Leser\" \/>\n<meta property=\"article:published_time\" content=\"2013-04-12T09:00:00+00:00\" \/>\n<meta property=\"article:modified_time\" content=\"2013-04-12T09:00:02+00:00\" \/>\n<meta property=\"og:image\" content=\"https:\/\/blog.zeit.de\/zeit-der-leser\/files\/2013\/04\/s86-zeitsprung-01.jpg\" \/>\n<meta name=\"author\" content=\"&quot;Zeit der Leser&quot;-Redaktion\" \/>\n<meta name=\"twitter:card\" content=\"summary_large_image\" \/>\n<meta name=\"twitter:label1\" content=\"Geschrieben von\" \/>\n\t<meta name=\"twitter:data1\" content=\"\"Zeit der Leser\"-Redaktion\" \/>\n\t<meta name=\"twitter:label2\" content=\"Gesch\u00e4tzte Lesezeit\" \/>\n\t<meta name=\"twitter:data2\" content=\"1\u00a0Minute\" \/>\n<script type=\"application\/ld+json\" class=\"yoast-schema-graph\">{\"@context\":\"https:\/\/schema.org\",\"@graph\":[{\"@type\":\"WebPage\",\"@id\":\"https:\/\/blog.zeit.de\/zeit-der-leser\/2013\/04\/12\/zeitsprung-%ef%bf%bc%ef%bf%bcnackte-provokation\/\",\"url\":\"https:\/\/blog.zeit.de\/zeit-der-leser\/2013\/04\/12\/zeitsprung-%ef%bf%bc%ef%bf%bcnackte-provokation\/\",\"name\":\"Zeitsprung: \ufffc\ufffcNackte Provokation - ZEIT der Leser\",\"isPartOf\":{\"@id\":\"https:\/\/blog.zeit.de\/zeit-der-leser\/#website\"},\"datePublished\":\"2013-04-12T09:00:00+00:00\",\"dateModified\":\"2013-04-12T09:00:02+00:00\",\"author\":{\"@id\":\"https:\/\/blog.zeit.de\/zeit-der-leser\/#\/schema\/person\/583b14e5ad6368c23af846ecbde9f20f\"},\"breadcrumb\":{\"@id\":\"https:\/\/blog.zeit.de\/zeit-der-leser\/2013\/04\/12\/zeitsprung-%ef%bf%bc%ef%bf%bcnackte-provokation\/#breadcrumb\"},\"inLanguage\":\"de\",\"potentialAction\":[{\"@type\":\"ReadAction\",\"target\":[\"https:\/\/blog.zeit.de\/zeit-der-leser\/2013\/04\/12\/zeitsprung-%ef%bf%bc%ef%bf%bcnackte-provokation\/\"]}]},{\"@type\":\"BreadcrumbList\",\"@id\":\"https:\/\/blog.zeit.de\/zeit-der-leser\/2013\/04\/12\/zeitsprung-%ef%bf%bc%ef%bf%bcnackte-provokation\/#breadcrumb\",\"itemListElement\":[{\"@type\":\"ListItem\",\"position\":1,\"name\":\"Startseite\",\"item\":\"https:\/\/blog.zeit.de\/zeit-der-leser\/\"},{\"@type\":\"ListItem\",\"position\":2,\"name\":\"Zeitsprung: \ufffc\ufffcNackte Provokation\"}]},{\"@type\":\"WebSite\",\"@id\":\"https:\/\/blog.zeit.de\/zeit-der-leser\/#website\",\"url\":\"https:\/\/blog.zeit.de\/zeit-der-leser\/\",\"name\":\"ZEIT der Leser\",\"description\":\"Ein Blog mit Ihren Notizen, Gedichten und Bildern f\u00fcr die gedruckte ZEIT\",\"potentialAction\":[{\"@type\":\"SearchAction\",\"target\":{\"@type\":\"EntryPoint\",\"urlTemplate\":\"https:\/\/blog.zeit.de\/zeit-der-leser\/?s={search_term_string}\"},\"query-input\":\"required name=search_term_string\"}],\"inLanguage\":\"de\"},{\"@type\":\"Person\",\"@id\":\"https:\/\/blog.zeit.de\/zeit-der-leser\/#\/schema\/person\/583b14e5ad6368c23af846ecbde9f20f\",\"name\":\"\\\"Zeit der Leser\\\"-Redaktion\",\"image\":{\"@type\":\"ImageObject\",\"inLanguage\":\"de\",\"@id\":\"https:\/\/blog.zeit.de\/zeit-der-leser\/#\/schema\/person\/image\/\",\"url\":\"https:\/\/secure.gravatar.com\/avatar\/e801a681bd3bbf2345131a815930b48d9f8e0a94de1346b624840dc850f67ad0?s=96&d=mm&r=g\",\"contentUrl\":\"https:\/\/secure.gravatar.com\/avatar\/e801a681bd3bbf2345131a815930b48d9f8e0a94de1346b624840dc850f67ad0?s=96&d=mm&r=g\",\"caption\":\"\\\"Zeit der Leser\\\"-Redaktion\"},\"url\":\"https:\/\/blog.zeit.de\/zeit-der-leser\/author\/zeit-der-leser-redaktion\/\"}]}<\/script>\n<!-- \/ Yoast SEO plugin. -->","yoast_head_json":{"title":"Zeitsprung: \ufffc\ufffcNackte Provokation - ZEIT der Leser","robots":{"index":"index","follow":"follow","max-snippet":"max-snippet:-1","max-image-preview":"max-image-preview:large","max-video-preview":"max-video-preview:-1"},"canonical":"https:\/\/blog.zeit.de\/zeit-der-leser\/2013\/04\/12\/zeitsprung-\ufffc\ufffcnackte-provokation\/","og_locale":"de_DE","og_type":"article","og_title":"Zeitsprung: \ufffc\ufffcNackte Provokation - ZEIT der Leser","og_description":"Vor einiger Zeit fand ich diese alte Postkarte aus dem Jahr 1912 auf dem Flohmarkt. Sie zeigt den im Jahr zuvor aufgestellten Brunnenknaben auf dem Aachener Fischmarkt. Seiner Nacktheit wegen sorgte das sogenannte Fischp\u00fcddelchen des Bildhauers Hugo Lederer sofort f\u00fcr moralische Entr\u00fcstung. Es wurde bemalt (mit Herbstbl\u00e4ttern, um seine M\u00e4nnlichkeit zu kaschieren), abmontiert und \u2013 [&hellip;]","og_url":"https:\/\/blog.zeit.de\/zeit-der-leser\/2013\/04\/12\/zeitsprung-\ufffc\ufffcnackte-provokation\/","og_site_name":"ZEIT der Leser","article_published_time":"2013-04-12T09:00:00+00:00","article_modified_time":"2013-04-12T09:00:02+00:00","og_image":[{"url":"https:\/\/blog.zeit.de\/zeit-der-leser\/files\/2013\/04\/s86-zeitsprung-01.jpg"}],"author":"\"Zeit der Leser\"-Redaktion","twitter_card":"summary_large_image","twitter_misc":{"Geschrieben von":"\"Zeit der Leser\"-Redaktion","Gesch\u00e4tzte Lesezeit":"1\u00a0Minute"},"schema":{"@context":"https:\/\/schema.org","@graph":[{"@type":"WebPage","@id":"https:\/\/blog.zeit.de\/zeit-der-leser\/2013\/04\/12\/zeitsprung-%ef%bf%bc%ef%bf%bcnackte-provokation\/","url":"https:\/\/blog.zeit.de\/zeit-der-leser\/2013\/04\/12\/zeitsprung-%ef%bf%bc%ef%bf%bcnackte-provokation\/","name":"Zeitsprung: \ufffc\ufffcNackte Provokation - ZEIT der Leser","isPartOf":{"@id":"https:\/\/blog.zeit.de\/zeit-der-leser\/#website"},"datePublished":"2013-04-12T09:00:00+00:00","dateModified":"2013-04-12T09:00:02+00:00","author":{"@id":"https:\/\/blog.zeit.de\/zeit-der-leser\/#\/schema\/person\/583b14e5ad6368c23af846ecbde9f20f"},"breadcrumb":{"@id":"https:\/\/blog.zeit.de\/zeit-der-leser\/2013\/04\/12\/zeitsprung-%ef%bf%bc%ef%bf%bcnackte-provokation\/#breadcrumb"},"inLanguage":"de","potentialAction":[{"@type":"ReadAction","target":["https:\/\/blog.zeit.de\/zeit-der-leser\/2013\/04\/12\/zeitsprung-%ef%bf%bc%ef%bf%bcnackte-provokation\/"]}]},{"@type":"BreadcrumbList","@id":"https:\/\/blog.zeit.de\/zeit-der-leser\/2013\/04\/12\/zeitsprung-%ef%bf%bc%ef%bf%bcnackte-provokation\/#breadcrumb","itemListElement":[{"@type":"ListItem","position":1,"name":"Startseite","item":"https:\/\/blog.zeit.de\/zeit-der-leser\/"},{"@type":"ListItem","position":2,"name":"Zeitsprung: \ufffc\ufffcNackte Provokation"}]},{"@type":"WebSite","@id":"https:\/\/blog.zeit.de\/zeit-der-leser\/#website","url":"https:\/\/blog.zeit.de\/zeit-der-leser\/","name":"ZEIT der Leser","description":"Ein Blog mit Ihren Notizen, Gedichten und Bildern f\u00fcr die gedruckte ZEIT","potentialAction":[{"@type":"SearchAction","target":{"@type":"EntryPoint","urlTemplate":"https:\/\/blog.zeit.de\/zeit-der-leser\/?s={search_term_string}"},"query-input":"required name=search_term_string"}],"inLanguage":"de"},{"@type":"Person","@id":"https:\/\/blog.zeit.de\/zeit-der-leser\/#\/schema\/person\/583b14e5ad6368c23af846ecbde9f20f","name":"\"Zeit der Leser\"-Redaktion","image":{"@type":"ImageObject","inLanguage":"de","@id":"https:\/\/blog.zeit.de\/zeit-der-leser\/#\/schema\/person\/image\/","url":"https:\/\/secure.gravatar.com\/avatar\/e801a681bd3bbf2345131a815930b48d9f8e0a94de1346b624840dc850f67ad0?s=96&d=mm&r=g","contentUrl":"https:\/\/secure.gravatar.com\/avatar\/e801a681bd3bbf2345131a815930b48d9f8e0a94de1346b624840dc850f67ad0?s=96&d=mm&r=g","caption":"\"Zeit der Leser\"-Redaktion"},"url":"https:\/\/blog.zeit.de\/zeit-der-leser\/author\/zeit-der-leser-redaktion\/"}]}},"jetpack_featured_media_url":"","jetpack_sharing_enabled":true,"_links":{"self":[{"href":"https:\/\/blog.zeit.de\/zeit-der-leser\/wp-json\/wp\/v2\/posts\/13094","targetHints":{"allow":["GET"]}}],"collection":[{"href":"https:\/\/blog.zeit.de\/zeit-der-leser\/wp-json\/wp\/v2\/posts"}],"about":[{"href":"https:\/\/blog.zeit.de\/zeit-der-leser\/wp-json\/wp\/v2\/types\/post"}],"author":[{"embeddable":true,"href":"https:\/\/blog.zeit.de\/zeit-der-leser\/wp-json\/wp\/v2\/users\/265"}],"replies":[{"embeddable":true,"href":"https:\/\/blog.zeit.de\/zeit-der-leser\/wp-json\/wp\/v2\/comments?post=13094"}],"version-history":[{"count":5,"href":"https:\/\/blog.zeit.de\/zeit-der-leser\/wp-json\/wp\/v2\/posts\/13094\/revisions"}],"predecessor-version":[{"id":13184,"href":"https:\/\/blog.zeit.de\/zeit-der-leser\/wp-json\/wp\/v2\/posts\/13094\/revisions\/13184"}],"wp:attachment":[{"href":"https:\/\/blog.zeit.de\/zeit-der-leser\/wp-json\/wp\/v2\/media?parent=13094"}],"wp:term":[{"taxonomy":"category","embeddable":true,"href":"https:\/\/blog.zeit.de\/zeit-der-leser\/wp-json\/wp\/v2\/categories?post=13094"},{"taxonomy":"post_tag","embeddable":true,"href":"https:\/\/blog.zeit.de\/zeit-der-leser\/wp-json\/wp\/v2\/tags?post=13094"}],"curies":[{"name":"wp","href":"https:\/\/api.w.org\/{rel}","templated":true}]}}