{"id":1312,"date":"2010-05-28T06:14:12","date_gmt":"2010-05-28T04:14:12","guid":{"rendered":"http:\/\/blog.zeit.de\/zeit-der-leser\/?p=1312"},"modified":"2010-05-27T12:14:26","modified_gmt":"2010-05-27T10:14:26","slug":"gerettet-nach-herz-op","status":"publish","type":"post","link":"https:\/\/blog.zeit.de\/zeit-der-leser\/2010\/05\/28\/gerettet-nach-herz-op\/","title":{"rendered":"Gerettet nach Herz-OP"},"content":{"rendered":"<p>Wir operieren Kinder mit schweren Herzfehlern. Der Junge, von dem ich erz\u00e4hlen will, hatte eine durch eine Infektion zerst\u00f6rte Herzklappe. Es ging ihm sehr schlecht. Auf dem OP-Tisch, kurz bevor die Narkose wirkte, fl\u00fcsterte er: &#8222;Ich komme wieder!&#8220; Die Operation gelang, aber wochenlang schwebte der Junge zwischen Leben und Tod. Die Infektion hatte alle Organe gesch\u00e4digt, und wir glaubten lange nicht, dass er \u00fcberleben wu\u0308rde. Schlie\u00dflich aber besserte sich sein Zustand, und wir konnten ihn in die Rehabilitation u\u0308berweisen. Jetzt, nach Monaten, erreichte uns ein Brief der Eltern: Ihr Sohn sei wieder zu Hause. Ein Bild war beigelegt, es zeigte einen blassen, d\u00fcnnen, aber lachenden kleinen Jungen. Darunter stand in Kritzelschrift: &#8222;Ich bin wieder da!&#8220; Dieses Bild hat meine Woche w\u00e4rmer gemacht. <\/p>\n<p><em>Tilmann R\u00f6hl, Stuttgart<\/em><\/p>\n","protected":false},"excerpt":{"rendered":"<p>Wir operieren Kinder mit schweren Herzfehlern. Der Junge, von dem ich erz\u00e4hlen will, hatte eine durch eine Infektion zerst\u00f6rte Herzklappe. Es ging ihm sehr schlecht. Auf dem OP-Tisch, kurz bevor die Narkose wirkte, fl\u00fcsterte er: &#8222;Ich komme wieder!&#8220; Die Operation gelang, aber wochenlang schwebte der Junge zwischen Leben und Tod. Die Infektion hatte alle Organe [&hellip;]<\/p>\n","protected":false},"author":264,"featured_media":0,"comment_status":"open","ping_status":"open","sticky":false,"template":"","format":"standard","meta":{"_jetpack_memberships_contains_paid_content":false,"footnotes":""},"categories":[1871],"tags":[],"class_list":["post-1312","post","type-post","status-publish","format-standard","hentry","category-was-mein-leben-reicher-macht"],"yoast_head":"<!-- This site is optimized with the Yoast SEO plugin v21.0 - https:\/\/yoast.com\/wordpress\/plugins\/seo\/ -->\n<title>Gerettet nach Herz-OP - ZEIT der Leser<\/title>\n<meta name=\"robots\" content=\"index, follow, max-snippet:-1, max-image-preview:large, max-video-preview:-1\" \/>\n<link rel=\"canonical\" href=\"https:\/\/blog.zeit.de\/zeit-der-leser\/2010\/05\/28\/gerettet-nach-herz-op\/\" \/>\n<meta property=\"og:locale\" content=\"de_DE\" \/>\n<meta property=\"og:type\" content=\"article\" \/>\n<meta property=\"og:title\" content=\"Gerettet nach Herz-OP - ZEIT der Leser\" \/>\n<meta property=\"og:description\" content=\"Wir operieren Kinder mit schweren Herzfehlern. Der Junge, von dem ich erz\u00e4hlen will, hatte eine durch eine Infektion zerst\u00f6rte Herzklappe. Es ging ihm sehr schlecht. Auf dem OP-Tisch, kurz bevor die Narkose wirkte, fl\u00fcsterte er: &#8222;Ich komme wieder!&#8220; Die Operation gelang, aber wochenlang schwebte der Junge zwischen Leben und Tod. Die Infektion hatte alle Organe [&hellip;]\" \/>\n<meta property=\"og:url\" content=\"https:\/\/blog.zeit.de\/zeit-der-leser\/2010\/05\/28\/gerettet-nach-herz-op\/\" \/>\n<meta property=\"og:site_name\" content=\"ZEIT der Leser\" \/>\n<meta property=\"article:published_time\" content=\"2010-05-28T04:14:12+00:00\" \/>\n<meta property=\"article:modified_time\" content=\"2010-05-27T10:14:26+00:00\" \/>\n<meta name=\"author\" content=\"Zeit der Leser\" \/>\n<meta name=\"twitter:card\" content=\"summary_large_image\" \/>\n<meta name=\"twitter:label1\" content=\"Geschrieben von\" \/>\n\t<meta name=\"twitter:data1\" content=\"Zeit der Leser\" \/>\n\t<meta name=\"twitter:label2\" content=\"Gesch\u00e4tzte Lesezeit\" \/>\n\t<meta name=\"twitter:data2\" content=\"1\u00a0Minute\" \/>\n<script type=\"application\/ld+json\" class=\"yoast-schema-graph\">{\"@context\":\"https:\/\/schema.org\",\"@graph\":[{\"@type\":\"WebPage\",\"@id\":\"https:\/\/blog.zeit.de\/zeit-der-leser\/2010\/05\/28\/gerettet-nach-herz-op\/\",\"url\":\"https:\/\/blog.zeit.de\/zeit-der-leser\/2010\/05\/28\/gerettet-nach-herz-op\/\",\"name\":\"Gerettet nach Herz-OP - ZEIT der Leser\",\"isPartOf\":{\"@id\":\"https:\/\/blog.zeit.de\/zeit-der-leser\/#website\"},\"datePublished\":\"2010-05-28T04:14:12+00:00\",\"dateModified\":\"2010-05-27T10:14:26+00:00\",\"author\":{\"@id\":\"https:\/\/blog.zeit.de\/zeit-der-leser\/#\/schema\/person\/e248c7ff5a10552f6a3bd5e9385b3667\"},\"breadcrumb\":{\"@id\":\"https:\/\/blog.zeit.de\/zeit-der-leser\/2010\/05\/28\/gerettet-nach-herz-op\/#breadcrumb\"},\"inLanguage\":\"de\",\"potentialAction\":[{\"@type\":\"ReadAction\",\"target\":[\"https:\/\/blog.zeit.de\/zeit-der-leser\/2010\/05\/28\/gerettet-nach-herz-op\/\"]}]},{\"@type\":\"BreadcrumbList\",\"@id\":\"https:\/\/blog.zeit.de\/zeit-der-leser\/2010\/05\/28\/gerettet-nach-herz-op\/#breadcrumb\",\"itemListElement\":[{\"@type\":\"ListItem\",\"position\":1,\"name\":\"Startseite\",\"item\":\"https:\/\/blog.zeit.de\/zeit-der-leser\/\"},{\"@type\":\"ListItem\",\"position\":2,\"name\":\"Gerettet nach Herz-OP\"}]},{\"@type\":\"WebSite\",\"@id\":\"https:\/\/blog.zeit.de\/zeit-der-leser\/#website\",\"url\":\"https:\/\/blog.zeit.de\/zeit-der-leser\/\",\"name\":\"ZEIT der Leser\",\"description\":\"Ein Blog mit Ihren Notizen, Gedichten und Bildern f\u00fcr die gedruckte ZEIT\",\"potentialAction\":[{\"@type\":\"SearchAction\",\"target\":{\"@type\":\"EntryPoint\",\"urlTemplate\":\"https:\/\/blog.zeit.de\/zeit-der-leser\/?s={search_term_string}\"},\"query-input\":\"required name=search_term_string\"}],\"inLanguage\":\"de\"},{\"@type\":\"Person\",\"@id\":\"https:\/\/blog.zeit.de\/zeit-der-leser\/#\/schema\/person\/e248c7ff5a10552f6a3bd5e9385b3667\",\"name\":\"Zeit der Leser\",\"image\":{\"@type\":\"ImageObject\",\"inLanguage\":\"de\",\"@id\":\"https:\/\/blog.zeit.de\/zeit-der-leser\/#\/schema\/person\/image\/\",\"url\":\"https:\/\/secure.gravatar.com\/avatar\/529bb2731085995bda6c8ba0e4da7e528ea8be4e6c7abdd217f176e2309035f6?s=96&d=mm&r=g\",\"contentUrl\":\"https:\/\/secure.gravatar.com\/avatar\/529bb2731085995bda6c8ba0e4da7e528ea8be4e6c7abdd217f176e2309035f6?s=96&d=mm&r=g\",\"caption\":\"Zeit der Leser\"},\"url\":\"https:\/\/blog.zeit.de\/zeit-der-leser\/author\/zeit-der-leser\/\"}]}<\/script>\n<!-- \/ Yoast SEO plugin. -->","yoast_head_json":{"title":"Gerettet nach Herz-OP - ZEIT der Leser","robots":{"index":"index","follow":"follow","max-snippet":"max-snippet:-1","max-image-preview":"max-image-preview:large","max-video-preview":"max-video-preview:-1"},"canonical":"https:\/\/blog.zeit.de\/zeit-der-leser\/2010\/05\/28\/gerettet-nach-herz-op\/","og_locale":"de_DE","og_type":"article","og_title":"Gerettet nach Herz-OP - ZEIT der Leser","og_description":"Wir operieren Kinder mit schweren Herzfehlern. Der Junge, von dem ich erz\u00e4hlen will, hatte eine durch eine Infektion zerst\u00f6rte Herzklappe. Es ging ihm sehr schlecht. Auf dem OP-Tisch, kurz bevor die Narkose wirkte, fl\u00fcsterte er: &#8222;Ich komme wieder!&#8220; Die Operation gelang, aber wochenlang schwebte der Junge zwischen Leben und Tod. Die Infektion hatte alle Organe [&hellip;]","og_url":"https:\/\/blog.zeit.de\/zeit-der-leser\/2010\/05\/28\/gerettet-nach-herz-op\/","og_site_name":"ZEIT der Leser","article_published_time":"2010-05-28T04:14:12+00:00","article_modified_time":"2010-05-27T10:14:26+00:00","author":"Zeit der Leser","twitter_card":"summary_large_image","twitter_misc":{"Geschrieben von":"Zeit der Leser","Gesch\u00e4tzte Lesezeit":"1\u00a0Minute"},"schema":{"@context":"https:\/\/schema.org","@graph":[{"@type":"WebPage","@id":"https:\/\/blog.zeit.de\/zeit-der-leser\/2010\/05\/28\/gerettet-nach-herz-op\/","url":"https:\/\/blog.zeit.de\/zeit-der-leser\/2010\/05\/28\/gerettet-nach-herz-op\/","name":"Gerettet nach Herz-OP - ZEIT der Leser","isPartOf":{"@id":"https:\/\/blog.zeit.de\/zeit-der-leser\/#website"},"datePublished":"2010-05-28T04:14:12+00:00","dateModified":"2010-05-27T10:14:26+00:00","author":{"@id":"https:\/\/blog.zeit.de\/zeit-der-leser\/#\/schema\/person\/e248c7ff5a10552f6a3bd5e9385b3667"},"breadcrumb":{"@id":"https:\/\/blog.zeit.de\/zeit-der-leser\/2010\/05\/28\/gerettet-nach-herz-op\/#breadcrumb"},"inLanguage":"de","potentialAction":[{"@type":"ReadAction","target":["https:\/\/blog.zeit.de\/zeit-der-leser\/2010\/05\/28\/gerettet-nach-herz-op\/"]}]},{"@type":"BreadcrumbList","@id":"https:\/\/blog.zeit.de\/zeit-der-leser\/2010\/05\/28\/gerettet-nach-herz-op\/#breadcrumb","itemListElement":[{"@type":"ListItem","position":1,"name":"Startseite","item":"https:\/\/blog.zeit.de\/zeit-der-leser\/"},{"@type":"ListItem","position":2,"name":"Gerettet nach Herz-OP"}]},{"@type":"WebSite","@id":"https:\/\/blog.zeit.de\/zeit-der-leser\/#website","url":"https:\/\/blog.zeit.de\/zeit-der-leser\/","name":"ZEIT der Leser","description":"Ein Blog mit Ihren Notizen, Gedichten und Bildern f\u00fcr die gedruckte ZEIT","potentialAction":[{"@type":"SearchAction","target":{"@type":"EntryPoint","urlTemplate":"https:\/\/blog.zeit.de\/zeit-der-leser\/?s={search_term_string}"},"query-input":"required name=search_term_string"}],"inLanguage":"de"},{"@type":"Person","@id":"https:\/\/blog.zeit.de\/zeit-der-leser\/#\/schema\/person\/e248c7ff5a10552f6a3bd5e9385b3667","name":"Zeit der Leser","image":{"@type":"ImageObject","inLanguage":"de","@id":"https:\/\/blog.zeit.de\/zeit-der-leser\/#\/schema\/person\/image\/","url":"https:\/\/secure.gravatar.com\/avatar\/529bb2731085995bda6c8ba0e4da7e528ea8be4e6c7abdd217f176e2309035f6?s=96&d=mm&r=g","contentUrl":"https:\/\/secure.gravatar.com\/avatar\/529bb2731085995bda6c8ba0e4da7e528ea8be4e6c7abdd217f176e2309035f6?s=96&d=mm&r=g","caption":"Zeit der Leser"},"url":"https:\/\/blog.zeit.de\/zeit-der-leser\/author\/zeit-der-leser\/"}]}},"jetpack_featured_media_url":"","jetpack_sharing_enabled":true,"_links":{"self":[{"href":"https:\/\/blog.zeit.de\/zeit-der-leser\/wp-json\/wp\/v2\/posts\/1312","targetHints":{"allow":["GET"]}}],"collection":[{"href":"https:\/\/blog.zeit.de\/zeit-der-leser\/wp-json\/wp\/v2\/posts"}],"about":[{"href":"https:\/\/blog.zeit.de\/zeit-der-leser\/wp-json\/wp\/v2\/types\/post"}],"author":[{"embeddable":true,"href":"https:\/\/blog.zeit.de\/zeit-der-leser\/wp-json\/wp\/v2\/users\/264"}],"replies":[{"embeddable":true,"href":"https:\/\/blog.zeit.de\/zeit-der-leser\/wp-json\/wp\/v2\/comments?post=1312"}],"version-history":[{"count":0,"href":"https:\/\/blog.zeit.de\/zeit-der-leser\/wp-json\/wp\/v2\/posts\/1312\/revisions"}],"wp:attachment":[{"href":"https:\/\/blog.zeit.de\/zeit-der-leser\/wp-json\/wp\/v2\/media?parent=1312"}],"wp:term":[{"taxonomy":"category","embeddable":true,"href":"https:\/\/blog.zeit.de\/zeit-der-leser\/wp-json\/wp\/v2\/categories?post=1312"},{"taxonomy":"post_tag","embeddable":true,"href":"https:\/\/blog.zeit.de\/zeit-der-leser\/wp-json\/wp\/v2\/tags?post=1312"}],"curies":[{"name":"wp","href":"https:\/\/api.w.org\/{rel}","templated":true}]}}