{"id":13207,"date":"2013-04-19T09:00:49","date_gmt":"2013-04-19T07:00:49","guid":{"rendered":"http:\/\/blog.zeit.de\/zeit-der-leser\/?p=13207"},"modified":"2013-04-19T09:01:15","modified_gmt":"2013-04-19T07:01:15","slug":"zeitsprung-auf-dem-gipfel","status":"publish","type":"post","link":"https:\/\/blog.zeit.de\/zeit-der-leser\/2013\/04\/19\/zeitsprung-auf-dem-gipfel\/","title":{"rendered":"Zeitsprung: Auf dem Gipfel"},"content":{"rendered":"<p><a href=\"https:\/\/blog.zeit.de\/zeit-der-leser\/2013\/04\/18\/zeitsprung-auf-dem-gipfel\/s96-zeitsprung-1904\/\" rel=\"attachment wp-att-13209\"><img loading=\"lazy\" decoding=\"async\" src=\"https:\/\/blog.zeit.de\/zeit-der-leser\/files\/2013\/04\/s96-zeitsprung-1904.jpg\" alt=\"s96-zeitsprung-1904\" width=\"580\" height=\"750\" class=\"alignnone size-full wp-image-13209\" srcset=\"https:\/\/blog.zeit.de\/zeit-der-leser\/files\/2013\/04\/s96-zeitsprung-1904.jpg 580w, https:\/\/blog.zeit.de\/zeit-der-leser\/files\/2013\/04\/s96-zeitsprung-1904-232x300.jpg 232w\" sizes=\"auto, (max-width: 580px) 100vw, 580px\" \/><\/a><\/p>\n<p><a href=\"https:\/\/blog.zeit.de\/zeit-der-leser\/2013\/04\/18\/zeitsprung-auf-dem-gipfel\/s96-zeitsprung-2012\/\" rel=\"attachment wp-att-13211\"><img loading=\"lazy\" decoding=\"async\" src=\"https:\/\/blog.zeit.de\/zeit-der-leser\/files\/2013\/04\/s96-zeitsprung-2012.jpg\" alt=\"s96-zeitsprung-2012\" width=\"580\" height=\"750\" class=\"alignnone size-full wp-image-13211\" srcset=\"https:\/\/blog.zeit.de\/zeit-der-leser\/files\/2013\/04\/s96-zeitsprung-2012.jpg 580w, https:\/\/blog.zeit.de\/zeit-der-leser\/files\/2013\/04\/s96-zeitsprung-2012-232x300.jpg 232w\" sizes=\"auto, (max-width: 580px) 100vw, 580px\" \/><\/a><\/p>\n<p>Mein Urgro\u00dfvater Felix von Cube, ein Naturforscher und Bergsteiger, bestieg Anfang des letzten Jahrhunderts viele noch unber\u00fchrte Gipfel im korsischen Gebirge und erstellte eine detaillierte Karte. F\u00fcr seine Pioniert\u00e4tigkeit dankten ihm die Korsen, indem sie einen ihrer Berge nach ihm benannten.<\/p>\n<p>Im letzten Sommer nun ging f\u00fcr meinen Vater Thomas ein lang gehegter Wunsch in Erf\u00fcllung: Wir schafften es, den 2043 Meter hohen Pic von Cube zu erklimmen. Papa ist mit seinen inzwischen 60 Jahren nicht mehr der J\u00fcngste, und der zum Teil gef\u00e4hrliche Aufstieg erfordert eine gute Vorbereitung. So kamen Enkel und Urenkel ersch\u00f6pft, aber auch ein wenig stolz auf dem Gipfel an. Und bei dem traumhaften Ausblick \u00fcber das Gebirge bis hin zum Meer verstanden wir alle, weshalb unser weit gereister Uropa damals immer wieder aufs wildromantische Korsika zur\u00fcckfand.<\/p>\n<p><strong>Charlotte von Cube<\/strong>, Kirchheim unter Teck<\/p>\n","protected":false},"excerpt":{"rendered":"<p>Mein Urgro\u00dfvater Felix von Cube, ein Naturforscher und Bergsteiger, bestieg Anfang des letzten Jahrhunderts viele noch unber\u00fchrte Gipfel im korsischen Gebirge und erstellte eine detaillierte Karte. F\u00fcr seine Pioniert\u00e4tigkeit dankten ihm die Korsen, indem sie einen ihrer Berge nach ihm benannten. Im letzten Sommer nun ging f\u00fcr meinen Vater Thomas ein lang gehegter Wunsch in [&hellip;]<\/p>\n","protected":false},"author":265,"featured_media":0,"comment_status":"open","ping_status":"open","sticky":false,"template":"","format":"standard","meta":{"_jetpack_memberships_contains_paid_content":false,"footnotes":""},"categories":[1878],"tags":[],"class_list":["post-13207","post","type-post","status-publish","format-standard","hentry","category-zeitsprung"],"yoast_head":"<!-- This site is optimized with the Yoast SEO plugin v21.0 - https:\/\/yoast.com\/wordpress\/plugins\/seo\/ -->\n<title>Zeitsprung: Auf dem Gipfel - ZEIT der Leser<\/title>\n<meta name=\"robots\" content=\"index, follow, max-snippet:-1, max-image-preview:large, max-video-preview:-1\" \/>\n<link rel=\"canonical\" href=\"https:\/\/blog.zeit.de\/zeit-der-leser\/2013\/04\/19\/zeitsprung-auf-dem-gipfel\/\" \/>\n<meta property=\"og:locale\" content=\"de_DE\" \/>\n<meta property=\"og:type\" content=\"article\" \/>\n<meta property=\"og:title\" content=\"Zeitsprung: Auf dem Gipfel - ZEIT der Leser\" \/>\n<meta property=\"og:description\" content=\"Mein Urgro\u00dfvater Felix von Cube, ein Naturforscher und Bergsteiger, bestieg Anfang des letzten Jahrhunderts viele noch unber\u00fchrte Gipfel im korsischen Gebirge und erstellte eine detaillierte Karte. F\u00fcr seine Pioniert\u00e4tigkeit dankten ihm die Korsen, indem sie einen ihrer Berge nach ihm benannten. Im letzten Sommer nun ging f\u00fcr meinen Vater Thomas ein lang gehegter Wunsch in [&hellip;]\" \/>\n<meta property=\"og:url\" content=\"https:\/\/blog.zeit.de\/zeit-der-leser\/2013\/04\/19\/zeitsprung-auf-dem-gipfel\/\" \/>\n<meta property=\"og:site_name\" content=\"ZEIT der Leser\" \/>\n<meta property=\"article:published_time\" content=\"2013-04-19T07:00:49+00:00\" \/>\n<meta property=\"article:modified_time\" content=\"2013-04-19T07:01:15+00:00\" \/>\n<meta property=\"og:image\" content=\"https:\/\/blog.zeit.de\/zeit-der-leser\/files\/2013\/04\/s96-zeitsprung-1904.jpg\" \/>\n<meta name=\"author\" content=\"&quot;Zeit der Leser&quot;-Redaktion\" \/>\n<meta name=\"twitter:card\" content=\"summary_large_image\" \/>\n<meta name=\"twitter:label1\" content=\"Geschrieben von\" \/>\n\t<meta name=\"twitter:data1\" content=\"\"Zeit der Leser\"-Redaktion\" \/>\n\t<meta name=\"twitter:label2\" content=\"Gesch\u00e4tzte Lesezeit\" \/>\n\t<meta name=\"twitter:data2\" content=\"1\u00a0Minute\" \/>\n<script type=\"application\/ld+json\" class=\"yoast-schema-graph\">{\"@context\":\"https:\/\/schema.org\",\"@graph\":[{\"@type\":\"WebPage\",\"@id\":\"https:\/\/blog.zeit.de\/zeit-der-leser\/2013\/04\/19\/zeitsprung-auf-dem-gipfel\/\",\"url\":\"https:\/\/blog.zeit.de\/zeit-der-leser\/2013\/04\/19\/zeitsprung-auf-dem-gipfel\/\",\"name\":\"Zeitsprung: Auf dem Gipfel - ZEIT der Leser\",\"isPartOf\":{\"@id\":\"https:\/\/blog.zeit.de\/zeit-der-leser\/#website\"},\"datePublished\":\"2013-04-19T07:00:49+00:00\",\"dateModified\":\"2013-04-19T07:01:15+00:00\",\"author\":{\"@id\":\"https:\/\/blog.zeit.de\/zeit-der-leser\/#\/schema\/person\/583b14e5ad6368c23af846ecbde9f20f\"},\"breadcrumb\":{\"@id\":\"https:\/\/blog.zeit.de\/zeit-der-leser\/2013\/04\/19\/zeitsprung-auf-dem-gipfel\/#breadcrumb\"},\"inLanguage\":\"de\",\"potentialAction\":[{\"@type\":\"ReadAction\",\"target\":[\"https:\/\/blog.zeit.de\/zeit-der-leser\/2013\/04\/19\/zeitsprung-auf-dem-gipfel\/\"]}]},{\"@type\":\"BreadcrumbList\",\"@id\":\"https:\/\/blog.zeit.de\/zeit-der-leser\/2013\/04\/19\/zeitsprung-auf-dem-gipfel\/#breadcrumb\",\"itemListElement\":[{\"@type\":\"ListItem\",\"position\":1,\"name\":\"Startseite\",\"item\":\"https:\/\/blog.zeit.de\/zeit-der-leser\/\"},{\"@type\":\"ListItem\",\"position\":2,\"name\":\"Zeitsprung: Auf dem Gipfel\"}]},{\"@type\":\"WebSite\",\"@id\":\"https:\/\/blog.zeit.de\/zeit-der-leser\/#website\",\"url\":\"https:\/\/blog.zeit.de\/zeit-der-leser\/\",\"name\":\"ZEIT der Leser\",\"description\":\"Ein Blog mit Ihren Notizen, Gedichten und Bildern f\u00fcr die gedruckte ZEIT\",\"potentialAction\":[{\"@type\":\"SearchAction\",\"target\":{\"@type\":\"EntryPoint\",\"urlTemplate\":\"https:\/\/blog.zeit.de\/zeit-der-leser\/?s={search_term_string}\"},\"query-input\":\"required name=search_term_string\"}],\"inLanguage\":\"de\"},{\"@type\":\"Person\",\"@id\":\"https:\/\/blog.zeit.de\/zeit-der-leser\/#\/schema\/person\/583b14e5ad6368c23af846ecbde9f20f\",\"name\":\"\\\"Zeit der Leser\\\"-Redaktion\",\"image\":{\"@type\":\"ImageObject\",\"inLanguage\":\"de\",\"@id\":\"https:\/\/blog.zeit.de\/zeit-der-leser\/#\/schema\/person\/image\/\",\"url\":\"https:\/\/secure.gravatar.com\/avatar\/e801a681bd3bbf2345131a815930b48d9f8e0a94de1346b624840dc850f67ad0?s=96&d=mm&r=g\",\"contentUrl\":\"https:\/\/secure.gravatar.com\/avatar\/e801a681bd3bbf2345131a815930b48d9f8e0a94de1346b624840dc850f67ad0?s=96&d=mm&r=g\",\"caption\":\"\\\"Zeit der Leser\\\"-Redaktion\"},\"url\":\"https:\/\/blog.zeit.de\/zeit-der-leser\/author\/zeit-der-leser-redaktion\/\"}]}<\/script>\n<!-- \/ Yoast SEO plugin. -->","yoast_head_json":{"title":"Zeitsprung: Auf dem Gipfel - ZEIT der Leser","robots":{"index":"index","follow":"follow","max-snippet":"max-snippet:-1","max-image-preview":"max-image-preview:large","max-video-preview":"max-video-preview:-1"},"canonical":"https:\/\/blog.zeit.de\/zeit-der-leser\/2013\/04\/19\/zeitsprung-auf-dem-gipfel\/","og_locale":"de_DE","og_type":"article","og_title":"Zeitsprung: Auf dem Gipfel - ZEIT der Leser","og_description":"Mein Urgro\u00dfvater Felix von Cube, ein Naturforscher und Bergsteiger, bestieg Anfang des letzten Jahrhunderts viele noch unber\u00fchrte Gipfel im korsischen Gebirge und erstellte eine detaillierte Karte. F\u00fcr seine Pioniert\u00e4tigkeit dankten ihm die Korsen, indem sie einen ihrer Berge nach ihm benannten. Im letzten Sommer nun ging f\u00fcr meinen Vater Thomas ein lang gehegter Wunsch in [&hellip;]","og_url":"https:\/\/blog.zeit.de\/zeit-der-leser\/2013\/04\/19\/zeitsprung-auf-dem-gipfel\/","og_site_name":"ZEIT der Leser","article_published_time":"2013-04-19T07:00:49+00:00","article_modified_time":"2013-04-19T07:01:15+00:00","og_image":[{"url":"https:\/\/blog.zeit.de\/zeit-der-leser\/files\/2013\/04\/s96-zeitsprung-1904.jpg"}],"author":"\"Zeit der Leser\"-Redaktion","twitter_card":"summary_large_image","twitter_misc":{"Geschrieben von":"\"Zeit der Leser\"-Redaktion","Gesch\u00e4tzte Lesezeit":"1\u00a0Minute"},"schema":{"@context":"https:\/\/schema.org","@graph":[{"@type":"WebPage","@id":"https:\/\/blog.zeit.de\/zeit-der-leser\/2013\/04\/19\/zeitsprung-auf-dem-gipfel\/","url":"https:\/\/blog.zeit.de\/zeit-der-leser\/2013\/04\/19\/zeitsprung-auf-dem-gipfel\/","name":"Zeitsprung: Auf dem Gipfel - ZEIT der Leser","isPartOf":{"@id":"https:\/\/blog.zeit.de\/zeit-der-leser\/#website"},"datePublished":"2013-04-19T07:00:49+00:00","dateModified":"2013-04-19T07:01:15+00:00","author":{"@id":"https:\/\/blog.zeit.de\/zeit-der-leser\/#\/schema\/person\/583b14e5ad6368c23af846ecbde9f20f"},"breadcrumb":{"@id":"https:\/\/blog.zeit.de\/zeit-der-leser\/2013\/04\/19\/zeitsprung-auf-dem-gipfel\/#breadcrumb"},"inLanguage":"de","potentialAction":[{"@type":"ReadAction","target":["https:\/\/blog.zeit.de\/zeit-der-leser\/2013\/04\/19\/zeitsprung-auf-dem-gipfel\/"]}]},{"@type":"BreadcrumbList","@id":"https:\/\/blog.zeit.de\/zeit-der-leser\/2013\/04\/19\/zeitsprung-auf-dem-gipfel\/#breadcrumb","itemListElement":[{"@type":"ListItem","position":1,"name":"Startseite","item":"https:\/\/blog.zeit.de\/zeit-der-leser\/"},{"@type":"ListItem","position":2,"name":"Zeitsprung: Auf dem Gipfel"}]},{"@type":"WebSite","@id":"https:\/\/blog.zeit.de\/zeit-der-leser\/#website","url":"https:\/\/blog.zeit.de\/zeit-der-leser\/","name":"ZEIT der Leser","description":"Ein Blog mit Ihren Notizen, Gedichten und Bildern f\u00fcr die gedruckte ZEIT","potentialAction":[{"@type":"SearchAction","target":{"@type":"EntryPoint","urlTemplate":"https:\/\/blog.zeit.de\/zeit-der-leser\/?s={search_term_string}"},"query-input":"required name=search_term_string"}],"inLanguage":"de"},{"@type":"Person","@id":"https:\/\/blog.zeit.de\/zeit-der-leser\/#\/schema\/person\/583b14e5ad6368c23af846ecbde9f20f","name":"\"Zeit der Leser\"-Redaktion","image":{"@type":"ImageObject","inLanguage":"de","@id":"https:\/\/blog.zeit.de\/zeit-der-leser\/#\/schema\/person\/image\/","url":"https:\/\/secure.gravatar.com\/avatar\/e801a681bd3bbf2345131a815930b48d9f8e0a94de1346b624840dc850f67ad0?s=96&d=mm&r=g","contentUrl":"https:\/\/secure.gravatar.com\/avatar\/e801a681bd3bbf2345131a815930b48d9f8e0a94de1346b624840dc850f67ad0?s=96&d=mm&r=g","caption":"\"Zeit der Leser\"-Redaktion"},"url":"https:\/\/blog.zeit.de\/zeit-der-leser\/author\/zeit-der-leser-redaktion\/"}]}},"jetpack_featured_media_url":"","jetpack_sharing_enabled":true,"_links":{"self":[{"href":"https:\/\/blog.zeit.de\/zeit-der-leser\/wp-json\/wp\/v2\/posts\/13207","targetHints":{"allow":["GET"]}}],"collection":[{"href":"https:\/\/blog.zeit.de\/zeit-der-leser\/wp-json\/wp\/v2\/posts"}],"about":[{"href":"https:\/\/blog.zeit.de\/zeit-der-leser\/wp-json\/wp\/v2\/types\/post"}],"author":[{"embeddable":true,"href":"https:\/\/blog.zeit.de\/zeit-der-leser\/wp-json\/wp\/v2\/users\/265"}],"replies":[{"embeddable":true,"href":"https:\/\/blog.zeit.de\/zeit-der-leser\/wp-json\/wp\/v2\/comments?post=13207"}],"version-history":[{"count":5,"href":"https:\/\/blog.zeit.de\/zeit-der-leser\/wp-json\/wp\/v2\/posts\/13207\/revisions"}],"predecessor-version":[{"id":13270,"href":"https:\/\/blog.zeit.de\/zeit-der-leser\/wp-json\/wp\/v2\/posts\/13207\/revisions\/13270"}],"wp:attachment":[{"href":"https:\/\/blog.zeit.de\/zeit-der-leser\/wp-json\/wp\/v2\/media?parent=13207"}],"wp:term":[{"taxonomy":"category","embeddable":true,"href":"https:\/\/blog.zeit.de\/zeit-der-leser\/wp-json\/wp\/v2\/categories?post=13207"},{"taxonomy":"post_tag","embeddable":true,"href":"https:\/\/blog.zeit.de\/zeit-der-leser\/wp-json\/wp\/v2\/tags?post=13207"}],"curies":[{"name":"wp","href":"https:\/\/api.w.org\/{rel}","templated":true}]}}