{"id":13283,"date":"2013-04-25T09:00:45","date_gmt":"2013-04-25T07:00:45","guid":{"rendered":"http:\/\/blog.zeit.de\/zeit-der-leser\/?p=13283"},"modified":"2015-02-20T14:39:23","modified_gmt":"2015-02-20T13:39:23","slug":"mein-wort-schatz-respensabel","status":"publish","type":"post","link":"https:\/\/blog.zeit.de\/zeit-der-leser\/2013\/04\/25\/mein-wort-schatz-respensabel\/","title":{"rendered":"Re\u00adspensabel: Mein Wort-Schatz"},"content":{"rendered":"<p>Mein Wort\u00ad-Schatz ist ein Wort, das es gar nicht gibt. Vor fast f\u00fcnfzig Jahren lernte ich von meinem Bruder das Wort <strong>respensabel<\/strong>. Tats\u00e4chlich passt dieses Wort in fast jeden Satz mit einem Adjektiv. Das Gegen\u00fcber im Gespr\u00e4ch glaubt immer zu verstehen, was man meint. Mit Klassenka\u00admeraden zusammen \u00fcbte ich, dieses Wort im Unterricht zu verwenden und wie selbstverst\u00e4ndlich zu benutzen. Wie gro\u00df waren unser Erstaunen und unsere stille Freude, als wir eines Tages das Wort \u00bbrespensabel\u00ab auch aus dem Mund eines Lehrers h\u00f6rten!<\/p>\n<p><strong>Martin Hartmann<\/strong>, Haslach, Schwarzwald<\/p>\n","protected":false},"excerpt":{"rendered":"<p>Mein Wort\u00ad-Schatz ist ein Wort, das es gar nicht gibt. Vor fast f\u00fcnfzig Jahren lernte ich von meinem Bruder das Wort respensabel. Tats\u00e4chlich passt dieses Wort in fast jeden Satz mit einem Adjektiv. Das Gegen\u00fcber im Gespr\u00e4ch glaubt immer zu verstehen, was man meint. Mit Klassenka\u00admeraden zusammen \u00fcbte ich, dieses Wort im Unterricht zu verwenden [&hellip;]<\/p>\n","protected":false},"author":265,"featured_media":0,"comment_status":"open","ping_status":"open","sticky":false,"template":"","format":"standard","meta":{"_jetpack_memberships_contains_paid_content":false,"footnotes":""},"categories":[5687],"tags":[],"class_list":["post-13283","post","type-post","status-publish","format-standard","hentry","category-mein-wort-schatz"],"yoast_head":"<!-- This site is optimized with the Yoast SEO plugin v21.0 - https:\/\/yoast.com\/wordpress\/plugins\/seo\/ -->\n<title>Re\u00adspensabel: Mein Wort-Schatz - ZEIT der Leser<\/title>\n<meta name=\"robots\" content=\"index, follow, max-snippet:-1, max-image-preview:large, max-video-preview:-1\" \/>\n<link rel=\"canonical\" href=\"https:\/\/blog.zeit.de\/zeit-der-leser\/2013\/04\/25\/mein-wort-schatz-respensabel\/\" \/>\n<meta property=\"og:locale\" content=\"de_DE\" \/>\n<meta property=\"og:type\" content=\"article\" \/>\n<meta property=\"og:title\" content=\"Re\u00adspensabel: Mein Wort-Schatz - ZEIT der Leser\" \/>\n<meta property=\"og:description\" content=\"Mein Wort\u00ad-Schatz ist ein Wort, das es gar nicht gibt. Vor fast f\u00fcnfzig Jahren lernte ich von meinem Bruder das Wort respensabel. Tats\u00e4chlich passt dieses Wort in fast jeden Satz mit einem Adjektiv. Das Gegen\u00fcber im Gespr\u00e4ch glaubt immer zu verstehen, was man meint. Mit Klassenka\u00admeraden zusammen \u00fcbte ich, dieses Wort im Unterricht zu verwenden [&hellip;]\" \/>\n<meta property=\"og:url\" content=\"https:\/\/blog.zeit.de\/zeit-der-leser\/2013\/04\/25\/mein-wort-schatz-respensabel\/\" \/>\n<meta property=\"og:site_name\" content=\"ZEIT der Leser\" \/>\n<meta property=\"article:published_time\" content=\"2013-04-25T07:00:45+00:00\" \/>\n<meta property=\"article:modified_time\" content=\"2015-02-20T13:39:23+00:00\" \/>\n<meta name=\"author\" content=\"&quot;Zeit der Leser&quot;-Redaktion\" \/>\n<meta name=\"twitter:card\" content=\"summary_large_image\" \/>\n<meta name=\"twitter:label1\" content=\"Geschrieben von\" \/>\n\t<meta name=\"twitter:data1\" content=\"\"Zeit der Leser\"-Redaktion\" \/>\n<script type=\"application\/ld+json\" class=\"yoast-schema-graph\">{\"@context\":\"https:\/\/schema.org\",\"@graph\":[{\"@type\":\"WebPage\",\"@id\":\"https:\/\/blog.zeit.de\/zeit-der-leser\/2013\/04\/25\/mein-wort-schatz-respensabel\/\",\"url\":\"https:\/\/blog.zeit.de\/zeit-der-leser\/2013\/04\/25\/mein-wort-schatz-respensabel\/\",\"name\":\"Re\u00adspensabel: Mein Wort-Schatz - ZEIT der Leser\",\"isPartOf\":{\"@id\":\"https:\/\/blog.zeit.de\/zeit-der-leser\/#website\"},\"datePublished\":\"2013-04-25T07:00:45+00:00\",\"dateModified\":\"2015-02-20T13:39:23+00:00\",\"author\":{\"@id\":\"https:\/\/blog.zeit.de\/zeit-der-leser\/#\/schema\/person\/583b14e5ad6368c23af846ecbde9f20f\"},\"breadcrumb\":{\"@id\":\"https:\/\/blog.zeit.de\/zeit-der-leser\/2013\/04\/25\/mein-wort-schatz-respensabel\/#breadcrumb\"},\"inLanguage\":\"de\",\"potentialAction\":[{\"@type\":\"ReadAction\",\"target\":[\"https:\/\/blog.zeit.de\/zeit-der-leser\/2013\/04\/25\/mein-wort-schatz-respensabel\/\"]}]},{\"@type\":\"BreadcrumbList\",\"@id\":\"https:\/\/blog.zeit.de\/zeit-der-leser\/2013\/04\/25\/mein-wort-schatz-respensabel\/#breadcrumb\",\"itemListElement\":[{\"@type\":\"ListItem\",\"position\":1,\"name\":\"Startseite\",\"item\":\"https:\/\/blog.zeit.de\/zeit-der-leser\/\"},{\"@type\":\"ListItem\",\"position\":2,\"name\":\"Re\u00adspensabel: Mein Wort-Schatz\"}]},{\"@type\":\"WebSite\",\"@id\":\"https:\/\/blog.zeit.de\/zeit-der-leser\/#website\",\"url\":\"https:\/\/blog.zeit.de\/zeit-der-leser\/\",\"name\":\"ZEIT der Leser\",\"description\":\"Ein Blog mit Ihren Notizen, Gedichten und Bildern f\u00fcr die gedruckte ZEIT\",\"potentialAction\":[{\"@type\":\"SearchAction\",\"target\":{\"@type\":\"EntryPoint\",\"urlTemplate\":\"https:\/\/blog.zeit.de\/zeit-der-leser\/?s={search_term_string}\"},\"query-input\":\"required name=search_term_string\"}],\"inLanguage\":\"de\"},{\"@type\":\"Person\",\"@id\":\"https:\/\/blog.zeit.de\/zeit-der-leser\/#\/schema\/person\/583b14e5ad6368c23af846ecbde9f20f\",\"name\":\"\\\"Zeit der Leser\\\"-Redaktion\",\"image\":{\"@type\":\"ImageObject\",\"inLanguage\":\"de\",\"@id\":\"https:\/\/blog.zeit.de\/zeit-der-leser\/#\/schema\/person\/image\/\",\"url\":\"https:\/\/secure.gravatar.com\/avatar\/e801a681bd3bbf2345131a815930b48d9f8e0a94de1346b624840dc850f67ad0?s=96&d=mm&r=g\",\"contentUrl\":\"https:\/\/secure.gravatar.com\/avatar\/e801a681bd3bbf2345131a815930b48d9f8e0a94de1346b624840dc850f67ad0?s=96&d=mm&r=g\",\"caption\":\"\\\"Zeit der Leser\\\"-Redaktion\"},\"url\":\"https:\/\/blog.zeit.de\/zeit-der-leser\/author\/zeit-der-leser-redaktion\/\"}]}<\/script>\n<!-- \/ Yoast SEO plugin. -->","yoast_head_json":{"title":"Re\u00adspensabel: Mein Wort-Schatz - ZEIT der Leser","robots":{"index":"index","follow":"follow","max-snippet":"max-snippet:-1","max-image-preview":"max-image-preview:large","max-video-preview":"max-video-preview:-1"},"canonical":"https:\/\/blog.zeit.de\/zeit-der-leser\/2013\/04\/25\/mein-wort-schatz-respensabel\/","og_locale":"de_DE","og_type":"article","og_title":"Re\u00adspensabel: Mein Wort-Schatz - ZEIT der Leser","og_description":"Mein Wort\u00ad-Schatz ist ein Wort, das es gar nicht gibt. Vor fast f\u00fcnfzig Jahren lernte ich von meinem Bruder das Wort respensabel. Tats\u00e4chlich passt dieses Wort in fast jeden Satz mit einem Adjektiv. Das Gegen\u00fcber im Gespr\u00e4ch glaubt immer zu verstehen, was man meint. Mit Klassenka\u00admeraden zusammen \u00fcbte ich, dieses Wort im Unterricht zu verwenden [&hellip;]","og_url":"https:\/\/blog.zeit.de\/zeit-der-leser\/2013\/04\/25\/mein-wort-schatz-respensabel\/","og_site_name":"ZEIT der Leser","article_published_time":"2013-04-25T07:00:45+00:00","article_modified_time":"2015-02-20T13:39:23+00:00","author":"\"Zeit der Leser\"-Redaktion","twitter_card":"summary_large_image","twitter_misc":{"Geschrieben von":"\"Zeit der Leser\"-Redaktion"},"schema":{"@context":"https:\/\/schema.org","@graph":[{"@type":"WebPage","@id":"https:\/\/blog.zeit.de\/zeit-der-leser\/2013\/04\/25\/mein-wort-schatz-respensabel\/","url":"https:\/\/blog.zeit.de\/zeit-der-leser\/2013\/04\/25\/mein-wort-schatz-respensabel\/","name":"Re\u00adspensabel: Mein Wort-Schatz - ZEIT der Leser","isPartOf":{"@id":"https:\/\/blog.zeit.de\/zeit-der-leser\/#website"},"datePublished":"2013-04-25T07:00:45+00:00","dateModified":"2015-02-20T13:39:23+00:00","author":{"@id":"https:\/\/blog.zeit.de\/zeit-der-leser\/#\/schema\/person\/583b14e5ad6368c23af846ecbde9f20f"},"breadcrumb":{"@id":"https:\/\/blog.zeit.de\/zeit-der-leser\/2013\/04\/25\/mein-wort-schatz-respensabel\/#breadcrumb"},"inLanguage":"de","potentialAction":[{"@type":"ReadAction","target":["https:\/\/blog.zeit.de\/zeit-der-leser\/2013\/04\/25\/mein-wort-schatz-respensabel\/"]}]},{"@type":"BreadcrumbList","@id":"https:\/\/blog.zeit.de\/zeit-der-leser\/2013\/04\/25\/mein-wort-schatz-respensabel\/#breadcrumb","itemListElement":[{"@type":"ListItem","position":1,"name":"Startseite","item":"https:\/\/blog.zeit.de\/zeit-der-leser\/"},{"@type":"ListItem","position":2,"name":"Re\u00adspensabel: Mein Wort-Schatz"}]},{"@type":"WebSite","@id":"https:\/\/blog.zeit.de\/zeit-der-leser\/#website","url":"https:\/\/blog.zeit.de\/zeit-der-leser\/","name":"ZEIT der Leser","description":"Ein Blog mit Ihren Notizen, Gedichten und Bildern f\u00fcr die gedruckte ZEIT","potentialAction":[{"@type":"SearchAction","target":{"@type":"EntryPoint","urlTemplate":"https:\/\/blog.zeit.de\/zeit-der-leser\/?s={search_term_string}"},"query-input":"required name=search_term_string"}],"inLanguage":"de"},{"@type":"Person","@id":"https:\/\/blog.zeit.de\/zeit-der-leser\/#\/schema\/person\/583b14e5ad6368c23af846ecbde9f20f","name":"\"Zeit der Leser\"-Redaktion","image":{"@type":"ImageObject","inLanguage":"de","@id":"https:\/\/blog.zeit.de\/zeit-der-leser\/#\/schema\/person\/image\/","url":"https:\/\/secure.gravatar.com\/avatar\/e801a681bd3bbf2345131a815930b48d9f8e0a94de1346b624840dc850f67ad0?s=96&d=mm&r=g","contentUrl":"https:\/\/secure.gravatar.com\/avatar\/e801a681bd3bbf2345131a815930b48d9f8e0a94de1346b624840dc850f67ad0?s=96&d=mm&r=g","caption":"\"Zeit der Leser\"-Redaktion"},"url":"https:\/\/blog.zeit.de\/zeit-der-leser\/author\/zeit-der-leser-redaktion\/"}]}},"jetpack_featured_media_url":"","jetpack_sharing_enabled":true,"_links":{"self":[{"href":"https:\/\/blog.zeit.de\/zeit-der-leser\/wp-json\/wp\/v2\/posts\/13283","targetHints":{"allow":["GET"]}}],"collection":[{"href":"https:\/\/blog.zeit.de\/zeit-der-leser\/wp-json\/wp\/v2\/posts"}],"about":[{"href":"https:\/\/blog.zeit.de\/zeit-der-leser\/wp-json\/wp\/v2\/types\/post"}],"author":[{"embeddable":true,"href":"https:\/\/blog.zeit.de\/zeit-der-leser\/wp-json\/wp\/v2\/users\/265"}],"replies":[{"embeddable":true,"href":"https:\/\/blog.zeit.de\/zeit-der-leser\/wp-json\/wp\/v2\/comments?post=13283"}],"version-history":[{"count":6,"href":"https:\/\/blog.zeit.de\/zeit-der-leser\/wp-json\/wp\/v2\/posts\/13283\/revisions"}],"predecessor-version":[{"id":19696,"href":"https:\/\/blog.zeit.de\/zeit-der-leser\/wp-json\/wp\/v2\/posts\/13283\/revisions\/19696"}],"wp:attachment":[{"href":"https:\/\/blog.zeit.de\/zeit-der-leser\/wp-json\/wp\/v2\/media?parent=13283"}],"wp:term":[{"taxonomy":"category","embeddable":true,"href":"https:\/\/blog.zeit.de\/zeit-der-leser\/wp-json\/wp\/v2\/categories?post=13283"},{"taxonomy":"post_tag","embeddable":true,"href":"https:\/\/blog.zeit.de\/zeit-der-leser\/wp-json\/wp\/v2\/tags?post=13283"}],"curies":[{"name":"wp","href":"https:\/\/api.w.org\/{rel}","templated":true}]}}