{"id":13309,"date":"2013-04-30T11:00:58","date_gmt":"2013-04-30T09:00:58","guid":{"rendered":"http:\/\/blog.zeit.de\/zeit-der-leser\/?p=13309"},"modified":"2013-04-30T11:01:14","modified_gmt":"2013-04-30T09:01:14","slug":"was-mein-leben-reicher-macht-1238","status":"publish","type":"post","link":"https:\/\/blog.zeit.de\/zeit-der-leser\/2013\/04\/30\/was-mein-leben-reicher-macht-1238\/","title":{"rendered":"Was mein Leben reicher macht"},"content":{"rendered":"<p>Ende M\u00e4rz, grauer Himmel, Schneeregen. Mein Mann und ich bekommen eine Sehnsucht nach Fr\u00fchling, die sofort gestillt werden muss. Wir fahren in den Bo\u00adtanischen Garten in M\u00fcnchen und haben drei Stunden Sonne, Kaffee drau\u00dfen, Krokuswiesen. Im Gew\u00e4chshaus steht ein 200 Jahre alter Pomeranzenbaum. Er tr\u00e4gt gerade Fr\u00fcchte und gleichzeitig zum Schwindligwerden duftende wei\u00dfe Bl\u00fcten. Bei den tropischen Schmetterlingen schwir\u00adren noch ein paar umher. Einer setzt sich auf meine Hand \u2013 und bleibt. Bis ich ihn auf eine Orchideenbl\u00fcte setze. Drau\u00dfen ist der Himmel wieder grau, und es st\u00fcrmt. Aber wir waren kurz im Paradies.<\/p>\n<p><strong>Ingrid Riedmeier<\/strong>, Unterschlei\u00dfheim<\/p>\n","protected":false},"excerpt":{"rendered":"<p>Ende M\u00e4rz, grauer Himmel, Schneeregen. Mein Mann und ich bekommen eine Sehnsucht nach Fr\u00fchling, die sofort gestillt werden muss. Wir fahren in den Bo\u00adtanischen Garten in M\u00fcnchen und haben drei Stunden Sonne, Kaffee drau\u00dfen, Krokuswiesen. Im Gew\u00e4chshaus steht ein 200 Jahre alter Pomeranzenbaum. Er tr\u00e4gt gerade Fr\u00fcchte und gleichzeitig zum Schwindligwerden duftende wei\u00dfe Bl\u00fcten. Bei [&hellip;]<\/p>\n","protected":false},"author":265,"featured_media":0,"comment_status":"open","ping_status":"open","sticky":false,"template":"","format":"standard","meta":{"_jetpack_memberships_contains_paid_content":false,"footnotes":""},"categories":[1871],"tags":[],"class_list":["post-13309","post","type-post","status-publish","format-standard","hentry","category-was-mein-leben-reicher-macht"],"yoast_head":"<!-- This site is optimized with the Yoast SEO plugin v21.0 - https:\/\/yoast.com\/wordpress\/plugins\/seo\/ -->\n<title>Was mein Leben reicher macht - ZEIT der Leser<\/title>\n<meta name=\"robots\" content=\"index, follow, max-snippet:-1, max-image-preview:large, max-video-preview:-1\" \/>\n<link rel=\"canonical\" href=\"https:\/\/blog.zeit.de\/zeit-der-leser\/2013\/04\/30\/was-mein-leben-reicher-macht-1238\/\" \/>\n<meta property=\"og:locale\" content=\"de_DE\" \/>\n<meta property=\"og:type\" content=\"article\" \/>\n<meta property=\"og:title\" content=\"Was mein Leben reicher macht - ZEIT der Leser\" \/>\n<meta property=\"og:description\" content=\"Ende M\u00e4rz, grauer Himmel, Schneeregen. Mein Mann und ich bekommen eine Sehnsucht nach Fr\u00fchling, die sofort gestillt werden muss. Wir fahren in den Bo\u00adtanischen Garten in M\u00fcnchen und haben drei Stunden Sonne, Kaffee drau\u00dfen, Krokuswiesen. Im Gew\u00e4chshaus steht ein 200 Jahre alter Pomeranzenbaum. Er tr\u00e4gt gerade Fr\u00fcchte und gleichzeitig zum Schwindligwerden duftende wei\u00dfe Bl\u00fcten. Bei [&hellip;]\" \/>\n<meta property=\"og:url\" content=\"https:\/\/blog.zeit.de\/zeit-der-leser\/2013\/04\/30\/was-mein-leben-reicher-macht-1238\/\" \/>\n<meta property=\"og:site_name\" content=\"ZEIT der Leser\" \/>\n<meta property=\"article:published_time\" content=\"2013-04-30T09:00:58+00:00\" \/>\n<meta property=\"article:modified_time\" content=\"2013-04-30T09:01:14+00:00\" \/>\n<meta name=\"author\" content=\"&quot;Zeit der Leser&quot;-Redaktion\" \/>\n<meta name=\"twitter:card\" content=\"summary_large_image\" \/>\n<meta name=\"twitter:label1\" content=\"Geschrieben von\" \/>\n\t<meta name=\"twitter:data1\" content=\"\"Zeit der Leser\"-Redaktion\" \/>\n\t<meta name=\"twitter:label2\" content=\"Gesch\u00e4tzte Lesezeit\" \/>\n\t<meta name=\"twitter:data2\" content=\"1\u00a0Minute\" \/>\n<script type=\"application\/ld+json\" class=\"yoast-schema-graph\">{\"@context\":\"https:\/\/schema.org\",\"@graph\":[{\"@type\":\"WebPage\",\"@id\":\"https:\/\/blog.zeit.de\/zeit-der-leser\/2013\/04\/30\/was-mein-leben-reicher-macht-1238\/\",\"url\":\"https:\/\/blog.zeit.de\/zeit-der-leser\/2013\/04\/30\/was-mein-leben-reicher-macht-1238\/\",\"name\":\"Was mein Leben reicher macht - ZEIT der Leser\",\"isPartOf\":{\"@id\":\"https:\/\/blog.zeit.de\/zeit-der-leser\/#website\"},\"datePublished\":\"2013-04-30T09:00:58+00:00\",\"dateModified\":\"2013-04-30T09:01:14+00:00\",\"author\":{\"@id\":\"https:\/\/blog.zeit.de\/zeit-der-leser\/#\/schema\/person\/583b14e5ad6368c23af846ecbde9f20f\"},\"breadcrumb\":{\"@id\":\"https:\/\/blog.zeit.de\/zeit-der-leser\/2013\/04\/30\/was-mein-leben-reicher-macht-1238\/#breadcrumb\"},\"inLanguage\":\"de\",\"potentialAction\":[{\"@type\":\"ReadAction\",\"target\":[\"https:\/\/blog.zeit.de\/zeit-der-leser\/2013\/04\/30\/was-mein-leben-reicher-macht-1238\/\"]}]},{\"@type\":\"BreadcrumbList\",\"@id\":\"https:\/\/blog.zeit.de\/zeit-der-leser\/2013\/04\/30\/was-mein-leben-reicher-macht-1238\/#breadcrumb\",\"itemListElement\":[{\"@type\":\"ListItem\",\"position\":1,\"name\":\"Startseite\",\"item\":\"https:\/\/blog.zeit.de\/zeit-der-leser\/\"},{\"@type\":\"ListItem\",\"position\":2,\"name\":\"Was mein Leben reicher macht\"}]},{\"@type\":\"WebSite\",\"@id\":\"https:\/\/blog.zeit.de\/zeit-der-leser\/#website\",\"url\":\"https:\/\/blog.zeit.de\/zeit-der-leser\/\",\"name\":\"ZEIT der Leser\",\"description\":\"Ein Blog mit Ihren Notizen, Gedichten und Bildern f\u00fcr die gedruckte ZEIT\",\"potentialAction\":[{\"@type\":\"SearchAction\",\"target\":{\"@type\":\"EntryPoint\",\"urlTemplate\":\"https:\/\/blog.zeit.de\/zeit-der-leser\/?s={search_term_string}\"},\"query-input\":\"required name=search_term_string\"}],\"inLanguage\":\"de\"},{\"@type\":\"Person\",\"@id\":\"https:\/\/blog.zeit.de\/zeit-der-leser\/#\/schema\/person\/583b14e5ad6368c23af846ecbde9f20f\",\"name\":\"\\\"Zeit der Leser\\\"-Redaktion\",\"image\":{\"@type\":\"ImageObject\",\"inLanguage\":\"de\",\"@id\":\"https:\/\/blog.zeit.de\/zeit-der-leser\/#\/schema\/person\/image\/\",\"url\":\"https:\/\/secure.gravatar.com\/avatar\/e801a681bd3bbf2345131a815930b48d9f8e0a94de1346b624840dc850f67ad0?s=96&d=mm&r=g\",\"contentUrl\":\"https:\/\/secure.gravatar.com\/avatar\/e801a681bd3bbf2345131a815930b48d9f8e0a94de1346b624840dc850f67ad0?s=96&d=mm&r=g\",\"caption\":\"\\\"Zeit der Leser\\\"-Redaktion\"},\"url\":\"https:\/\/blog.zeit.de\/zeit-der-leser\/author\/zeit-der-leser-redaktion\/\"}]}<\/script>\n<!-- \/ Yoast SEO plugin. -->","yoast_head_json":{"title":"Was mein Leben reicher macht - ZEIT der Leser","robots":{"index":"index","follow":"follow","max-snippet":"max-snippet:-1","max-image-preview":"max-image-preview:large","max-video-preview":"max-video-preview:-1"},"canonical":"https:\/\/blog.zeit.de\/zeit-der-leser\/2013\/04\/30\/was-mein-leben-reicher-macht-1238\/","og_locale":"de_DE","og_type":"article","og_title":"Was mein Leben reicher macht - ZEIT der Leser","og_description":"Ende M\u00e4rz, grauer Himmel, Schneeregen. Mein Mann und ich bekommen eine Sehnsucht nach Fr\u00fchling, die sofort gestillt werden muss. Wir fahren in den Bo\u00adtanischen Garten in M\u00fcnchen und haben drei Stunden Sonne, Kaffee drau\u00dfen, Krokuswiesen. Im Gew\u00e4chshaus steht ein 200 Jahre alter Pomeranzenbaum. Er tr\u00e4gt gerade Fr\u00fcchte und gleichzeitig zum Schwindligwerden duftende wei\u00dfe Bl\u00fcten. Bei [&hellip;]","og_url":"https:\/\/blog.zeit.de\/zeit-der-leser\/2013\/04\/30\/was-mein-leben-reicher-macht-1238\/","og_site_name":"ZEIT der Leser","article_published_time":"2013-04-30T09:00:58+00:00","article_modified_time":"2013-04-30T09:01:14+00:00","author":"\"Zeit der Leser\"-Redaktion","twitter_card":"summary_large_image","twitter_misc":{"Geschrieben von":"\"Zeit der Leser\"-Redaktion","Gesch\u00e4tzte Lesezeit":"1\u00a0Minute"},"schema":{"@context":"https:\/\/schema.org","@graph":[{"@type":"WebPage","@id":"https:\/\/blog.zeit.de\/zeit-der-leser\/2013\/04\/30\/was-mein-leben-reicher-macht-1238\/","url":"https:\/\/blog.zeit.de\/zeit-der-leser\/2013\/04\/30\/was-mein-leben-reicher-macht-1238\/","name":"Was mein Leben reicher macht - ZEIT der Leser","isPartOf":{"@id":"https:\/\/blog.zeit.de\/zeit-der-leser\/#website"},"datePublished":"2013-04-30T09:00:58+00:00","dateModified":"2013-04-30T09:01:14+00:00","author":{"@id":"https:\/\/blog.zeit.de\/zeit-der-leser\/#\/schema\/person\/583b14e5ad6368c23af846ecbde9f20f"},"breadcrumb":{"@id":"https:\/\/blog.zeit.de\/zeit-der-leser\/2013\/04\/30\/was-mein-leben-reicher-macht-1238\/#breadcrumb"},"inLanguage":"de","potentialAction":[{"@type":"ReadAction","target":["https:\/\/blog.zeit.de\/zeit-der-leser\/2013\/04\/30\/was-mein-leben-reicher-macht-1238\/"]}]},{"@type":"BreadcrumbList","@id":"https:\/\/blog.zeit.de\/zeit-der-leser\/2013\/04\/30\/was-mein-leben-reicher-macht-1238\/#breadcrumb","itemListElement":[{"@type":"ListItem","position":1,"name":"Startseite","item":"https:\/\/blog.zeit.de\/zeit-der-leser\/"},{"@type":"ListItem","position":2,"name":"Was mein Leben reicher macht"}]},{"@type":"WebSite","@id":"https:\/\/blog.zeit.de\/zeit-der-leser\/#website","url":"https:\/\/blog.zeit.de\/zeit-der-leser\/","name":"ZEIT der Leser","description":"Ein Blog mit Ihren Notizen, Gedichten und Bildern f\u00fcr die gedruckte ZEIT","potentialAction":[{"@type":"SearchAction","target":{"@type":"EntryPoint","urlTemplate":"https:\/\/blog.zeit.de\/zeit-der-leser\/?s={search_term_string}"},"query-input":"required name=search_term_string"}],"inLanguage":"de"},{"@type":"Person","@id":"https:\/\/blog.zeit.de\/zeit-der-leser\/#\/schema\/person\/583b14e5ad6368c23af846ecbde9f20f","name":"\"Zeit der Leser\"-Redaktion","image":{"@type":"ImageObject","inLanguage":"de","@id":"https:\/\/blog.zeit.de\/zeit-der-leser\/#\/schema\/person\/image\/","url":"https:\/\/secure.gravatar.com\/avatar\/e801a681bd3bbf2345131a815930b48d9f8e0a94de1346b624840dc850f67ad0?s=96&d=mm&r=g","contentUrl":"https:\/\/secure.gravatar.com\/avatar\/e801a681bd3bbf2345131a815930b48d9f8e0a94de1346b624840dc850f67ad0?s=96&d=mm&r=g","caption":"\"Zeit der Leser\"-Redaktion"},"url":"https:\/\/blog.zeit.de\/zeit-der-leser\/author\/zeit-der-leser-redaktion\/"}]}},"jetpack_featured_media_url":"","jetpack_sharing_enabled":true,"_links":{"self":[{"href":"https:\/\/blog.zeit.de\/zeit-der-leser\/wp-json\/wp\/v2\/posts\/13309","targetHints":{"allow":["GET"]}}],"collection":[{"href":"https:\/\/blog.zeit.de\/zeit-der-leser\/wp-json\/wp\/v2\/posts"}],"about":[{"href":"https:\/\/blog.zeit.de\/zeit-der-leser\/wp-json\/wp\/v2\/types\/post"}],"author":[{"embeddable":true,"href":"https:\/\/blog.zeit.de\/zeit-der-leser\/wp-json\/wp\/v2\/users\/265"}],"replies":[{"embeddable":true,"href":"https:\/\/blog.zeit.de\/zeit-der-leser\/wp-json\/wp\/v2\/comments?post=13309"}],"version-history":[{"count":3,"href":"https:\/\/blog.zeit.de\/zeit-der-leser\/wp-json\/wp\/v2\/posts\/13309\/revisions"}],"predecessor-version":[{"id":13412,"href":"https:\/\/blog.zeit.de\/zeit-der-leser\/wp-json\/wp\/v2\/posts\/13309\/revisions\/13412"}],"wp:attachment":[{"href":"https:\/\/blog.zeit.de\/zeit-der-leser\/wp-json\/wp\/v2\/media?parent=13309"}],"wp:term":[{"taxonomy":"category","embeddable":true,"href":"https:\/\/blog.zeit.de\/zeit-der-leser\/wp-json\/wp\/v2\/categories?post=13309"},{"taxonomy":"post_tag","embeddable":true,"href":"https:\/\/blog.zeit.de\/zeit-der-leser\/wp-json\/wp\/v2\/tags?post=13309"}],"curies":[{"name":"wp","href":"https:\/\/api.w.org\/{rel}","templated":true}]}}