{"id":13519,"date":"2013-05-14T18:00:20","date_gmt":"2013-05-14T16:00:20","guid":{"rendered":"http:\/\/blog.zeit.de\/zeit-der-leser\/?p=13519"},"modified":"2013-05-14T18:00:30","modified_gmt":"2013-05-14T16:00:30","slug":"was-mein-leben-reicher-macht-1261","status":"publish","type":"post","link":"https:\/\/blog.zeit.de\/zeit-der-leser\/2013\/05\/14\/was-mein-leben-reicher-macht-1261\/","title":{"rendered":"Was mein Leben reicher macht"},"content":{"rendered":"<p>Mit einer Brustkrebsdiagnose bin ich beruflich f\u00fcr mehrere Monate aus dem Verkehr gezogen. Doch Familie, Freundinnen, Freunde und Kolleginnen unterst\u00fctzen und tragen mich so sehr, dass es mir damit gar nicht wirklich schlecht gehen kann. Und dann noch das: Regelm\u00e4\u00dfig bekomme ich Briefe von meiner Grundschulklasse. Ein Junge, 8 Jahre, schreibt mir: \u00bbIch w\u00fcnsche dir von allen am meisten Gl\u00fcck, soviel Gl\u00fcck, dass die Erde gl\u00fccklos ist.\u00ab Sicher wei\u00df er, dass das gar nicht geht. Aber was er mir damit sagen will, macht mich sprachlos \u2013 und reicher.<\/p>\n<p><em>Dorothea Schmidt, Bremen<\/em><\/p>\n","protected":false},"excerpt":{"rendered":"<p>Mit einer Brustkrebsdiagnose bin ich beruflich f\u00fcr mehrere Monate aus dem Verkehr gezogen. Doch Familie, Freundinnen, Freunde und Kolleginnen unterst\u00fctzen und tragen mich so sehr, dass es mir damit gar nicht wirklich schlecht gehen kann. Und dann noch das: Regelm\u00e4\u00dfig bekomme ich Briefe von meiner Grundschulklasse. Ein Junge, 8 Jahre, schreibt mir: \u00bbIch w\u00fcnsche dir [&hellip;]<\/p>\n","protected":false},"author":265,"featured_media":0,"comment_status":"open","ping_status":"open","sticky":false,"template":"","format":"standard","meta":{"_jetpack_memberships_contains_paid_content":false,"footnotes":""},"categories":[1871],"tags":[],"class_list":["post-13519","post","type-post","status-publish","format-standard","hentry","category-was-mein-leben-reicher-macht"],"yoast_head":"<!-- This site is optimized with the Yoast SEO plugin v21.0 - https:\/\/yoast.com\/wordpress\/plugins\/seo\/ -->\n<title>Was mein Leben reicher macht - ZEIT der Leser<\/title>\n<meta name=\"robots\" content=\"index, follow, max-snippet:-1, max-image-preview:large, max-video-preview:-1\" \/>\n<link rel=\"canonical\" href=\"https:\/\/blog.zeit.de\/zeit-der-leser\/2013\/05\/14\/was-mein-leben-reicher-macht-1261\/\" \/>\n<meta property=\"og:locale\" content=\"de_DE\" \/>\n<meta property=\"og:type\" content=\"article\" \/>\n<meta property=\"og:title\" content=\"Was mein Leben reicher macht - ZEIT der Leser\" \/>\n<meta property=\"og:description\" content=\"Mit einer Brustkrebsdiagnose bin ich beruflich f\u00fcr mehrere Monate aus dem Verkehr gezogen. Doch Familie, Freundinnen, Freunde und Kolleginnen unterst\u00fctzen und tragen mich so sehr, dass es mir damit gar nicht wirklich schlecht gehen kann. Und dann noch das: Regelm\u00e4\u00dfig bekomme ich Briefe von meiner Grundschulklasse. Ein Junge, 8 Jahre, schreibt mir: \u00bbIch w\u00fcnsche dir [&hellip;]\" \/>\n<meta property=\"og:url\" content=\"https:\/\/blog.zeit.de\/zeit-der-leser\/2013\/05\/14\/was-mein-leben-reicher-macht-1261\/\" \/>\n<meta property=\"og:site_name\" content=\"ZEIT der Leser\" \/>\n<meta property=\"article:published_time\" content=\"2013-05-14T16:00:20+00:00\" \/>\n<meta property=\"article:modified_time\" content=\"2013-05-14T16:00:30+00:00\" \/>\n<meta name=\"author\" content=\"&quot;Zeit der Leser&quot;-Redaktion\" \/>\n<meta name=\"twitter:card\" content=\"summary_large_image\" \/>\n<meta name=\"twitter:label1\" content=\"Geschrieben von\" \/>\n\t<meta name=\"twitter:data1\" content=\"\"Zeit der Leser\"-Redaktion\" \/>\n<script type=\"application\/ld+json\" class=\"yoast-schema-graph\">{\"@context\":\"https:\/\/schema.org\",\"@graph\":[{\"@type\":\"WebPage\",\"@id\":\"https:\/\/blog.zeit.de\/zeit-der-leser\/2013\/05\/14\/was-mein-leben-reicher-macht-1261\/\",\"url\":\"https:\/\/blog.zeit.de\/zeit-der-leser\/2013\/05\/14\/was-mein-leben-reicher-macht-1261\/\",\"name\":\"Was mein Leben reicher macht - ZEIT der Leser\",\"isPartOf\":{\"@id\":\"https:\/\/blog.zeit.de\/zeit-der-leser\/#website\"},\"datePublished\":\"2013-05-14T16:00:20+00:00\",\"dateModified\":\"2013-05-14T16:00:30+00:00\",\"author\":{\"@id\":\"https:\/\/blog.zeit.de\/zeit-der-leser\/#\/schema\/person\/583b14e5ad6368c23af846ecbde9f20f\"},\"breadcrumb\":{\"@id\":\"https:\/\/blog.zeit.de\/zeit-der-leser\/2013\/05\/14\/was-mein-leben-reicher-macht-1261\/#breadcrumb\"},\"inLanguage\":\"de\",\"potentialAction\":[{\"@type\":\"ReadAction\",\"target\":[\"https:\/\/blog.zeit.de\/zeit-der-leser\/2013\/05\/14\/was-mein-leben-reicher-macht-1261\/\"]}]},{\"@type\":\"BreadcrumbList\",\"@id\":\"https:\/\/blog.zeit.de\/zeit-der-leser\/2013\/05\/14\/was-mein-leben-reicher-macht-1261\/#breadcrumb\",\"itemListElement\":[{\"@type\":\"ListItem\",\"position\":1,\"name\":\"Startseite\",\"item\":\"https:\/\/blog.zeit.de\/zeit-der-leser\/\"},{\"@type\":\"ListItem\",\"position\":2,\"name\":\"Was mein Leben reicher macht\"}]},{\"@type\":\"WebSite\",\"@id\":\"https:\/\/blog.zeit.de\/zeit-der-leser\/#website\",\"url\":\"https:\/\/blog.zeit.de\/zeit-der-leser\/\",\"name\":\"ZEIT der Leser\",\"description\":\"Ein Blog mit Ihren Notizen, Gedichten und Bildern f\u00fcr die gedruckte ZEIT\",\"potentialAction\":[{\"@type\":\"SearchAction\",\"target\":{\"@type\":\"EntryPoint\",\"urlTemplate\":\"https:\/\/blog.zeit.de\/zeit-der-leser\/?s={search_term_string}\"},\"query-input\":\"required name=search_term_string\"}],\"inLanguage\":\"de\"},{\"@type\":\"Person\",\"@id\":\"https:\/\/blog.zeit.de\/zeit-der-leser\/#\/schema\/person\/583b14e5ad6368c23af846ecbde9f20f\",\"name\":\"\\\"Zeit der Leser\\\"-Redaktion\",\"image\":{\"@type\":\"ImageObject\",\"inLanguage\":\"de\",\"@id\":\"https:\/\/blog.zeit.de\/zeit-der-leser\/#\/schema\/person\/image\/\",\"url\":\"https:\/\/secure.gravatar.com\/avatar\/e801a681bd3bbf2345131a815930b48d9f8e0a94de1346b624840dc850f67ad0?s=96&d=mm&r=g\",\"contentUrl\":\"https:\/\/secure.gravatar.com\/avatar\/e801a681bd3bbf2345131a815930b48d9f8e0a94de1346b624840dc850f67ad0?s=96&d=mm&r=g\",\"caption\":\"\\\"Zeit der Leser\\\"-Redaktion\"},\"url\":\"https:\/\/blog.zeit.de\/zeit-der-leser\/author\/zeit-der-leser-redaktion\/\"}]}<\/script>\n<!-- \/ Yoast SEO plugin. -->","yoast_head_json":{"title":"Was mein Leben reicher macht - ZEIT der Leser","robots":{"index":"index","follow":"follow","max-snippet":"max-snippet:-1","max-image-preview":"max-image-preview:large","max-video-preview":"max-video-preview:-1"},"canonical":"https:\/\/blog.zeit.de\/zeit-der-leser\/2013\/05\/14\/was-mein-leben-reicher-macht-1261\/","og_locale":"de_DE","og_type":"article","og_title":"Was mein Leben reicher macht - ZEIT der Leser","og_description":"Mit einer Brustkrebsdiagnose bin ich beruflich f\u00fcr mehrere Monate aus dem Verkehr gezogen. Doch Familie, Freundinnen, Freunde und Kolleginnen unterst\u00fctzen und tragen mich so sehr, dass es mir damit gar nicht wirklich schlecht gehen kann. Und dann noch das: Regelm\u00e4\u00dfig bekomme ich Briefe von meiner Grundschulklasse. Ein Junge, 8 Jahre, schreibt mir: \u00bbIch w\u00fcnsche dir [&hellip;]","og_url":"https:\/\/blog.zeit.de\/zeit-der-leser\/2013\/05\/14\/was-mein-leben-reicher-macht-1261\/","og_site_name":"ZEIT der Leser","article_published_time":"2013-05-14T16:00:20+00:00","article_modified_time":"2013-05-14T16:00:30+00:00","author":"\"Zeit der Leser\"-Redaktion","twitter_card":"summary_large_image","twitter_misc":{"Geschrieben von":"\"Zeit der Leser\"-Redaktion"},"schema":{"@context":"https:\/\/schema.org","@graph":[{"@type":"WebPage","@id":"https:\/\/blog.zeit.de\/zeit-der-leser\/2013\/05\/14\/was-mein-leben-reicher-macht-1261\/","url":"https:\/\/blog.zeit.de\/zeit-der-leser\/2013\/05\/14\/was-mein-leben-reicher-macht-1261\/","name":"Was mein Leben reicher macht - ZEIT der Leser","isPartOf":{"@id":"https:\/\/blog.zeit.de\/zeit-der-leser\/#website"},"datePublished":"2013-05-14T16:00:20+00:00","dateModified":"2013-05-14T16:00:30+00:00","author":{"@id":"https:\/\/blog.zeit.de\/zeit-der-leser\/#\/schema\/person\/583b14e5ad6368c23af846ecbde9f20f"},"breadcrumb":{"@id":"https:\/\/blog.zeit.de\/zeit-der-leser\/2013\/05\/14\/was-mein-leben-reicher-macht-1261\/#breadcrumb"},"inLanguage":"de","potentialAction":[{"@type":"ReadAction","target":["https:\/\/blog.zeit.de\/zeit-der-leser\/2013\/05\/14\/was-mein-leben-reicher-macht-1261\/"]}]},{"@type":"BreadcrumbList","@id":"https:\/\/blog.zeit.de\/zeit-der-leser\/2013\/05\/14\/was-mein-leben-reicher-macht-1261\/#breadcrumb","itemListElement":[{"@type":"ListItem","position":1,"name":"Startseite","item":"https:\/\/blog.zeit.de\/zeit-der-leser\/"},{"@type":"ListItem","position":2,"name":"Was mein Leben reicher macht"}]},{"@type":"WebSite","@id":"https:\/\/blog.zeit.de\/zeit-der-leser\/#website","url":"https:\/\/blog.zeit.de\/zeit-der-leser\/","name":"ZEIT der Leser","description":"Ein Blog mit Ihren Notizen, Gedichten und Bildern f\u00fcr die gedruckte ZEIT","potentialAction":[{"@type":"SearchAction","target":{"@type":"EntryPoint","urlTemplate":"https:\/\/blog.zeit.de\/zeit-der-leser\/?s={search_term_string}"},"query-input":"required name=search_term_string"}],"inLanguage":"de"},{"@type":"Person","@id":"https:\/\/blog.zeit.de\/zeit-der-leser\/#\/schema\/person\/583b14e5ad6368c23af846ecbde9f20f","name":"\"Zeit der Leser\"-Redaktion","image":{"@type":"ImageObject","inLanguage":"de","@id":"https:\/\/blog.zeit.de\/zeit-der-leser\/#\/schema\/person\/image\/","url":"https:\/\/secure.gravatar.com\/avatar\/e801a681bd3bbf2345131a815930b48d9f8e0a94de1346b624840dc850f67ad0?s=96&d=mm&r=g","contentUrl":"https:\/\/secure.gravatar.com\/avatar\/e801a681bd3bbf2345131a815930b48d9f8e0a94de1346b624840dc850f67ad0?s=96&d=mm&r=g","caption":"\"Zeit der Leser\"-Redaktion"},"url":"https:\/\/blog.zeit.de\/zeit-der-leser\/author\/zeit-der-leser-redaktion\/"}]}},"jetpack_featured_media_url":"","jetpack_sharing_enabled":true,"_links":{"self":[{"href":"https:\/\/blog.zeit.de\/zeit-der-leser\/wp-json\/wp\/v2\/posts\/13519","targetHints":{"allow":["GET"]}}],"collection":[{"href":"https:\/\/blog.zeit.de\/zeit-der-leser\/wp-json\/wp\/v2\/posts"}],"about":[{"href":"https:\/\/blog.zeit.de\/zeit-der-leser\/wp-json\/wp\/v2\/types\/post"}],"author":[{"embeddable":true,"href":"https:\/\/blog.zeit.de\/zeit-der-leser\/wp-json\/wp\/v2\/users\/265"}],"replies":[{"embeddable":true,"href":"https:\/\/blog.zeit.de\/zeit-der-leser\/wp-json\/wp\/v2\/comments?post=13519"}],"version-history":[{"count":3,"href":"https:\/\/blog.zeit.de\/zeit-der-leser\/wp-json\/wp\/v2\/posts\/13519\/revisions"}],"predecessor-version":[{"id":13550,"href":"https:\/\/blog.zeit.de\/zeit-der-leser\/wp-json\/wp\/v2\/posts\/13519\/revisions\/13550"}],"wp:attachment":[{"href":"https:\/\/blog.zeit.de\/zeit-der-leser\/wp-json\/wp\/v2\/media?parent=13519"}],"wp:term":[{"taxonomy":"category","embeddable":true,"href":"https:\/\/blog.zeit.de\/zeit-der-leser\/wp-json\/wp\/v2\/categories?post=13519"},{"taxonomy":"post_tag","embeddable":true,"href":"https:\/\/blog.zeit.de\/zeit-der-leser\/wp-json\/wp\/v2\/tags?post=13519"}],"curies":[{"name":"wp","href":"https:\/\/api.w.org\/{rel}","templated":true}]}}