{"id":13601,"date":"2013-05-20T10:00:50","date_gmt":"2013-05-20T08:00:50","guid":{"rendered":"http:\/\/blog.zeit.de\/zeit-der-leser\/?p=13601"},"modified":"2013-05-20T10:02:20","modified_gmt":"2013-05-20T08:02:20","slug":"zeitsprung-lichtkunst","status":"publish","type":"post","link":"https:\/\/blog.zeit.de\/zeit-der-leser\/2013\/05\/20\/zeitsprung-lichtkunst\/","title":{"rendered":"Zeitsprung: Lichtkunst"},"content":{"rendered":"<p><figure id=\"attachment_13602\" aria-describedby=\"caption-attachment-13602\" style=\"width: 580px\" class=\"wp-caption aligncenter\"><a href=\"https:\/\/blog.zeit.de\/zeit-der-leser\/?attachment_id=13602\" rel=\"attachment wp-att-13602\"><img loading=\"lazy\" decoding=\"async\" class=\"size-full wp-image-13602\" alt=\"1984\" src=\"https:\/\/blog.zeit.de\/zeit-der-leser\/files\/2013\/05\/s80-zeitsprung-damals.jpg\" width=\"580\" height=\"407\" srcset=\"https:\/\/blog.zeit.de\/zeit-der-leser\/files\/2013\/05\/s80-zeitsprung-damals.jpg 580w, https:\/\/blog.zeit.de\/zeit-der-leser\/files\/2013\/05\/s80-zeitsprung-damals-300x210.jpg 300w\" sizes=\"auto, (max-width: 580px) 100vw, 580px\" \/><\/a><figcaption id=\"caption-attachment-13602\" class=\"wp-caption-text\">1984<\/figcaption><\/figure><\/p>\n<p><figure id=\"attachment_13603\" aria-describedby=\"caption-attachment-13603\" style=\"width: 580px\" class=\"wp-caption aligncenter\"><a href=\"https:\/\/blog.zeit.de\/zeit-der-leser\/?attachment_id=13603\" rel=\"attachment wp-att-13603\"><img loading=\"lazy\" decoding=\"async\" class=\"size-full wp-image-13603\" alt=\"2013\" src=\"https:\/\/blog.zeit.de\/zeit-der-leser\/files\/2013\/05\/s80-zeitsprung-heute.jpg\" width=\"580\" height=\"407\" srcset=\"https:\/\/blog.zeit.de\/zeit-der-leser\/files\/2013\/05\/s80-zeitsprung-heute.jpg 580w, https:\/\/blog.zeit.de\/zeit-der-leser\/files\/2013\/05\/s80-zeitsprung-heute-300x210.jpg 300w\" sizes=\"auto, (max-width: 580px) 100vw, 580px\" \/><\/a><figcaption id=\"caption-attachment-13603\" class=\"wp-caption-text\">2013<\/figcaption><\/figure><\/p>\n<p>Auf dem ersten Bild bin ich zwei Jahre alt und stehe vor einer Installation des amerikanischen K\u00fcnstlers Dan Flavin. Mein Vater hat die Aufnahme 1984 gemacht, beim Familienbesuch einer Ausstellung in Basel. Vater erz\u00e4hlt, dass ich zuvor ver\u00e4ngstigt gewesen sei von den unheimlichen Figuren von Oskar Schlemmer und den l\u00e4rmenden Maschinen von Jean Tinguely und Bernhard Luginb\u00fchl. Vor den Flavin-Neonr\u00f6hren jedoch sei ich zur Ruhe gekommen und h\u00e4tte lange staunend dort gestanden und ins Licht geguckt. Die Fotografie begleitet mich seither bei jedem Umzug, in jedem Leben. Das faszinierte Staunen ist eine F\u00e4higkeit, die ich nie verlieren will. K\u00fcrzlich fand in Wien (wo ich seit zehn Jahren lebe), im Museum Moderner Kunst eine Dan-Flavin-Ausstellung statt: ein guter Anlass, das Bild zu \u00bbaktualisieren\u00ab, wenn auch die Arbeit von damals leider diesmal nicht ausgestellt war. Fotografiert hat diesmal mein Mann.<\/p>\n<p><em>Simone Mathys-Parnreiter, Wien<\/em><\/p>\n","protected":false},"excerpt":{"rendered":"<p>Auf dem ersten Bild bin ich zwei Jahre alt und stehe vor einer Installation des amerikanischen K\u00fcnstlers Dan Flavin. Mein Vater hat die Aufnahme 1984 gemacht, beim Familienbesuch einer Ausstellung in Basel. Vater erz\u00e4hlt, dass ich zuvor ver\u00e4ngstigt gewesen sei von den unheimlichen Figuren von Oskar Schlemmer und den l\u00e4rmenden Maschinen von Jean Tinguely und [&hellip;]<\/p>\n","protected":false},"author":265,"featured_media":0,"comment_status":"open","ping_status":"open","sticky":false,"template":"","format":"standard","meta":{"_jetpack_memberships_contains_paid_content":false,"footnotes":""},"categories":[1878],"tags":[],"class_list":["post-13601","post","type-post","status-publish","format-standard","hentry","category-zeitsprung"],"yoast_head":"<!-- This site is optimized with the Yoast SEO plugin v21.0 - https:\/\/yoast.com\/wordpress\/plugins\/seo\/ -->\n<title>Zeitsprung: Lichtkunst - ZEIT der Leser<\/title>\n<meta name=\"robots\" content=\"index, follow, max-snippet:-1, max-image-preview:large, max-video-preview:-1\" \/>\n<link rel=\"canonical\" href=\"https:\/\/blog.zeit.de\/zeit-der-leser\/2013\/05\/20\/zeitsprung-lichtkunst\/\" \/>\n<meta property=\"og:locale\" content=\"de_DE\" \/>\n<meta property=\"og:type\" content=\"article\" \/>\n<meta property=\"og:title\" content=\"Zeitsprung: Lichtkunst - ZEIT der Leser\" \/>\n<meta property=\"og:description\" content=\"Auf dem ersten Bild bin ich zwei Jahre alt und stehe vor einer Installation des amerikanischen K\u00fcnstlers Dan Flavin. Mein Vater hat die Aufnahme 1984 gemacht, beim Familienbesuch einer Ausstellung in Basel. Vater erz\u00e4hlt, dass ich zuvor ver\u00e4ngstigt gewesen sei von den unheimlichen Figuren von Oskar Schlemmer und den l\u00e4rmenden Maschinen von Jean Tinguely und [&hellip;]\" \/>\n<meta property=\"og:url\" content=\"https:\/\/blog.zeit.de\/zeit-der-leser\/2013\/05\/20\/zeitsprung-lichtkunst\/\" \/>\n<meta property=\"og:site_name\" content=\"ZEIT der Leser\" \/>\n<meta property=\"article:published_time\" content=\"2013-05-20T08:00:50+00:00\" \/>\n<meta property=\"article:modified_time\" content=\"2013-05-20T08:02:20+00:00\" \/>\n<meta property=\"og:image\" content=\"https:\/\/blog.zeit.de\/zeit-der-leser\/files\/2013\/05\/s80-zeitsprung-damals.jpg\" \/>\n<meta name=\"author\" content=\"&quot;Zeit der Leser&quot;-Redaktion\" \/>\n<meta name=\"twitter:card\" content=\"summary_large_image\" \/>\n<meta name=\"twitter:label1\" content=\"Geschrieben von\" \/>\n\t<meta name=\"twitter:data1\" content=\"\"Zeit der Leser\"-Redaktion\" \/>\n\t<meta name=\"twitter:label2\" content=\"Gesch\u00e4tzte Lesezeit\" \/>\n\t<meta name=\"twitter:data2\" content=\"1\u00a0Minute\" \/>\n<script type=\"application\/ld+json\" class=\"yoast-schema-graph\">{\"@context\":\"https:\/\/schema.org\",\"@graph\":[{\"@type\":\"WebPage\",\"@id\":\"https:\/\/blog.zeit.de\/zeit-der-leser\/2013\/05\/20\/zeitsprung-lichtkunst\/\",\"url\":\"https:\/\/blog.zeit.de\/zeit-der-leser\/2013\/05\/20\/zeitsprung-lichtkunst\/\",\"name\":\"Zeitsprung: Lichtkunst - ZEIT der Leser\",\"isPartOf\":{\"@id\":\"https:\/\/blog.zeit.de\/zeit-der-leser\/#website\"},\"datePublished\":\"2013-05-20T08:00:50+00:00\",\"dateModified\":\"2013-05-20T08:02:20+00:00\",\"author\":{\"@id\":\"https:\/\/blog.zeit.de\/zeit-der-leser\/#\/schema\/person\/583b14e5ad6368c23af846ecbde9f20f\"},\"breadcrumb\":{\"@id\":\"https:\/\/blog.zeit.de\/zeit-der-leser\/2013\/05\/20\/zeitsprung-lichtkunst\/#breadcrumb\"},\"inLanguage\":\"de\",\"potentialAction\":[{\"@type\":\"ReadAction\",\"target\":[\"https:\/\/blog.zeit.de\/zeit-der-leser\/2013\/05\/20\/zeitsprung-lichtkunst\/\"]}]},{\"@type\":\"BreadcrumbList\",\"@id\":\"https:\/\/blog.zeit.de\/zeit-der-leser\/2013\/05\/20\/zeitsprung-lichtkunst\/#breadcrumb\",\"itemListElement\":[{\"@type\":\"ListItem\",\"position\":1,\"name\":\"Startseite\",\"item\":\"https:\/\/blog.zeit.de\/zeit-der-leser\/\"},{\"@type\":\"ListItem\",\"position\":2,\"name\":\"Zeitsprung: Lichtkunst\"}]},{\"@type\":\"WebSite\",\"@id\":\"https:\/\/blog.zeit.de\/zeit-der-leser\/#website\",\"url\":\"https:\/\/blog.zeit.de\/zeit-der-leser\/\",\"name\":\"ZEIT der Leser\",\"description\":\"Ein Blog mit Ihren Notizen, Gedichten und Bildern f\u00fcr die gedruckte ZEIT\",\"potentialAction\":[{\"@type\":\"SearchAction\",\"target\":{\"@type\":\"EntryPoint\",\"urlTemplate\":\"https:\/\/blog.zeit.de\/zeit-der-leser\/?s={search_term_string}\"},\"query-input\":\"required name=search_term_string\"}],\"inLanguage\":\"de\"},{\"@type\":\"Person\",\"@id\":\"https:\/\/blog.zeit.de\/zeit-der-leser\/#\/schema\/person\/583b14e5ad6368c23af846ecbde9f20f\",\"name\":\"\\\"Zeit der Leser\\\"-Redaktion\",\"image\":{\"@type\":\"ImageObject\",\"inLanguage\":\"de\",\"@id\":\"https:\/\/blog.zeit.de\/zeit-der-leser\/#\/schema\/person\/image\/\",\"url\":\"https:\/\/secure.gravatar.com\/avatar\/e801a681bd3bbf2345131a815930b48d9f8e0a94de1346b624840dc850f67ad0?s=96&d=mm&r=g\",\"contentUrl\":\"https:\/\/secure.gravatar.com\/avatar\/e801a681bd3bbf2345131a815930b48d9f8e0a94de1346b624840dc850f67ad0?s=96&d=mm&r=g\",\"caption\":\"\\\"Zeit der Leser\\\"-Redaktion\"},\"url\":\"https:\/\/blog.zeit.de\/zeit-der-leser\/author\/zeit-der-leser-redaktion\/\"}]}<\/script>\n<!-- \/ Yoast SEO plugin. -->","yoast_head_json":{"title":"Zeitsprung: Lichtkunst - ZEIT der Leser","robots":{"index":"index","follow":"follow","max-snippet":"max-snippet:-1","max-image-preview":"max-image-preview:large","max-video-preview":"max-video-preview:-1"},"canonical":"https:\/\/blog.zeit.de\/zeit-der-leser\/2013\/05\/20\/zeitsprung-lichtkunst\/","og_locale":"de_DE","og_type":"article","og_title":"Zeitsprung: Lichtkunst - ZEIT der Leser","og_description":"Auf dem ersten Bild bin ich zwei Jahre alt und stehe vor einer Installation des amerikanischen K\u00fcnstlers Dan Flavin. Mein Vater hat die Aufnahme 1984 gemacht, beim Familienbesuch einer Ausstellung in Basel. Vater erz\u00e4hlt, dass ich zuvor ver\u00e4ngstigt gewesen sei von den unheimlichen Figuren von Oskar Schlemmer und den l\u00e4rmenden Maschinen von Jean Tinguely und [&hellip;]","og_url":"https:\/\/blog.zeit.de\/zeit-der-leser\/2013\/05\/20\/zeitsprung-lichtkunst\/","og_site_name":"ZEIT der Leser","article_published_time":"2013-05-20T08:00:50+00:00","article_modified_time":"2013-05-20T08:02:20+00:00","og_image":[{"url":"https:\/\/blog.zeit.de\/zeit-der-leser\/files\/2013\/05\/s80-zeitsprung-damals.jpg"}],"author":"\"Zeit der Leser\"-Redaktion","twitter_card":"summary_large_image","twitter_misc":{"Geschrieben von":"\"Zeit der Leser\"-Redaktion","Gesch\u00e4tzte Lesezeit":"1\u00a0Minute"},"schema":{"@context":"https:\/\/schema.org","@graph":[{"@type":"WebPage","@id":"https:\/\/blog.zeit.de\/zeit-der-leser\/2013\/05\/20\/zeitsprung-lichtkunst\/","url":"https:\/\/blog.zeit.de\/zeit-der-leser\/2013\/05\/20\/zeitsprung-lichtkunst\/","name":"Zeitsprung: Lichtkunst - ZEIT der Leser","isPartOf":{"@id":"https:\/\/blog.zeit.de\/zeit-der-leser\/#website"},"datePublished":"2013-05-20T08:00:50+00:00","dateModified":"2013-05-20T08:02:20+00:00","author":{"@id":"https:\/\/blog.zeit.de\/zeit-der-leser\/#\/schema\/person\/583b14e5ad6368c23af846ecbde9f20f"},"breadcrumb":{"@id":"https:\/\/blog.zeit.de\/zeit-der-leser\/2013\/05\/20\/zeitsprung-lichtkunst\/#breadcrumb"},"inLanguage":"de","potentialAction":[{"@type":"ReadAction","target":["https:\/\/blog.zeit.de\/zeit-der-leser\/2013\/05\/20\/zeitsprung-lichtkunst\/"]}]},{"@type":"BreadcrumbList","@id":"https:\/\/blog.zeit.de\/zeit-der-leser\/2013\/05\/20\/zeitsprung-lichtkunst\/#breadcrumb","itemListElement":[{"@type":"ListItem","position":1,"name":"Startseite","item":"https:\/\/blog.zeit.de\/zeit-der-leser\/"},{"@type":"ListItem","position":2,"name":"Zeitsprung: Lichtkunst"}]},{"@type":"WebSite","@id":"https:\/\/blog.zeit.de\/zeit-der-leser\/#website","url":"https:\/\/blog.zeit.de\/zeit-der-leser\/","name":"ZEIT der Leser","description":"Ein Blog mit Ihren Notizen, Gedichten und Bildern f\u00fcr die gedruckte ZEIT","potentialAction":[{"@type":"SearchAction","target":{"@type":"EntryPoint","urlTemplate":"https:\/\/blog.zeit.de\/zeit-der-leser\/?s={search_term_string}"},"query-input":"required name=search_term_string"}],"inLanguage":"de"},{"@type":"Person","@id":"https:\/\/blog.zeit.de\/zeit-der-leser\/#\/schema\/person\/583b14e5ad6368c23af846ecbde9f20f","name":"\"Zeit der Leser\"-Redaktion","image":{"@type":"ImageObject","inLanguage":"de","@id":"https:\/\/blog.zeit.de\/zeit-der-leser\/#\/schema\/person\/image\/","url":"https:\/\/secure.gravatar.com\/avatar\/e801a681bd3bbf2345131a815930b48d9f8e0a94de1346b624840dc850f67ad0?s=96&d=mm&r=g","contentUrl":"https:\/\/secure.gravatar.com\/avatar\/e801a681bd3bbf2345131a815930b48d9f8e0a94de1346b624840dc850f67ad0?s=96&d=mm&r=g","caption":"\"Zeit der Leser\"-Redaktion"},"url":"https:\/\/blog.zeit.de\/zeit-der-leser\/author\/zeit-der-leser-redaktion\/"}]}},"jetpack_featured_media_url":"","jetpack_sharing_enabled":true,"_links":{"self":[{"href":"https:\/\/blog.zeit.de\/zeit-der-leser\/wp-json\/wp\/v2\/posts\/13601","targetHints":{"allow":["GET"]}}],"collection":[{"href":"https:\/\/blog.zeit.de\/zeit-der-leser\/wp-json\/wp\/v2\/posts"}],"about":[{"href":"https:\/\/blog.zeit.de\/zeit-der-leser\/wp-json\/wp\/v2\/types\/post"}],"author":[{"embeddable":true,"href":"https:\/\/blog.zeit.de\/zeit-der-leser\/wp-json\/wp\/v2\/users\/265"}],"replies":[{"embeddable":true,"href":"https:\/\/blog.zeit.de\/zeit-der-leser\/wp-json\/wp\/v2\/comments?post=13601"}],"version-history":[{"count":3,"href":"https:\/\/blog.zeit.de\/zeit-der-leser\/wp-json\/wp\/v2\/posts\/13601\/revisions"}],"predecessor-version":[{"id":13660,"href":"https:\/\/blog.zeit.de\/zeit-der-leser\/wp-json\/wp\/v2\/posts\/13601\/revisions\/13660"}],"wp:attachment":[{"href":"https:\/\/blog.zeit.de\/zeit-der-leser\/wp-json\/wp\/v2\/media?parent=13601"}],"wp:term":[{"taxonomy":"category","embeddable":true,"href":"https:\/\/blog.zeit.de\/zeit-der-leser\/wp-json\/wp\/v2\/categories?post=13601"},{"taxonomy":"post_tag","embeddable":true,"href":"https:\/\/blog.zeit.de\/zeit-der-leser\/wp-json\/wp\/v2\/tags?post=13601"}],"curies":[{"name":"wp","href":"https:\/\/api.w.org\/{rel}","templated":true}]}}