{"id":13616,"date":"2013-05-21T18:00:55","date_gmt":"2013-05-21T16:00:55","guid":{"rendered":"http:\/\/blog.zeit.de\/zeit-der-leser\/?p=13616"},"modified":"2013-05-21T18:01:29","modified_gmt":"2013-05-21T16:01:29","slug":"aus-meinem-garten-6","status":"publish","type":"post","link":"https:\/\/blog.zeit.de\/zeit-der-leser\/2013\/05\/21\/aus-meinem-garten-6\/","title":{"rendered":"Aus meinem Garten"},"content":{"rendered":"<p>Wie muss ich schmunzeln, wenn ich die dicken Prospekte der Gartencenter\u00a0sehe! Was da f\u00fcr Bl\u00fctenberge prangen, was es f\u00fcr Ger\u00e4te gibt! Ich nehme mir\u00a0meine drei Sament\u00fctchen aus der Drogerie und hole die leeren T\u00f6pfe aus dem\u00a0Keller. Auf der Terrasse wartet schon ein bisschen Blumenerde, dazu eine\u00a0Handvoll Hornsp\u00e4ne. Nun mit dem Pflanzst\u00e4bchen zwei, drei kleine Vertiefungen\u00a0pro Topf in die schwarze Blumenerde gedr\u00fcckt und ein paar der winzigen\u00a0Samen hinein, mit Erde bedeckt und angegossen. Bis Ende Mai kann\u00a0alles in Ruhe wachsen. Wenn die ersten feingliedrigen Bl\u00e4tter zu sehen sind,\u00a0nehme ich die Pfl\u00e4nzchen heraus, pikiere sie und pflanze sie rund um die\u00a0Terrasse ein. Die Knospen werden rasch dicker, schlie\u00dflich flammen sie auf:\u00a0Tagetes, die Studentenblume, die t\u00fcrkische Nelke, in allen Feuert\u00f6nen bl\u00fcht\u00a0sie, von Hellgelb bis Rostbraun. Und, falls die Sonne mithilft, bis tief in den\u00a0Oktober hinein. So einfach kann das G\u00e4rtnern sein!<br \/>\n<em>Anna Wefers, Essen<\/em><\/p>\n","protected":false},"excerpt":{"rendered":"<p>Wie muss ich schmunzeln, wenn ich die dicken Prospekte der Gartencenter\u00a0sehe! Was da f\u00fcr Bl\u00fctenberge prangen, was es f\u00fcr Ger\u00e4te gibt! Ich nehme mir\u00a0meine drei Sament\u00fctchen aus der Drogerie und hole die leeren T\u00f6pfe aus dem\u00a0Keller. Auf der Terrasse wartet schon ein bisschen Blumenerde, dazu eine\u00a0Handvoll Hornsp\u00e4ne. Nun mit dem Pflanzst\u00e4bchen zwei, drei kleine Vertiefungen\u00a0pro [&hellip;]<\/p>\n","protected":false},"author":265,"featured_media":0,"comment_status":"open","ping_status":"open","sticky":false,"template":"","format":"standard","meta":{"_jetpack_memberships_contains_paid_content":false,"footnotes":""},"categories":[5692],"tags":[],"class_list":["post-13616","post","type-post","status-publish","format-standard","hentry","category-aus-meinem-garten"],"yoast_head":"<!-- This site is optimized with the Yoast SEO plugin v21.0 - https:\/\/yoast.com\/wordpress\/plugins\/seo\/ -->\n<title>Aus meinem Garten - ZEIT der Leser<\/title>\n<meta name=\"robots\" content=\"index, follow, max-snippet:-1, max-image-preview:large, max-video-preview:-1\" \/>\n<link rel=\"canonical\" href=\"https:\/\/blog.zeit.de\/zeit-der-leser\/2013\/05\/21\/aus-meinem-garten-6\/\" \/>\n<meta property=\"og:locale\" content=\"de_DE\" \/>\n<meta property=\"og:type\" content=\"article\" \/>\n<meta property=\"og:title\" content=\"Aus meinem Garten - ZEIT der Leser\" \/>\n<meta property=\"og:description\" content=\"Wie muss ich schmunzeln, wenn ich die dicken Prospekte der Gartencenter\u00a0sehe! Was da f\u00fcr Bl\u00fctenberge prangen, was es f\u00fcr Ger\u00e4te gibt! Ich nehme mir\u00a0meine drei Sament\u00fctchen aus der Drogerie und hole die leeren T\u00f6pfe aus dem\u00a0Keller. Auf der Terrasse wartet schon ein bisschen Blumenerde, dazu eine\u00a0Handvoll Hornsp\u00e4ne. Nun mit dem Pflanzst\u00e4bchen zwei, drei kleine Vertiefungen\u00a0pro [&hellip;]\" \/>\n<meta property=\"og:url\" content=\"https:\/\/blog.zeit.de\/zeit-der-leser\/2013\/05\/21\/aus-meinem-garten-6\/\" \/>\n<meta property=\"og:site_name\" content=\"ZEIT der Leser\" \/>\n<meta property=\"article:published_time\" content=\"2013-05-21T16:00:55+00:00\" \/>\n<meta property=\"article:modified_time\" content=\"2013-05-21T16:01:29+00:00\" \/>\n<meta name=\"author\" content=\"&quot;Zeit der Leser&quot;-Redaktion\" \/>\n<meta name=\"twitter:card\" content=\"summary_large_image\" \/>\n<meta name=\"twitter:label1\" content=\"Geschrieben von\" \/>\n\t<meta name=\"twitter:data1\" content=\"\"Zeit der Leser\"-Redaktion\" \/>\n\t<meta name=\"twitter:label2\" content=\"Gesch\u00e4tzte Lesezeit\" \/>\n\t<meta name=\"twitter:data2\" content=\"1\u00a0Minute\" \/>\n<script type=\"application\/ld+json\" class=\"yoast-schema-graph\">{\"@context\":\"https:\/\/schema.org\",\"@graph\":[{\"@type\":\"WebPage\",\"@id\":\"https:\/\/blog.zeit.de\/zeit-der-leser\/2013\/05\/21\/aus-meinem-garten-6\/\",\"url\":\"https:\/\/blog.zeit.de\/zeit-der-leser\/2013\/05\/21\/aus-meinem-garten-6\/\",\"name\":\"Aus meinem Garten - ZEIT der Leser\",\"isPartOf\":{\"@id\":\"https:\/\/blog.zeit.de\/zeit-der-leser\/#website\"},\"datePublished\":\"2013-05-21T16:00:55+00:00\",\"dateModified\":\"2013-05-21T16:01:29+00:00\",\"author\":{\"@id\":\"https:\/\/blog.zeit.de\/zeit-der-leser\/#\/schema\/person\/583b14e5ad6368c23af846ecbde9f20f\"},\"breadcrumb\":{\"@id\":\"https:\/\/blog.zeit.de\/zeit-der-leser\/2013\/05\/21\/aus-meinem-garten-6\/#breadcrumb\"},\"inLanguage\":\"de\",\"potentialAction\":[{\"@type\":\"ReadAction\",\"target\":[\"https:\/\/blog.zeit.de\/zeit-der-leser\/2013\/05\/21\/aus-meinem-garten-6\/\"]}]},{\"@type\":\"BreadcrumbList\",\"@id\":\"https:\/\/blog.zeit.de\/zeit-der-leser\/2013\/05\/21\/aus-meinem-garten-6\/#breadcrumb\",\"itemListElement\":[{\"@type\":\"ListItem\",\"position\":1,\"name\":\"Startseite\",\"item\":\"https:\/\/blog.zeit.de\/zeit-der-leser\/\"},{\"@type\":\"ListItem\",\"position\":2,\"name\":\"Aus meinem Garten\"}]},{\"@type\":\"WebSite\",\"@id\":\"https:\/\/blog.zeit.de\/zeit-der-leser\/#website\",\"url\":\"https:\/\/blog.zeit.de\/zeit-der-leser\/\",\"name\":\"ZEIT der Leser\",\"description\":\"Ein Blog mit Ihren Notizen, Gedichten und Bildern f\u00fcr die gedruckte ZEIT\",\"potentialAction\":[{\"@type\":\"SearchAction\",\"target\":{\"@type\":\"EntryPoint\",\"urlTemplate\":\"https:\/\/blog.zeit.de\/zeit-der-leser\/?s={search_term_string}\"},\"query-input\":\"required name=search_term_string\"}],\"inLanguage\":\"de\"},{\"@type\":\"Person\",\"@id\":\"https:\/\/blog.zeit.de\/zeit-der-leser\/#\/schema\/person\/583b14e5ad6368c23af846ecbde9f20f\",\"name\":\"\\\"Zeit der Leser\\\"-Redaktion\",\"image\":{\"@type\":\"ImageObject\",\"inLanguage\":\"de\",\"@id\":\"https:\/\/blog.zeit.de\/zeit-der-leser\/#\/schema\/person\/image\/\",\"url\":\"https:\/\/secure.gravatar.com\/avatar\/e801a681bd3bbf2345131a815930b48d9f8e0a94de1346b624840dc850f67ad0?s=96&d=mm&r=g\",\"contentUrl\":\"https:\/\/secure.gravatar.com\/avatar\/e801a681bd3bbf2345131a815930b48d9f8e0a94de1346b624840dc850f67ad0?s=96&d=mm&r=g\",\"caption\":\"\\\"Zeit der Leser\\\"-Redaktion\"},\"url\":\"https:\/\/blog.zeit.de\/zeit-der-leser\/author\/zeit-der-leser-redaktion\/\"}]}<\/script>\n<!-- \/ Yoast SEO plugin. -->","yoast_head_json":{"title":"Aus meinem Garten - ZEIT der Leser","robots":{"index":"index","follow":"follow","max-snippet":"max-snippet:-1","max-image-preview":"max-image-preview:large","max-video-preview":"max-video-preview:-1"},"canonical":"https:\/\/blog.zeit.de\/zeit-der-leser\/2013\/05\/21\/aus-meinem-garten-6\/","og_locale":"de_DE","og_type":"article","og_title":"Aus meinem Garten - ZEIT der Leser","og_description":"Wie muss ich schmunzeln, wenn ich die dicken Prospekte der Gartencenter\u00a0sehe! Was da f\u00fcr Bl\u00fctenberge prangen, was es f\u00fcr Ger\u00e4te gibt! Ich nehme mir\u00a0meine drei Sament\u00fctchen aus der Drogerie und hole die leeren T\u00f6pfe aus dem\u00a0Keller. Auf der Terrasse wartet schon ein bisschen Blumenerde, dazu eine\u00a0Handvoll Hornsp\u00e4ne. Nun mit dem Pflanzst\u00e4bchen zwei, drei kleine Vertiefungen\u00a0pro [&hellip;]","og_url":"https:\/\/blog.zeit.de\/zeit-der-leser\/2013\/05\/21\/aus-meinem-garten-6\/","og_site_name":"ZEIT der Leser","article_published_time":"2013-05-21T16:00:55+00:00","article_modified_time":"2013-05-21T16:01:29+00:00","author":"\"Zeit der Leser\"-Redaktion","twitter_card":"summary_large_image","twitter_misc":{"Geschrieben von":"\"Zeit der Leser\"-Redaktion","Gesch\u00e4tzte Lesezeit":"1\u00a0Minute"},"schema":{"@context":"https:\/\/schema.org","@graph":[{"@type":"WebPage","@id":"https:\/\/blog.zeit.de\/zeit-der-leser\/2013\/05\/21\/aus-meinem-garten-6\/","url":"https:\/\/blog.zeit.de\/zeit-der-leser\/2013\/05\/21\/aus-meinem-garten-6\/","name":"Aus meinem Garten - ZEIT der Leser","isPartOf":{"@id":"https:\/\/blog.zeit.de\/zeit-der-leser\/#website"},"datePublished":"2013-05-21T16:00:55+00:00","dateModified":"2013-05-21T16:01:29+00:00","author":{"@id":"https:\/\/blog.zeit.de\/zeit-der-leser\/#\/schema\/person\/583b14e5ad6368c23af846ecbde9f20f"},"breadcrumb":{"@id":"https:\/\/blog.zeit.de\/zeit-der-leser\/2013\/05\/21\/aus-meinem-garten-6\/#breadcrumb"},"inLanguage":"de","potentialAction":[{"@type":"ReadAction","target":["https:\/\/blog.zeit.de\/zeit-der-leser\/2013\/05\/21\/aus-meinem-garten-6\/"]}]},{"@type":"BreadcrumbList","@id":"https:\/\/blog.zeit.de\/zeit-der-leser\/2013\/05\/21\/aus-meinem-garten-6\/#breadcrumb","itemListElement":[{"@type":"ListItem","position":1,"name":"Startseite","item":"https:\/\/blog.zeit.de\/zeit-der-leser\/"},{"@type":"ListItem","position":2,"name":"Aus meinem Garten"}]},{"@type":"WebSite","@id":"https:\/\/blog.zeit.de\/zeit-der-leser\/#website","url":"https:\/\/blog.zeit.de\/zeit-der-leser\/","name":"ZEIT der Leser","description":"Ein Blog mit Ihren Notizen, Gedichten und Bildern f\u00fcr die gedruckte ZEIT","potentialAction":[{"@type":"SearchAction","target":{"@type":"EntryPoint","urlTemplate":"https:\/\/blog.zeit.de\/zeit-der-leser\/?s={search_term_string}"},"query-input":"required name=search_term_string"}],"inLanguage":"de"},{"@type":"Person","@id":"https:\/\/blog.zeit.de\/zeit-der-leser\/#\/schema\/person\/583b14e5ad6368c23af846ecbde9f20f","name":"\"Zeit der Leser\"-Redaktion","image":{"@type":"ImageObject","inLanguage":"de","@id":"https:\/\/blog.zeit.de\/zeit-der-leser\/#\/schema\/person\/image\/","url":"https:\/\/secure.gravatar.com\/avatar\/e801a681bd3bbf2345131a815930b48d9f8e0a94de1346b624840dc850f67ad0?s=96&d=mm&r=g","contentUrl":"https:\/\/secure.gravatar.com\/avatar\/e801a681bd3bbf2345131a815930b48d9f8e0a94de1346b624840dc850f67ad0?s=96&d=mm&r=g","caption":"\"Zeit der Leser\"-Redaktion"},"url":"https:\/\/blog.zeit.de\/zeit-der-leser\/author\/zeit-der-leser-redaktion\/"}]}},"jetpack_featured_media_url":"","jetpack_sharing_enabled":true,"_links":{"self":[{"href":"https:\/\/blog.zeit.de\/zeit-der-leser\/wp-json\/wp\/v2\/posts\/13616","targetHints":{"allow":["GET"]}}],"collection":[{"href":"https:\/\/blog.zeit.de\/zeit-der-leser\/wp-json\/wp\/v2\/posts"}],"about":[{"href":"https:\/\/blog.zeit.de\/zeit-der-leser\/wp-json\/wp\/v2\/types\/post"}],"author":[{"embeddable":true,"href":"https:\/\/blog.zeit.de\/zeit-der-leser\/wp-json\/wp\/v2\/users\/265"}],"replies":[{"embeddable":true,"href":"https:\/\/blog.zeit.de\/zeit-der-leser\/wp-json\/wp\/v2\/comments?post=13616"}],"version-history":[{"count":3,"href":"https:\/\/blog.zeit.de\/zeit-der-leser\/wp-json\/wp\/v2\/posts\/13616\/revisions"}],"predecessor-version":[{"id":13667,"href":"https:\/\/blog.zeit.de\/zeit-der-leser\/wp-json\/wp\/v2\/posts\/13616\/revisions\/13667"}],"wp:attachment":[{"href":"https:\/\/blog.zeit.de\/zeit-der-leser\/wp-json\/wp\/v2\/media?parent=13616"}],"wp:term":[{"taxonomy":"category","embeddable":true,"href":"https:\/\/blog.zeit.de\/zeit-der-leser\/wp-json\/wp\/v2\/categories?post=13616"},{"taxonomy":"post_tag","embeddable":true,"href":"https:\/\/blog.zeit.de\/zeit-der-leser\/wp-json\/wp\/v2\/tags?post=13616"}],"curies":[{"name":"wp","href":"https:\/\/api.w.org\/{rel}","templated":true}]}}