{"id":13692,"date":"2013-05-27T10:00:55","date_gmt":"2013-05-27T08:00:55","guid":{"rendered":"http:\/\/blog.zeit.de\/zeit-der-leser\/?p=13692"},"modified":"2013-05-27T10:03:08","modified_gmt":"2013-05-27T08:03:08","slug":"birne-und-blute","status":"publish","type":"post","link":"https:\/\/blog.zeit.de\/zeit-der-leser\/2013\/05\/27\/birne-und-blute\/","title":{"rendered":"Birne und Bl\u00fcte"},"content":{"rendered":"<p><figure id=\"attachment_13693\" aria-describedby=\"caption-attachment-13693\" style=\"width: 580px\" class=\"wp-caption aligncenter\"><a href=\"https:\/\/blog.zeit.de\/zeit-der-leser\/?attachment_id=13693\" rel=\"attachment wp-att-13693\"><img loading=\"lazy\" decoding=\"async\" class=\"size-full wp-image-13693\" alt=\"2012\" src=\"https:\/\/blog.zeit.de\/zeit-der-leser\/files\/2013\/05\/s82-2012.jpg\" width=\"580\" height=\"431\" srcset=\"https:\/\/blog.zeit.de\/zeit-der-leser\/files\/2013\/05\/s82-2012.jpg 580w, https:\/\/blog.zeit.de\/zeit-der-leser\/files\/2013\/05\/s82-2012-300x222.jpg 300w\" sizes=\"auto, (max-width: 580px) 100vw, 580px\" \/><\/a><figcaption id=\"caption-attachment-13693\" class=\"wp-caption-text\">2012<\/figcaption><\/figure><br \/>\n<figure id=\"attachment_13694\" aria-describedby=\"caption-attachment-13694\" style=\"width: 580px\" class=\"wp-caption aligncenter\"><a href=\"https:\/\/blog.zeit.de\/zeit-der-leser\/?attachment_id=13694\" rel=\"attachment wp-att-13694\"><img loading=\"lazy\" decoding=\"async\" class=\"size-full wp-image-13694\" alt=\"2013\" src=\"https:\/\/blog.zeit.de\/zeit-der-leser\/files\/2013\/05\/s82-2013.jpg\" width=\"580\" height=\"431\" srcset=\"https:\/\/blog.zeit.de\/zeit-der-leser\/files\/2013\/05\/s82-2013.jpg 580w, https:\/\/blog.zeit.de\/zeit-der-leser\/files\/2013\/05\/s82-2013-300x222.jpg 300w\" sizes=\"auto, (max-width: 580px) 100vw, 580px\" \/><\/a><figcaption id=\"caption-attachment-13694\" class=\"wp-caption-text\">2013<\/figcaption><\/figure><\/p>\n<p>Im vergangenen Herbst trug unser Birnbaum eisern eine letzte Frucht bis tief hinein in den November. Das sah so wundersch\u00f6n aus, dass wir sie am Ende auf einem Foto festgehalten haben. Nun ist heute der Himmel mal wieder novembergrau, aber der Birnbaum ist \u00fcber und \u00fcber geschm\u00fcckt mit wei\u00dfen Bl\u00fcten \u2013 vielleicht wird aus einer davon wieder solch eine malerische Frucht wie im vergangenen Jahr?<\/p>\n<p><em>Ulrike Schelter-Baudach, Wunsiedel<\/em><\/p>\n","protected":false},"excerpt":{"rendered":"<p>Im vergangenen Herbst trug unser Birnbaum eisern eine letzte Frucht bis tief hinein in den November. Das sah so wundersch\u00f6n aus, dass wir sie am Ende auf einem Foto festgehalten haben. Nun ist heute der Himmel mal wieder novembergrau, aber der Birnbaum ist \u00fcber und \u00fcber geschm\u00fcckt mit wei\u00dfen Bl\u00fcten \u2013 vielleicht wird aus einer [&hellip;]<\/p>\n","protected":false},"author":265,"featured_media":0,"comment_status":"open","ping_status":"open","sticky":false,"template":"","format":"standard","meta":{"_jetpack_memberships_contains_paid_content":false,"footnotes":""},"categories":[1878],"tags":[],"class_list":["post-13692","post","type-post","status-publish","format-standard","hentry","category-zeitsprung"],"yoast_head":"<!-- This site is optimized with the Yoast SEO plugin v21.0 - https:\/\/yoast.com\/wordpress\/plugins\/seo\/ -->\n<title>Birne und Bl\u00fcte - ZEIT der Leser<\/title>\n<meta name=\"robots\" content=\"index, follow, max-snippet:-1, max-image-preview:large, max-video-preview:-1\" \/>\n<link rel=\"canonical\" href=\"https:\/\/blog.zeit.de\/zeit-der-leser\/2013\/05\/27\/birne-und-blute\/\" \/>\n<meta property=\"og:locale\" content=\"de_DE\" \/>\n<meta property=\"og:type\" content=\"article\" \/>\n<meta property=\"og:title\" content=\"Birne und Bl\u00fcte - ZEIT der Leser\" \/>\n<meta property=\"og:description\" content=\"Im vergangenen Herbst trug unser Birnbaum eisern eine letzte Frucht bis tief hinein in den November. Das sah so wundersch\u00f6n aus, dass wir sie am Ende auf einem Foto festgehalten haben. Nun ist heute der Himmel mal wieder novembergrau, aber der Birnbaum ist \u00fcber und \u00fcber geschm\u00fcckt mit wei\u00dfen Bl\u00fcten \u2013 vielleicht wird aus einer [&hellip;]\" \/>\n<meta property=\"og:url\" content=\"https:\/\/blog.zeit.de\/zeit-der-leser\/2013\/05\/27\/birne-und-blute\/\" \/>\n<meta property=\"og:site_name\" content=\"ZEIT der Leser\" \/>\n<meta property=\"article:published_time\" content=\"2013-05-27T08:00:55+00:00\" \/>\n<meta property=\"article:modified_time\" content=\"2013-05-27T08:03:08+00:00\" \/>\n<meta property=\"og:image\" content=\"https:\/\/blog.zeit.de\/zeit-der-leser\/files\/2013\/05\/s82-2012.jpg\" \/>\n<meta name=\"author\" content=\"&quot;Zeit der Leser&quot;-Redaktion\" \/>\n<meta name=\"twitter:card\" content=\"summary_large_image\" \/>\n<meta name=\"twitter:label1\" content=\"Geschrieben von\" \/>\n\t<meta name=\"twitter:data1\" content=\"\"Zeit der Leser\"-Redaktion\" \/>\n<script type=\"application\/ld+json\" class=\"yoast-schema-graph\">{\"@context\":\"https:\/\/schema.org\",\"@graph\":[{\"@type\":\"WebPage\",\"@id\":\"https:\/\/blog.zeit.de\/zeit-der-leser\/2013\/05\/27\/birne-und-blute\/\",\"url\":\"https:\/\/blog.zeit.de\/zeit-der-leser\/2013\/05\/27\/birne-und-blute\/\",\"name\":\"Birne und Bl\u00fcte - ZEIT der Leser\",\"isPartOf\":{\"@id\":\"https:\/\/blog.zeit.de\/zeit-der-leser\/#website\"},\"datePublished\":\"2013-05-27T08:00:55+00:00\",\"dateModified\":\"2013-05-27T08:03:08+00:00\",\"author\":{\"@id\":\"https:\/\/blog.zeit.de\/zeit-der-leser\/#\/schema\/person\/583b14e5ad6368c23af846ecbde9f20f\"},\"breadcrumb\":{\"@id\":\"https:\/\/blog.zeit.de\/zeit-der-leser\/2013\/05\/27\/birne-und-blute\/#breadcrumb\"},\"inLanguage\":\"de\",\"potentialAction\":[{\"@type\":\"ReadAction\",\"target\":[\"https:\/\/blog.zeit.de\/zeit-der-leser\/2013\/05\/27\/birne-und-blute\/\"]}]},{\"@type\":\"BreadcrumbList\",\"@id\":\"https:\/\/blog.zeit.de\/zeit-der-leser\/2013\/05\/27\/birne-und-blute\/#breadcrumb\",\"itemListElement\":[{\"@type\":\"ListItem\",\"position\":1,\"name\":\"Startseite\",\"item\":\"https:\/\/blog.zeit.de\/zeit-der-leser\/\"},{\"@type\":\"ListItem\",\"position\":2,\"name\":\"Birne und Bl\u00fcte\"}]},{\"@type\":\"WebSite\",\"@id\":\"https:\/\/blog.zeit.de\/zeit-der-leser\/#website\",\"url\":\"https:\/\/blog.zeit.de\/zeit-der-leser\/\",\"name\":\"ZEIT der Leser\",\"description\":\"Ein Blog mit Ihren Notizen, Gedichten und Bildern f\u00fcr die gedruckte ZEIT\",\"potentialAction\":[{\"@type\":\"SearchAction\",\"target\":{\"@type\":\"EntryPoint\",\"urlTemplate\":\"https:\/\/blog.zeit.de\/zeit-der-leser\/?s={search_term_string}\"},\"query-input\":\"required name=search_term_string\"}],\"inLanguage\":\"de\"},{\"@type\":\"Person\",\"@id\":\"https:\/\/blog.zeit.de\/zeit-der-leser\/#\/schema\/person\/583b14e5ad6368c23af846ecbde9f20f\",\"name\":\"\\\"Zeit der Leser\\\"-Redaktion\",\"image\":{\"@type\":\"ImageObject\",\"inLanguage\":\"de\",\"@id\":\"https:\/\/blog.zeit.de\/zeit-der-leser\/#\/schema\/person\/image\/\",\"url\":\"https:\/\/secure.gravatar.com\/avatar\/e801a681bd3bbf2345131a815930b48d9f8e0a94de1346b624840dc850f67ad0?s=96&d=mm&r=g\",\"contentUrl\":\"https:\/\/secure.gravatar.com\/avatar\/e801a681bd3bbf2345131a815930b48d9f8e0a94de1346b624840dc850f67ad0?s=96&d=mm&r=g\",\"caption\":\"\\\"Zeit der Leser\\\"-Redaktion\"},\"url\":\"https:\/\/blog.zeit.de\/zeit-der-leser\/author\/zeit-der-leser-redaktion\/\"}]}<\/script>\n<!-- \/ Yoast SEO plugin. -->","yoast_head_json":{"title":"Birne und Bl\u00fcte - ZEIT der Leser","robots":{"index":"index","follow":"follow","max-snippet":"max-snippet:-1","max-image-preview":"max-image-preview:large","max-video-preview":"max-video-preview:-1"},"canonical":"https:\/\/blog.zeit.de\/zeit-der-leser\/2013\/05\/27\/birne-und-blute\/","og_locale":"de_DE","og_type":"article","og_title":"Birne und Bl\u00fcte - ZEIT der Leser","og_description":"Im vergangenen Herbst trug unser Birnbaum eisern eine letzte Frucht bis tief hinein in den November. Das sah so wundersch\u00f6n aus, dass wir sie am Ende auf einem Foto festgehalten haben. Nun ist heute der Himmel mal wieder novembergrau, aber der Birnbaum ist \u00fcber und \u00fcber geschm\u00fcckt mit wei\u00dfen Bl\u00fcten \u2013 vielleicht wird aus einer [&hellip;]","og_url":"https:\/\/blog.zeit.de\/zeit-der-leser\/2013\/05\/27\/birne-und-blute\/","og_site_name":"ZEIT der Leser","article_published_time":"2013-05-27T08:00:55+00:00","article_modified_time":"2013-05-27T08:03:08+00:00","og_image":[{"url":"https:\/\/blog.zeit.de\/zeit-der-leser\/files\/2013\/05\/s82-2012.jpg"}],"author":"\"Zeit der Leser\"-Redaktion","twitter_card":"summary_large_image","twitter_misc":{"Geschrieben von":"\"Zeit der Leser\"-Redaktion"},"schema":{"@context":"https:\/\/schema.org","@graph":[{"@type":"WebPage","@id":"https:\/\/blog.zeit.de\/zeit-der-leser\/2013\/05\/27\/birne-und-blute\/","url":"https:\/\/blog.zeit.de\/zeit-der-leser\/2013\/05\/27\/birne-und-blute\/","name":"Birne und Bl\u00fcte - ZEIT der Leser","isPartOf":{"@id":"https:\/\/blog.zeit.de\/zeit-der-leser\/#website"},"datePublished":"2013-05-27T08:00:55+00:00","dateModified":"2013-05-27T08:03:08+00:00","author":{"@id":"https:\/\/blog.zeit.de\/zeit-der-leser\/#\/schema\/person\/583b14e5ad6368c23af846ecbde9f20f"},"breadcrumb":{"@id":"https:\/\/blog.zeit.de\/zeit-der-leser\/2013\/05\/27\/birne-und-blute\/#breadcrumb"},"inLanguage":"de","potentialAction":[{"@type":"ReadAction","target":["https:\/\/blog.zeit.de\/zeit-der-leser\/2013\/05\/27\/birne-und-blute\/"]}]},{"@type":"BreadcrumbList","@id":"https:\/\/blog.zeit.de\/zeit-der-leser\/2013\/05\/27\/birne-und-blute\/#breadcrumb","itemListElement":[{"@type":"ListItem","position":1,"name":"Startseite","item":"https:\/\/blog.zeit.de\/zeit-der-leser\/"},{"@type":"ListItem","position":2,"name":"Birne und Bl\u00fcte"}]},{"@type":"WebSite","@id":"https:\/\/blog.zeit.de\/zeit-der-leser\/#website","url":"https:\/\/blog.zeit.de\/zeit-der-leser\/","name":"ZEIT der Leser","description":"Ein Blog mit Ihren Notizen, Gedichten und Bildern f\u00fcr die gedruckte ZEIT","potentialAction":[{"@type":"SearchAction","target":{"@type":"EntryPoint","urlTemplate":"https:\/\/blog.zeit.de\/zeit-der-leser\/?s={search_term_string}"},"query-input":"required name=search_term_string"}],"inLanguage":"de"},{"@type":"Person","@id":"https:\/\/blog.zeit.de\/zeit-der-leser\/#\/schema\/person\/583b14e5ad6368c23af846ecbde9f20f","name":"\"Zeit der Leser\"-Redaktion","image":{"@type":"ImageObject","inLanguage":"de","@id":"https:\/\/blog.zeit.de\/zeit-der-leser\/#\/schema\/person\/image\/","url":"https:\/\/secure.gravatar.com\/avatar\/e801a681bd3bbf2345131a815930b48d9f8e0a94de1346b624840dc850f67ad0?s=96&d=mm&r=g","contentUrl":"https:\/\/secure.gravatar.com\/avatar\/e801a681bd3bbf2345131a815930b48d9f8e0a94de1346b624840dc850f67ad0?s=96&d=mm&r=g","caption":"\"Zeit der Leser\"-Redaktion"},"url":"https:\/\/blog.zeit.de\/zeit-der-leser\/author\/zeit-der-leser-redaktion\/"}]}},"jetpack_featured_media_url":"","jetpack_sharing_enabled":true,"_links":{"self":[{"href":"https:\/\/blog.zeit.de\/zeit-der-leser\/wp-json\/wp\/v2\/posts\/13692","targetHints":{"allow":["GET"]}}],"collection":[{"href":"https:\/\/blog.zeit.de\/zeit-der-leser\/wp-json\/wp\/v2\/posts"}],"about":[{"href":"https:\/\/blog.zeit.de\/zeit-der-leser\/wp-json\/wp\/v2\/types\/post"}],"author":[{"embeddable":true,"href":"https:\/\/blog.zeit.de\/zeit-der-leser\/wp-json\/wp\/v2\/users\/265"}],"replies":[{"embeddable":true,"href":"https:\/\/blog.zeit.de\/zeit-der-leser\/wp-json\/wp\/v2\/comments?post=13692"}],"version-history":[{"count":3,"href":"https:\/\/blog.zeit.de\/zeit-der-leser\/wp-json\/wp\/v2\/posts\/13692\/revisions"}],"predecessor-version":[{"id":13716,"href":"https:\/\/blog.zeit.de\/zeit-der-leser\/wp-json\/wp\/v2\/posts\/13692\/revisions\/13716"}],"wp:attachment":[{"href":"https:\/\/blog.zeit.de\/zeit-der-leser\/wp-json\/wp\/v2\/media?parent=13692"}],"wp:term":[{"taxonomy":"category","embeddable":true,"href":"https:\/\/blog.zeit.de\/zeit-der-leser\/wp-json\/wp\/v2\/categories?post=13692"},{"taxonomy":"post_tag","embeddable":true,"href":"https:\/\/blog.zeit.de\/zeit-der-leser\/wp-json\/wp\/v2\/tags?post=13692"}],"curies":[{"name":"wp","href":"https:\/\/api.w.org\/{rel}","templated":true}]}}