{"id":13742,"date":"2013-06-01T10:00:12","date_gmt":"2013-06-01T08:00:12","guid":{"rendered":"http:\/\/blog.zeit.de\/zeit-der-leser\/?p=13742"},"modified":"2013-06-02T12:21:54","modified_gmt":"2013-06-02T10:21:54","slug":"aus-meinem-garten-7","status":"publish","type":"post","link":"https:\/\/blog.zeit.de\/zeit-der-leser\/2013\/06\/01\/aus-meinem-garten-7\/","title":{"rendered":"Aus meinem Garten"},"content":{"rendered":"<p><a href=\"https:\/\/blog.zeit.de\/zeit-der-leser\/2013\/06\/01\/aus-meinem-garten-7\/s80-gartenbild\/\" rel=\"attachment wp-att-13743\"><img loading=\"lazy\" decoding=\"async\" class=\"aligncenter size-full wp-image-13743\" alt=\"s80-gartenbild\" src=\"https:\/\/blog.zeit.de\/zeit-der-leser\/files\/2013\/06\/s80-gartenbild.jpg\" width=\"580\" height=\"669\" srcset=\"https:\/\/blog.zeit.de\/zeit-der-leser\/files\/2013\/06\/s80-gartenbild.jpg 580w, https:\/\/blog.zeit.de\/zeit-der-leser\/files\/2013\/06\/s80-gartenbild-260x300.jpg 260w\" sizes=\"auto, (max-width: 580px) 100vw, 580px\" \/><\/a><br \/>\nImmer wieder faszinierend: Die h\u00e4rteste Frucht der heimischen Obstsorten entsteht aus den anmutigsten Bl\u00fcten! Vielleicht h\u00e4tten die Menschen sonst nie das zarte Aroma der Quitten entdeckt.<\/p>\n<p><em>Heide Rose Zeeb, T\u00fcbingen<\/em><\/p>\n","protected":false},"excerpt":{"rendered":"<p>Immer wieder faszinierend: Die h\u00e4rteste Frucht der heimischen Obstsorten entsteht aus den anmutigsten Bl\u00fcten! Vielleicht h\u00e4tten die Menschen sonst nie das zarte Aroma der Quitten entdeckt. Heide Rose Zeeb, T\u00fcbingen<\/p>\n","protected":false},"author":323,"featured_media":0,"comment_status":"open","ping_status":"open","sticky":false,"template":"","format":"standard","meta":{"_jetpack_memberships_contains_paid_content":false,"footnotes":""},"categories":[5692],"tags":[],"class_list":["post-13742","post","type-post","status-publish","format-standard","hentry","category-aus-meinem-garten"],"yoast_head":"<!-- This site is optimized with the Yoast SEO plugin v21.0 - https:\/\/yoast.com\/wordpress\/plugins\/seo\/ -->\n<title>Aus meinem Garten - ZEIT der Leser<\/title>\n<meta name=\"robots\" content=\"index, follow, max-snippet:-1, max-image-preview:large, max-video-preview:-1\" \/>\n<link rel=\"canonical\" href=\"https:\/\/blog.zeit.de\/zeit-der-leser\/2013\/06\/01\/aus-meinem-garten-7\/\" \/>\n<meta property=\"og:locale\" content=\"de_DE\" \/>\n<meta property=\"og:type\" content=\"article\" \/>\n<meta property=\"og:title\" content=\"Aus meinem Garten - ZEIT der Leser\" \/>\n<meta property=\"og:description\" content=\"Immer wieder faszinierend: Die h\u00e4rteste Frucht der heimischen Obstsorten entsteht aus den anmutigsten Bl\u00fcten! Vielleicht h\u00e4tten die Menschen sonst nie das zarte Aroma der Quitten entdeckt. Heide Rose Zeeb, T\u00fcbingen\" \/>\n<meta property=\"og:url\" content=\"https:\/\/blog.zeit.de\/zeit-der-leser\/2013\/06\/01\/aus-meinem-garten-7\/\" \/>\n<meta property=\"og:site_name\" content=\"ZEIT der Leser\" \/>\n<meta property=\"article:published_time\" content=\"2013-06-01T08:00:12+00:00\" \/>\n<meta property=\"article:modified_time\" content=\"2013-06-02T10:21:54+00:00\" \/>\n<meta property=\"og:image\" content=\"https:\/\/blog.zeit.de\/zeit-der-leser\/files\/2013\/06\/s80-gartenbild.jpg\" \/>\n<meta name=\"author\" content=\"Franziska Kelch\" \/>\n<meta name=\"twitter:card\" content=\"summary_large_image\" \/>\n<meta name=\"twitter:label1\" content=\"Geschrieben von\" \/>\n\t<meta name=\"twitter:data1\" content=\"Franziska Kelch\" \/>\n<script type=\"application\/ld+json\" class=\"yoast-schema-graph\">{\"@context\":\"https:\/\/schema.org\",\"@graph\":[{\"@type\":\"WebPage\",\"@id\":\"https:\/\/blog.zeit.de\/zeit-der-leser\/2013\/06\/01\/aus-meinem-garten-7\/\",\"url\":\"https:\/\/blog.zeit.de\/zeit-der-leser\/2013\/06\/01\/aus-meinem-garten-7\/\",\"name\":\"Aus meinem Garten - ZEIT der Leser\",\"isPartOf\":{\"@id\":\"https:\/\/blog.zeit.de\/zeit-der-leser\/#website\"},\"datePublished\":\"2013-06-01T08:00:12+00:00\",\"dateModified\":\"2013-06-02T10:21:54+00:00\",\"author\":{\"@id\":\"https:\/\/blog.zeit.de\/zeit-der-leser\/#\/schema\/person\/eaa3c3ed8f838c4aafcd25e9710fcc68\"},\"breadcrumb\":{\"@id\":\"https:\/\/blog.zeit.de\/zeit-der-leser\/2013\/06\/01\/aus-meinem-garten-7\/#breadcrumb\"},\"inLanguage\":\"de\",\"potentialAction\":[{\"@type\":\"ReadAction\",\"target\":[\"https:\/\/blog.zeit.de\/zeit-der-leser\/2013\/06\/01\/aus-meinem-garten-7\/\"]}]},{\"@type\":\"BreadcrumbList\",\"@id\":\"https:\/\/blog.zeit.de\/zeit-der-leser\/2013\/06\/01\/aus-meinem-garten-7\/#breadcrumb\",\"itemListElement\":[{\"@type\":\"ListItem\",\"position\":1,\"name\":\"Startseite\",\"item\":\"https:\/\/blog.zeit.de\/zeit-der-leser\/\"},{\"@type\":\"ListItem\",\"position\":2,\"name\":\"Aus meinem Garten\"}]},{\"@type\":\"WebSite\",\"@id\":\"https:\/\/blog.zeit.de\/zeit-der-leser\/#website\",\"url\":\"https:\/\/blog.zeit.de\/zeit-der-leser\/\",\"name\":\"ZEIT der Leser\",\"description\":\"Ein Blog mit Ihren Notizen, Gedichten und Bildern f\u00fcr die gedruckte ZEIT\",\"potentialAction\":[{\"@type\":\"SearchAction\",\"target\":{\"@type\":\"EntryPoint\",\"urlTemplate\":\"https:\/\/blog.zeit.de\/zeit-der-leser\/?s={search_term_string}\"},\"query-input\":\"required name=search_term_string\"}],\"inLanguage\":\"de\"},{\"@type\":\"Person\",\"@id\":\"https:\/\/blog.zeit.de\/zeit-der-leser\/#\/schema\/person\/eaa3c3ed8f838c4aafcd25e9710fcc68\",\"name\":\"Franziska Kelch\",\"image\":{\"@type\":\"ImageObject\",\"inLanguage\":\"de\",\"@id\":\"https:\/\/blog.zeit.de\/zeit-der-leser\/#\/schema\/person\/image\/\",\"url\":\"https:\/\/secure.gravatar.com\/avatar\/d7ae2b2bfc4c5c08ed3435dc2ecf53fcb6d4234c0aa486b8b64ce6549a61a378?s=96&d=mm&r=g\",\"contentUrl\":\"https:\/\/secure.gravatar.com\/avatar\/d7ae2b2bfc4c5c08ed3435dc2ecf53fcb6d4234c0aa486b8b64ce6549a61a378?s=96&d=mm&r=g\",\"caption\":\"Franziska Kelch\"},\"url\":\"https:\/\/blog.zeit.de\/zeit-der-leser\/author\/franziska-kelch\/\"}]}<\/script>\n<!-- \/ Yoast SEO plugin. -->","yoast_head_json":{"title":"Aus meinem Garten - ZEIT der Leser","robots":{"index":"index","follow":"follow","max-snippet":"max-snippet:-1","max-image-preview":"max-image-preview:large","max-video-preview":"max-video-preview:-1"},"canonical":"https:\/\/blog.zeit.de\/zeit-der-leser\/2013\/06\/01\/aus-meinem-garten-7\/","og_locale":"de_DE","og_type":"article","og_title":"Aus meinem Garten - ZEIT der Leser","og_description":"Immer wieder faszinierend: Die h\u00e4rteste Frucht der heimischen Obstsorten entsteht aus den anmutigsten Bl\u00fcten! Vielleicht h\u00e4tten die Menschen sonst nie das zarte Aroma der Quitten entdeckt. Heide Rose Zeeb, T\u00fcbingen","og_url":"https:\/\/blog.zeit.de\/zeit-der-leser\/2013\/06\/01\/aus-meinem-garten-7\/","og_site_name":"ZEIT der Leser","article_published_time":"2013-06-01T08:00:12+00:00","article_modified_time":"2013-06-02T10:21:54+00:00","og_image":[{"url":"https:\/\/blog.zeit.de\/zeit-der-leser\/files\/2013\/06\/s80-gartenbild.jpg"}],"author":"Franziska Kelch","twitter_card":"summary_large_image","twitter_misc":{"Geschrieben von":"Franziska Kelch"},"schema":{"@context":"https:\/\/schema.org","@graph":[{"@type":"WebPage","@id":"https:\/\/blog.zeit.de\/zeit-der-leser\/2013\/06\/01\/aus-meinem-garten-7\/","url":"https:\/\/blog.zeit.de\/zeit-der-leser\/2013\/06\/01\/aus-meinem-garten-7\/","name":"Aus meinem Garten - ZEIT der Leser","isPartOf":{"@id":"https:\/\/blog.zeit.de\/zeit-der-leser\/#website"},"datePublished":"2013-06-01T08:00:12+00:00","dateModified":"2013-06-02T10:21:54+00:00","author":{"@id":"https:\/\/blog.zeit.de\/zeit-der-leser\/#\/schema\/person\/eaa3c3ed8f838c4aafcd25e9710fcc68"},"breadcrumb":{"@id":"https:\/\/blog.zeit.de\/zeit-der-leser\/2013\/06\/01\/aus-meinem-garten-7\/#breadcrumb"},"inLanguage":"de","potentialAction":[{"@type":"ReadAction","target":["https:\/\/blog.zeit.de\/zeit-der-leser\/2013\/06\/01\/aus-meinem-garten-7\/"]}]},{"@type":"BreadcrumbList","@id":"https:\/\/blog.zeit.de\/zeit-der-leser\/2013\/06\/01\/aus-meinem-garten-7\/#breadcrumb","itemListElement":[{"@type":"ListItem","position":1,"name":"Startseite","item":"https:\/\/blog.zeit.de\/zeit-der-leser\/"},{"@type":"ListItem","position":2,"name":"Aus meinem Garten"}]},{"@type":"WebSite","@id":"https:\/\/blog.zeit.de\/zeit-der-leser\/#website","url":"https:\/\/blog.zeit.de\/zeit-der-leser\/","name":"ZEIT der Leser","description":"Ein Blog mit Ihren Notizen, Gedichten und Bildern f\u00fcr die gedruckte ZEIT","potentialAction":[{"@type":"SearchAction","target":{"@type":"EntryPoint","urlTemplate":"https:\/\/blog.zeit.de\/zeit-der-leser\/?s={search_term_string}"},"query-input":"required name=search_term_string"}],"inLanguage":"de"},{"@type":"Person","@id":"https:\/\/blog.zeit.de\/zeit-der-leser\/#\/schema\/person\/eaa3c3ed8f838c4aafcd25e9710fcc68","name":"Franziska Kelch","image":{"@type":"ImageObject","inLanguage":"de","@id":"https:\/\/blog.zeit.de\/zeit-der-leser\/#\/schema\/person\/image\/","url":"https:\/\/secure.gravatar.com\/avatar\/d7ae2b2bfc4c5c08ed3435dc2ecf53fcb6d4234c0aa486b8b64ce6549a61a378?s=96&d=mm&r=g","contentUrl":"https:\/\/secure.gravatar.com\/avatar\/d7ae2b2bfc4c5c08ed3435dc2ecf53fcb6d4234c0aa486b8b64ce6549a61a378?s=96&d=mm&r=g","caption":"Franziska Kelch"},"url":"https:\/\/blog.zeit.de\/zeit-der-leser\/author\/franziska-kelch\/"}]}},"jetpack_featured_media_url":"","jetpack_sharing_enabled":true,"_links":{"self":[{"href":"https:\/\/blog.zeit.de\/zeit-der-leser\/wp-json\/wp\/v2\/posts\/13742","targetHints":{"allow":["GET"]}}],"collection":[{"href":"https:\/\/blog.zeit.de\/zeit-der-leser\/wp-json\/wp\/v2\/posts"}],"about":[{"href":"https:\/\/blog.zeit.de\/zeit-der-leser\/wp-json\/wp\/v2\/types\/post"}],"author":[{"embeddable":true,"href":"https:\/\/blog.zeit.de\/zeit-der-leser\/wp-json\/wp\/v2\/users\/323"}],"replies":[{"embeddable":true,"href":"https:\/\/blog.zeit.de\/zeit-der-leser\/wp-json\/wp\/v2\/comments?post=13742"}],"version-history":[{"count":3,"href":"https:\/\/blog.zeit.de\/zeit-der-leser\/wp-json\/wp\/v2\/posts\/13742\/revisions"}],"predecessor-version":[{"id":13746,"href":"https:\/\/blog.zeit.de\/zeit-der-leser\/wp-json\/wp\/v2\/posts\/13742\/revisions\/13746"}],"wp:attachment":[{"href":"https:\/\/blog.zeit.de\/zeit-der-leser\/wp-json\/wp\/v2\/media?parent=13742"}],"wp:term":[{"taxonomy":"category","embeddable":true,"href":"https:\/\/blog.zeit.de\/zeit-der-leser\/wp-json\/wp\/v2\/categories?post=13742"},{"taxonomy":"post_tag","embeddable":true,"href":"https:\/\/blog.zeit.de\/zeit-der-leser\/wp-json\/wp\/v2\/tags?post=13742"}],"curies":[{"name":"wp","href":"https:\/\/api.w.org\/{rel}","templated":true}]}}