{"id":13857,"date":"2013-06-12T18:00:38","date_gmt":"2013-06-12T16:00:38","guid":{"rendered":"http:\/\/blog.zeit.de\/zeit-der-leser\/?p=13857"},"modified":"2013-06-12T18:00:44","modified_gmt":"2013-06-12T16:00:44","slug":"zeitsprung-wer-ist-wer","status":"publish","type":"post","link":"https:\/\/blog.zeit.de\/zeit-der-leser\/2013\/06\/12\/zeitsprung-wer-ist-wer\/","title":{"rendered":"Zeitsprung: Wer ist wer?"},"content":{"rendered":"<p><a href=\"https:\/\/blog.zeit.de\/zeit-der-leser\/?attachment_id=13858\" rel=\"attachment wp-att-13858\"><img loading=\"lazy\" decoding=\"async\" class=\"alignleft size-full wp-image-13858\" alt=\"s80-zeitsprung\" src=\"https:\/\/blog.zeit.de\/zeit-der-leser\/files\/2013\/06\/s80-zeitsprung.jpg\" width=\"580\" height=\"461\" srcset=\"https:\/\/blog.zeit.de\/zeit-der-leser\/files\/2013\/06\/s80-zeitsprung.jpg 580w, https:\/\/blog.zeit.de\/zeit-der-leser\/files\/2013\/06\/s80-zeitsprung-300x238.jpg 300w\" sizes=\"auto, (max-width: 580px) 100vw, 580px\" \/><\/a><\/p>\n<p>Diese Frage stellte uns unsere Tochter auf dem selbst gebastelten Kalenderblatt, das Fotos von unseren Enkelkindern Marie Luise und Alma Sophia zeigt. Die Aufnahmen entstanden im November 2003 und im M\u00e4rz 2013, als die M\u00e4dchen jeweils etwa drei Monate alt waren. Nat\u00fcrlich konnte die Gro\u00dfmutter diese Frage ohne gr\u00f6\u00dfere Schwierigkeiten beantworten!<\/p>\n<p><strong>Gisela und Martin Peisker<\/strong>,\u00a0Gatersleben, Sachsen-Anhalt<\/p>\n","protected":false},"excerpt":{"rendered":"<p>Diese Frage stellte uns unsere Tochter auf dem selbst gebastelten Kalenderblatt, das Fotos von unseren Enkelkindern Marie Luise und Alma Sophia zeigt. Die Aufnahmen entstanden im November 2003 und im M\u00e4rz 2013, als die M\u00e4dchen jeweils etwa drei Monate alt waren. Nat\u00fcrlich konnte die Gro\u00dfmutter diese Frage ohne gr\u00f6\u00dfere Schwierigkeiten beantworten! Gisela und Martin Peisker,\u00a0Gatersleben, [&hellip;]<\/p>\n","protected":false},"author":265,"featured_media":0,"comment_status":"open","ping_status":"open","sticky":false,"template":"","format":"standard","meta":{"_jetpack_memberships_contains_paid_content":false,"footnotes":""},"categories":[1878],"tags":[],"class_list":["post-13857","post","type-post","status-publish","format-standard","hentry","category-zeitsprung"],"yoast_head":"<!-- This site is optimized with the Yoast SEO plugin v21.0 - https:\/\/yoast.com\/wordpress\/plugins\/seo\/ -->\n<title>Zeitsprung: Wer ist wer? - ZEIT der Leser<\/title>\n<meta name=\"robots\" content=\"index, follow, max-snippet:-1, max-image-preview:large, max-video-preview:-1\" \/>\n<link rel=\"canonical\" href=\"https:\/\/blog.zeit.de\/zeit-der-leser\/2013\/06\/12\/zeitsprung-wer-ist-wer\/\" \/>\n<meta property=\"og:locale\" content=\"de_DE\" \/>\n<meta property=\"og:type\" content=\"article\" \/>\n<meta property=\"og:title\" content=\"Zeitsprung: Wer ist wer? - ZEIT der Leser\" \/>\n<meta property=\"og:description\" content=\"Diese Frage stellte uns unsere Tochter auf dem selbst gebastelten Kalenderblatt, das Fotos von unseren Enkelkindern Marie Luise und Alma Sophia zeigt. Die Aufnahmen entstanden im November 2003 und im M\u00e4rz 2013, als die M\u00e4dchen jeweils etwa drei Monate alt waren. Nat\u00fcrlich konnte die Gro\u00dfmutter diese Frage ohne gr\u00f6\u00dfere Schwierigkeiten beantworten! Gisela und Martin Peisker,\u00a0Gatersleben, [&hellip;]\" \/>\n<meta property=\"og:url\" content=\"https:\/\/blog.zeit.de\/zeit-der-leser\/2013\/06\/12\/zeitsprung-wer-ist-wer\/\" \/>\n<meta property=\"og:site_name\" content=\"ZEIT der Leser\" \/>\n<meta property=\"article:published_time\" content=\"2013-06-12T16:00:38+00:00\" \/>\n<meta property=\"article:modified_time\" content=\"2013-06-12T16:00:44+00:00\" \/>\n<meta property=\"og:image\" content=\"https:\/\/blog.zeit.de\/zeit-der-leser\/files\/2013\/06\/s80-zeitsprung.jpg\" \/>\n<meta name=\"author\" content=\"&quot;Zeit der Leser&quot;-Redaktion\" \/>\n<meta name=\"twitter:card\" content=\"summary_large_image\" \/>\n<meta name=\"twitter:label1\" content=\"Geschrieben von\" \/>\n\t<meta name=\"twitter:data1\" content=\"\"Zeit der Leser\"-Redaktion\" \/>\n<script type=\"application\/ld+json\" class=\"yoast-schema-graph\">{\"@context\":\"https:\/\/schema.org\",\"@graph\":[{\"@type\":\"WebPage\",\"@id\":\"https:\/\/blog.zeit.de\/zeit-der-leser\/2013\/06\/12\/zeitsprung-wer-ist-wer\/\",\"url\":\"https:\/\/blog.zeit.de\/zeit-der-leser\/2013\/06\/12\/zeitsprung-wer-ist-wer\/\",\"name\":\"Zeitsprung: Wer ist wer? - ZEIT der Leser\",\"isPartOf\":{\"@id\":\"https:\/\/blog.zeit.de\/zeit-der-leser\/#website\"},\"datePublished\":\"2013-06-12T16:00:38+00:00\",\"dateModified\":\"2013-06-12T16:00:44+00:00\",\"author\":{\"@id\":\"https:\/\/blog.zeit.de\/zeit-der-leser\/#\/schema\/person\/583b14e5ad6368c23af846ecbde9f20f\"},\"breadcrumb\":{\"@id\":\"https:\/\/blog.zeit.de\/zeit-der-leser\/2013\/06\/12\/zeitsprung-wer-ist-wer\/#breadcrumb\"},\"inLanguage\":\"de\",\"potentialAction\":[{\"@type\":\"ReadAction\",\"target\":[\"https:\/\/blog.zeit.de\/zeit-der-leser\/2013\/06\/12\/zeitsprung-wer-ist-wer\/\"]}]},{\"@type\":\"BreadcrumbList\",\"@id\":\"https:\/\/blog.zeit.de\/zeit-der-leser\/2013\/06\/12\/zeitsprung-wer-ist-wer\/#breadcrumb\",\"itemListElement\":[{\"@type\":\"ListItem\",\"position\":1,\"name\":\"Startseite\",\"item\":\"https:\/\/blog.zeit.de\/zeit-der-leser\/\"},{\"@type\":\"ListItem\",\"position\":2,\"name\":\"Zeitsprung: Wer ist wer?\"}]},{\"@type\":\"WebSite\",\"@id\":\"https:\/\/blog.zeit.de\/zeit-der-leser\/#website\",\"url\":\"https:\/\/blog.zeit.de\/zeit-der-leser\/\",\"name\":\"ZEIT der Leser\",\"description\":\"Ein Blog mit Ihren Notizen, Gedichten und Bildern f\u00fcr die gedruckte ZEIT\",\"potentialAction\":[{\"@type\":\"SearchAction\",\"target\":{\"@type\":\"EntryPoint\",\"urlTemplate\":\"https:\/\/blog.zeit.de\/zeit-der-leser\/?s={search_term_string}\"},\"query-input\":\"required name=search_term_string\"}],\"inLanguage\":\"de\"},{\"@type\":\"Person\",\"@id\":\"https:\/\/blog.zeit.de\/zeit-der-leser\/#\/schema\/person\/583b14e5ad6368c23af846ecbde9f20f\",\"name\":\"\\\"Zeit der Leser\\\"-Redaktion\",\"image\":{\"@type\":\"ImageObject\",\"inLanguage\":\"de\",\"@id\":\"https:\/\/blog.zeit.de\/zeit-der-leser\/#\/schema\/person\/image\/\",\"url\":\"https:\/\/secure.gravatar.com\/avatar\/e801a681bd3bbf2345131a815930b48d9f8e0a94de1346b624840dc850f67ad0?s=96&d=mm&r=g\",\"contentUrl\":\"https:\/\/secure.gravatar.com\/avatar\/e801a681bd3bbf2345131a815930b48d9f8e0a94de1346b624840dc850f67ad0?s=96&d=mm&r=g\",\"caption\":\"\\\"Zeit der Leser\\\"-Redaktion\"},\"url\":\"https:\/\/blog.zeit.de\/zeit-der-leser\/author\/zeit-der-leser-redaktion\/\"}]}<\/script>\n<!-- \/ Yoast SEO plugin. -->","yoast_head_json":{"title":"Zeitsprung: Wer ist wer? - ZEIT der Leser","robots":{"index":"index","follow":"follow","max-snippet":"max-snippet:-1","max-image-preview":"max-image-preview:large","max-video-preview":"max-video-preview:-1"},"canonical":"https:\/\/blog.zeit.de\/zeit-der-leser\/2013\/06\/12\/zeitsprung-wer-ist-wer\/","og_locale":"de_DE","og_type":"article","og_title":"Zeitsprung: Wer ist wer? - ZEIT der Leser","og_description":"Diese Frage stellte uns unsere Tochter auf dem selbst gebastelten Kalenderblatt, das Fotos von unseren Enkelkindern Marie Luise und Alma Sophia zeigt. Die Aufnahmen entstanden im November 2003 und im M\u00e4rz 2013, als die M\u00e4dchen jeweils etwa drei Monate alt waren. Nat\u00fcrlich konnte die Gro\u00dfmutter diese Frage ohne gr\u00f6\u00dfere Schwierigkeiten beantworten! Gisela und Martin Peisker,\u00a0Gatersleben, [&hellip;]","og_url":"https:\/\/blog.zeit.de\/zeit-der-leser\/2013\/06\/12\/zeitsprung-wer-ist-wer\/","og_site_name":"ZEIT der Leser","article_published_time":"2013-06-12T16:00:38+00:00","article_modified_time":"2013-06-12T16:00:44+00:00","og_image":[{"url":"https:\/\/blog.zeit.de\/zeit-der-leser\/files\/2013\/06\/s80-zeitsprung.jpg"}],"author":"\"Zeit der Leser\"-Redaktion","twitter_card":"summary_large_image","twitter_misc":{"Geschrieben von":"\"Zeit der Leser\"-Redaktion"},"schema":{"@context":"https:\/\/schema.org","@graph":[{"@type":"WebPage","@id":"https:\/\/blog.zeit.de\/zeit-der-leser\/2013\/06\/12\/zeitsprung-wer-ist-wer\/","url":"https:\/\/blog.zeit.de\/zeit-der-leser\/2013\/06\/12\/zeitsprung-wer-ist-wer\/","name":"Zeitsprung: Wer ist wer? - ZEIT der Leser","isPartOf":{"@id":"https:\/\/blog.zeit.de\/zeit-der-leser\/#website"},"datePublished":"2013-06-12T16:00:38+00:00","dateModified":"2013-06-12T16:00:44+00:00","author":{"@id":"https:\/\/blog.zeit.de\/zeit-der-leser\/#\/schema\/person\/583b14e5ad6368c23af846ecbde9f20f"},"breadcrumb":{"@id":"https:\/\/blog.zeit.de\/zeit-der-leser\/2013\/06\/12\/zeitsprung-wer-ist-wer\/#breadcrumb"},"inLanguage":"de","potentialAction":[{"@type":"ReadAction","target":["https:\/\/blog.zeit.de\/zeit-der-leser\/2013\/06\/12\/zeitsprung-wer-ist-wer\/"]}]},{"@type":"BreadcrumbList","@id":"https:\/\/blog.zeit.de\/zeit-der-leser\/2013\/06\/12\/zeitsprung-wer-ist-wer\/#breadcrumb","itemListElement":[{"@type":"ListItem","position":1,"name":"Startseite","item":"https:\/\/blog.zeit.de\/zeit-der-leser\/"},{"@type":"ListItem","position":2,"name":"Zeitsprung: Wer ist wer?"}]},{"@type":"WebSite","@id":"https:\/\/blog.zeit.de\/zeit-der-leser\/#website","url":"https:\/\/blog.zeit.de\/zeit-der-leser\/","name":"ZEIT der Leser","description":"Ein Blog mit Ihren Notizen, Gedichten und Bildern f\u00fcr die gedruckte ZEIT","potentialAction":[{"@type":"SearchAction","target":{"@type":"EntryPoint","urlTemplate":"https:\/\/blog.zeit.de\/zeit-der-leser\/?s={search_term_string}"},"query-input":"required name=search_term_string"}],"inLanguage":"de"},{"@type":"Person","@id":"https:\/\/blog.zeit.de\/zeit-der-leser\/#\/schema\/person\/583b14e5ad6368c23af846ecbde9f20f","name":"\"Zeit der Leser\"-Redaktion","image":{"@type":"ImageObject","inLanguage":"de","@id":"https:\/\/blog.zeit.de\/zeit-der-leser\/#\/schema\/person\/image\/","url":"https:\/\/secure.gravatar.com\/avatar\/e801a681bd3bbf2345131a815930b48d9f8e0a94de1346b624840dc850f67ad0?s=96&d=mm&r=g","contentUrl":"https:\/\/secure.gravatar.com\/avatar\/e801a681bd3bbf2345131a815930b48d9f8e0a94de1346b624840dc850f67ad0?s=96&d=mm&r=g","caption":"\"Zeit der Leser\"-Redaktion"},"url":"https:\/\/blog.zeit.de\/zeit-der-leser\/author\/zeit-der-leser-redaktion\/"}]}},"jetpack_featured_media_url":"","jetpack_sharing_enabled":true,"_links":{"self":[{"href":"https:\/\/blog.zeit.de\/zeit-der-leser\/wp-json\/wp\/v2\/posts\/13857","targetHints":{"allow":["GET"]}}],"collection":[{"href":"https:\/\/blog.zeit.de\/zeit-der-leser\/wp-json\/wp\/v2\/posts"}],"about":[{"href":"https:\/\/blog.zeit.de\/zeit-der-leser\/wp-json\/wp\/v2\/types\/post"}],"author":[{"embeddable":true,"href":"https:\/\/blog.zeit.de\/zeit-der-leser\/wp-json\/wp\/v2\/users\/265"}],"replies":[{"embeddable":true,"href":"https:\/\/blog.zeit.de\/zeit-der-leser\/wp-json\/wp\/v2\/comments?post=13857"}],"version-history":[{"count":3,"href":"https:\/\/blog.zeit.de\/zeit-der-leser\/wp-json\/wp\/v2\/posts\/13857\/revisions"}],"predecessor-version":[{"id":13956,"href":"https:\/\/blog.zeit.de\/zeit-der-leser\/wp-json\/wp\/v2\/posts\/13857\/revisions\/13956"}],"wp:attachment":[{"href":"https:\/\/blog.zeit.de\/zeit-der-leser\/wp-json\/wp\/v2\/media?parent=13857"}],"wp:term":[{"taxonomy":"category","embeddable":true,"href":"https:\/\/blog.zeit.de\/zeit-der-leser\/wp-json\/wp\/v2\/categories?post=13857"},{"taxonomy":"post_tag","embeddable":true,"href":"https:\/\/blog.zeit.de\/zeit-der-leser\/wp-json\/wp\/v2\/tags?post=13857"}],"curies":[{"name":"wp","href":"https:\/\/api.w.org\/{rel}","templated":true}]}}