{"id":13888,"date":"2013-06-13T18:00:44","date_gmt":"2013-06-13T16:00:44","guid":{"rendered":"http:\/\/blog.zeit.de\/zeit-der-leser\/?p=13888"},"modified":"2015-02-20T13:09:54","modified_gmt":"2015-02-20T12:09:54","slug":"mein-wort-schatz-speisekammer","status":"publish","type":"post","link":"https:\/\/blog.zeit.de\/zeit-der-leser\/2013\/06\/13\/mein-wort-schatz-speisekammer\/","title":{"rendered":"Speisekammer: Mein Wort-Schatz"},"content":{"rendered":"<p>Die gute alte <strong>Speisekammer<\/strong> \u2013 schade, dass sie ausgedient hat! Nur in wenigen H\u00e4usern ist sie noch zu finden. Als Kinder f\u00fchlten wir uns magisch angezogen von den k\u00f6stlichen D\u00fcften und Leckereien. Wie gerne h\u00e4tten wir uns das eine oder andere Pl\u00e4tzchen stibitzt oder ein Weckglas mit s\u00fc\u00dfem Quittenkompott. Aber getraut haben wir uns das nicht. im Winter, ein paar Tage vor Weihnachten, hing die Gans im offenen Fenster \u2013 einen K\u00fchlschrank gab es so kurz nach dem Krieg nicht. und im Sommer haben wir die leeren Weckgl\u00e4ser als Heimstatt f\u00fcr Molche und Salamander aus dem Baggersee zweckentfremdet \u2013 zum Verdruss unserer Mutter. Etwas allerdings war gr\u00e4sslich in der Speisekammer: Dort wurde uns der t\u00e4gliche L\u00f6ffel Lebertran nach dem Mittagessen verabreicht. igitt!<\/p>\n<p><strong>Regine Rogge<\/strong>, Bargteheide, Schleswig-Holstein<\/p>\n","protected":false},"excerpt":{"rendered":"<p>Die gute alte Speisekammer \u2013 schade, dass sie ausgedient hat! Nur in wenigen H\u00e4usern ist sie noch zu finden. Als Kinder f\u00fchlten wir uns magisch angezogen von den k\u00f6stlichen D\u00fcften und Leckereien. Wie gerne h\u00e4tten wir uns das eine oder andere Pl\u00e4tzchen stibitzt oder ein Weckglas mit s\u00fc\u00dfem Quittenkompott. Aber getraut haben wir uns das [&hellip;]<\/p>\n","protected":false},"author":265,"featured_media":0,"comment_status":"open","ping_status":"open","sticky":false,"template":"","format":"standard","meta":{"_jetpack_memberships_contains_paid_content":false,"footnotes":""},"categories":[5687],"tags":[],"class_list":["post-13888","post","type-post","status-publish","format-standard","hentry","category-mein-wort-schatz"],"yoast_head":"<!-- This site is optimized with the Yoast SEO plugin v21.0 - https:\/\/yoast.com\/wordpress\/plugins\/seo\/ -->\n<title>Speisekammer: Mein Wort-Schatz - ZEIT der Leser<\/title>\n<meta name=\"robots\" content=\"index, follow, max-snippet:-1, max-image-preview:large, max-video-preview:-1\" \/>\n<link rel=\"canonical\" href=\"https:\/\/blog.zeit.de\/zeit-der-leser\/2013\/06\/13\/mein-wort-schatz-speisekammer\/\" \/>\n<meta property=\"og:locale\" content=\"de_DE\" \/>\n<meta property=\"og:type\" content=\"article\" \/>\n<meta property=\"og:title\" content=\"Speisekammer: Mein Wort-Schatz - ZEIT der Leser\" \/>\n<meta property=\"og:description\" content=\"Die gute alte Speisekammer \u2013 schade, dass sie ausgedient hat! Nur in wenigen H\u00e4usern ist sie noch zu finden. Als Kinder f\u00fchlten wir uns magisch angezogen von den k\u00f6stlichen D\u00fcften und Leckereien. Wie gerne h\u00e4tten wir uns das eine oder andere Pl\u00e4tzchen stibitzt oder ein Weckglas mit s\u00fc\u00dfem Quittenkompott. Aber getraut haben wir uns das [&hellip;]\" \/>\n<meta property=\"og:url\" content=\"https:\/\/blog.zeit.de\/zeit-der-leser\/2013\/06\/13\/mein-wort-schatz-speisekammer\/\" \/>\n<meta property=\"og:site_name\" content=\"ZEIT der Leser\" \/>\n<meta property=\"article:published_time\" content=\"2013-06-13T16:00:44+00:00\" \/>\n<meta property=\"article:modified_time\" content=\"2015-02-20T12:09:54+00:00\" \/>\n<meta name=\"author\" content=\"&quot;Zeit der Leser&quot;-Redaktion\" \/>\n<meta name=\"twitter:card\" content=\"summary_large_image\" \/>\n<meta name=\"twitter:label1\" content=\"Geschrieben von\" \/>\n\t<meta name=\"twitter:data1\" content=\"\"Zeit der Leser\"-Redaktion\" \/>\n\t<meta name=\"twitter:label2\" content=\"Gesch\u00e4tzte Lesezeit\" \/>\n\t<meta name=\"twitter:data2\" content=\"1\u00a0Minute\" \/>\n<script type=\"application\/ld+json\" class=\"yoast-schema-graph\">{\"@context\":\"https:\/\/schema.org\",\"@graph\":[{\"@type\":\"WebPage\",\"@id\":\"https:\/\/blog.zeit.de\/zeit-der-leser\/2013\/06\/13\/mein-wort-schatz-speisekammer\/\",\"url\":\"https:\/\/blog.zeit.de\/zeit-der-leser\/2013\/06\/13\/mein-wort-schatz-speisekammer\/\",\"name\":\"Speisekammer: Mein Wort-Schatz - ZEIT der Leser\",\"isPartOf\":{\"@id\":\"https:\/\/blog.zeit.de\/zeit-der-leser\/#website\"},\"datePublished\":\"2013-06-13T16:00:44+00:00\",\"dateModified\":\"2015-02-20T12:09:54+00:00\",\"author\":{\"@id\":\"https:\/\/blog.zeit.de\/zeit-der-leser\/#\/schema\/person\/583b14e5ad6368c23af846ecbde9f20f\"},\"breadcrumb\":{\"@id\":\"https:\/\/blog.zeit.de\/zeit-der-leser\/2013\/06\/13\/mein-wort-schatz-speisekammer\/#breadcrumb\"},\"inLanguage\":\"de\",\"potentialAction\":[{\"@type\":\"ReadAction\",\"target\":[\"https:\/\/blog.zeit.de\/zeit-der-leser\/2013\/06\/13\/mein-wort-schatz-speisekammer\/\"]}]},{\"@type\":\"BreadcrumbList\",\"@id\":\"https:\/\/blog.zeit.de\/zeit-der-leser\/2013\/06\/13\/mein-wort-schatz-speisekammer\/#breadcrumb\",\"itemListElement\":[{\"@type\":\"ListItem\",\"position\":1,\"name\":\"Startseite\",\"item\":\"https:\/\/blog.zeit.de\/zeit-der-leser\/\"},{\"@type\":\"ListItem\",\"position\":2,\"name\":\"Speisekammer: Mein Wort-Schatz\"}]},{\"@type\":\"WebSite\",\"@id\":\"https:\/\/blog.zeit.de\/zeit-der-leser\/#website\",\"url\":\"https:\/\/blog.zeit.de\/zeit-der-leser\/\",\"name\":\"ZEIT der Leser\",\"description\":\"Ein Blog mit Ihren Notizen, Gedichten und Bildern f\u00fcr die gedruckte ZEIT\",\"potentialAction\":[{\"@type\":\"SearchAction\",\"target\":{\"@type\":\"EntryPoint\",\"urlTemplate\":\"https:\/\/blog.zeit.de\/zeit-der-leser\/?s={search_term_string}\"},\"query-input\":\"required name=search_term_string\"}],\"inLanguage\":\"de\"},{\"@type\":\"Person\",\"@id\":\"https:\/\/blog.zeit.de\/zeit-der-leser\/#\/schema\/person\/583b14e5ad6368c23af846ecbde9f20f\",\"name\":\"\\\"Zeit der Leser\\\"-Redaktion\",\"image\":{\"@type\":\"ImageObject\",\"inLanguage\":\"de\",\"@id\":\"https:\/\/blog.zeit.de\/zeit-der-leser\/#\/schema\/person\/image\/\",\"url\":\"https:\/\/secure.gravatar.com\/avatar\/e801a681bd3bbf2345131a815930b48d9f8e0a94de1346b624840dc850f67ad0?s=96&d=mm&r=g\",\"contentUrl\":\"https:\/\/secure.gravatar.com\/avatar\/e801a681bd3bbf2345131a815930b48d9f8e0a94de1346b624840dc850f67ad0?s=96&d=mm&r=g\",\"caption\":\"\\\"Zeit der Leser\\\"-Redaktion\"},\"url\":\"https:\/\/blog.zeit.de\/zeit-der-leser\/author\/zeit-der-leser-redaktion\/\"}]}<\/script>\n<!-- \/ Yoast SEO plugin. -->","yoast_head_json":{"title":"Speisekammer: Mein Wort-Schatz - ZEIT der Leser","robots":{"index":"index","follow":"follow","max-snippet":"max-snippet:-1","max-image-preview":"max-image-preview:large","max-video-preview":"max-video-preview:-1"},"canonical":"https:\/\/blog.zeit.de\/zeit-der-leser\/2013\/06\/13\/mein-wort-schatz-speisekammer\/","og_locale":"de_DE","og_type":"article","og_title":"Speisekammer: Mein Wort-Schatz - ZEIT der Leser","og_description":"Die gute alte Speisekammer \u2013 schade, dass sie ausgedient hat! Nur in wenigen H\u00e4usern ist sie noch zu finden. Als Kinder f\u00fchlten wir uns magisch angezogen von den k\u00f6stlichen D\u00fcften und Leckereien. Wie gerne h\u00e4tten wir uns das eine oder andere Pl\u00e4tzchen stibitzt oder ein Weckglas mit s\u00fc\u00dfem Quittenkompott. Aber getraut haben wir uns das [&hellip;]","og_url":"https:\/\/blog.zeit.de\/zeit-der-leser\/2013\/06\/13\/mein-wort-schatz-speisekammer\/","og_site_name":"ZEIT der Leser","article_published_time":"2013-06-13T16:00:44+00:00","article_modified_time":"2015-02-20T12:09:54+00:00","author":"\"Zeit der Leser\"-Redaktion","twitter_card":"summary_large_image","twitter_misc":{"Geschrieben von":"\"Zeit der Leser\"-Redaktion","Gesch\u00e4tzte Lesezeit":"1\u00a0Minute"},"schema":{"@context":"https:\/\/schema.org","@graph":[{"@type":"WebPage","@id":"https:\/\/blog.zeit.de\/zeit-der-leser\/2013\/06\/13\/mein-wort-schatz-speisekammer\/","url":"https:\/\/blog.zeit.de\/zeit-der-leser\/2013\/06\/13\/mein-wort-schatz-speisekammer\/","name":"Speisekammer: Mein Wort-Schatz - ZEIT der Leser","isPartOf":{"@id":"https:\/\/blog.zeit.de\/zeit-der-leser\/#website"},"datePublished":"2013-06-13T16:00:44+00:00","dateModified":"2015-02-20T12:09:54+00:00","author":{"@id":"https:\/\/blog.zeit.de\/zeit-der-leser\/#\/schema\/person\/583b14e5ad6368c23af846ecbde9f20f"},"breadcrumb":{"@id":"https:\/\/blog.zeit.de\/zeit-der-leser\/2013\/06\/13\/mein-wort-schatz-speisekammer\/#breadcrumb"},"inLanguage":"de","potentialAction":[{"@type":"ReadAction","target":["https:\/\/blog.zeit.de\/zeit-der-leser\/2013\/06\/13\/mein-wort-schatz-speisekammer\/"]}]},{"@type":"BreadcrumbList","@id":"https:\/\/blog.zeit.de\/zeit-der-leser\/2013\/06\/13\/mein-wort-schatz-speisekammer\/#breadcrumb","itemListElement":[{"@type":"ListItem","position":1,"name":"Startseite","item":"https:\/\/blog.zeit.de\/zeit-der-leser\/"},{"@type":"ListItem","position":2,"name":"Speisekammer: Mein Wort-Schatz"}]},{"@type":"WebSite","@id":"https:\/\/blog.zeit.de\/zeit-der-leser\/#website","url":"https:\/\/blog.zeit.de\/zeit-der-leser\/","name":"ZEIT der Leser","description":"Ein Blog mit Ihren Notizen, Gedichten und Bildern f\u00fcr die gedruckte ZEIT","potentialAction":[{"@type":"SearchAction","target":{"@type":"EntryPoint","urlTemplate":"https:\/\/blog.zeit.de\/zeit-der-leser\/?s={search_term_string}"},"query-input":"required name=search_term_string"}],"inLanguage":"de"},{"@type":"Person","@id":"https:\/\/blog.zeit.de\/zeit-der-leser\/#\/schema\/person\/583b14e5ad6368c23af846ecbde9f20f","name":"\"Zeit der Leser\"-Redaktion","image":{"@type":"ImageObject","inLanguage":"de","@id":"https:\/\/blog.zeit.de\/zeit-der-leser\/#\/schema\/person\/image\/","url":"https:\/\/secure.gravatar.com\/avatar\/e801a681bd3bbf2345131a815930b48d9f8e0a94de1346b624840dc850f67ad0?s=96&d=mm&r=g","contentUrl":"https:\/\/secure.gravatar.com\/avatar\/e801a681bd3bbf2345131a815930b48d9f8e0a94de1346b624840dc850f67ad0?s=96&d=mm&r=g","caption":"\"Zeit der Leser\"-Redaktion"},"url":"https:\/\/blog.zeit.de\/zeit-der-leser\/author\/zeit-der-leser-redaktion\/"}]}},"jetpack_featured_media_url":"","jetpack_sharing_enabled":true,"_links":{"self":[{"href":"https:\/\/blog.zeit.de\/zeit-der-leser\/wp-json\/wp\/v2\/posts\/13888","targetHints":{"allow":["GET"]}}],"collection":[{"href":"https:\/\/blog.zeit.de\/zeit-der-leser\/wp-json\/wp\/v2\/posts"}],"about":[{"href":"https:\/\/blog.zeit.de\/zeit-der-leser\/wp-json\/wp\/v2\/types\/post"}],"author":[{"embeddable":true,"href":"https:\/\/blog.zeit.de\/zeit-der-leser\/wp-json\/wp\/v2\/users\/265"}],"replies":[{"embeddable":true,"href":"https:\/\/blog.zeit.de\/zeit-der-leser\/wp-json\/wp\/v2\/comments?post=13888"}],"version-history":[{"count":6,"href":"https:\/\/blog.zeit.de\/zeit-der-leser\/wp-json\/wp\/v2\/posts\/13888\/revisions"}],"predecessor-version":[{"id":19668,"href":"https:\/\/blog.zeit.de\/zeit-der-leser\/wp-json\/wp\/v2\/posts\/13888\/revisions\/19668"}],"wp:attachment":[{"href":"https:\/\/blog.zeit.de\/zeit-der-leser\/wp-json\/wp\/v2\/media?parent=13888"}],"wp:term":[{"taxonomy":"category","embeddable":true,"href":"https:\/\/blog.zeit.de\/zeit-der-leser\/wp-json\/wp\/v2\/categories?post=13888"},{"taxonomy":"post_tag","embeddable":true,"href":"https:\/\/blog.zeit.de\/zeit-der-leser\/wp-json\/wp\/v2\/tags?post=13888"}],"curies":[{"name":"wp","href":"https:\/\/api.w.org\/{rel}","templated":true}]}}