{"id":1392,"date":"2010-06-03T12:09:39","date_gmt":"2010-06-03T10:09:39","guid":{"rendered":"http:\/\/blog.zeit.de\/zeit-der-leser\/?p=1392"},"modified":"2010-06-02T16:09:55","modified_gmt":"2010-06-02T14:09:55","slug":"staunen-fur-erwachsene","status":"publish","type":"post","link":"https:\/\/blog.zeit.de\/zeit-der-leser\/2010\/06\/03\/staunen-fur-erwachsene\/","title":{"rendered":"Staunen f\u00fcr Erwachsene"},"content":{"rendered":"<p>Wir m\u00fcssen den Kindern die Welt erkl\u00e4ren! Dachte ich. Bis ich neulich in einer Buchhandlung am Tisch mit den Kinderb\u00fcchern stand und sich ein etwa dreij\u00e4hriges M\u00e4dchen zu mir gesellte. Schweigend sah es sich die B\u00fccher mit mir an. Dann zeigte es auf ein Bilderbuch: &#8222;Was fu\u0308r eine Musik ist das?&#8220; Ich war ganz ger\u00fchrt und erkl\u00e4rte ihm, dass das keine Musik sei, sondern ein Buch, in dem man lesen und dessen Bilder man sich ansehen k\u00f6nne und\u2026 Geduldig lie\u00df mich das M\u00e4dchen ausreden, dr\u00fcckte mit dem Finger auf eines der bunten Bilder, und \u2013 aus dem Buch erklang ein Kinderlied!<\/p>\n<p><em>Monika Brockmann, Coesfeld<\/em><\/p>\n","protected":false},"excerpt":{"rendered":"<p>Wir m\u00fcssen den Kindern die Welt erkl\u00e4ren! Dachte ich. Bis ich neulich in einer Buchhandlung am Tisch mit den Kinderb\u00fcchern stand und sich ein etwa dreij\u00e4hriges M\u00e4dchen zu mir gesellte. Schweigend sah es sich die B\u00fccher mit mir an. Dann zeigte es auf ein Bilderbuch: &#8222;Was fu\u0308r eine Musik ist das?&#8220; Ich war ganz ger\u00fchrt [&hellip;]<\/p>\n","protected":false},"author":264,"featured_media":0,"comment_status":"open","ping_status":"open","sticky":false,"template":"","format":"standard","meta":{"_jetpack_memberships_contains_paid_content":false,"footnotes":""},"categories":[1871],"tags":[],"class_list":["post-1392","post","type-post","status-publish","format-standard","hentry","category-was-mein-leben-reicher-macht"],"yoast_head":"<!-- This site is optimized with the Yoast SEO plugin v21.0 - https:\/\/yoast.com\/wordpress\/plugins\/seo\/ -->\n<title>Staunen f\u00fcr Erwachsene - ZEIT der Leser<\/title>\n<meta name=\"robots\" content=\"index, follow, max-snippet:-1, max-image-preview:large, max-video-preview:-1\" \/>\n<link rel=\"canonical\" href=\"https:\/\/blog.zeit.de\/zeit-der-leser\/2010\/06\/03\/staunen-fur-erwachsene\/\" \/>\n<meta property=\"og:locale\" content=\"de_DE\" \/>\n<meta property=\"og:type\" content=\"article\" \/>\n<meta property=\"og:title\" content=\"Staunen f\u00fcr Erwachsene - ZEIT der Leser\" \/>\n<meta property=\"og:description\" content=\"Wir m\u00fcssen den Kindern die Welt erkl\u00e4ren! Dachte ich. Bis ich neulich in einer Buchhandlung am Tisch mit den Kinderb\u00fcchern stand und sich ein etwa dreij\u00e4hriges M\u00e4dchen zu mir gesellte. Schweigend sah es sich die B\u00fccher mit mir an. Dann zeigte es auf ein Bilderbuch: &#8222;Was fu\u0308r eine Musik ist das?&#8220; Ich war ganz ger\u00fchrt [&hellip;]\" \/>\n<meta property=\"og:url\" content=\"https:\/\/blog.zeit.de\/zeit-der-leser\/2010\/06\/03\/staunen-fur-erwachsene\/\" \/>\n<meta property=\"og:site_name\" content=\"ZEIT der Leser\" \/>\n<meta property=\"article:published_time\" content=\"2010-06-03T10:09:39+00:00\" \/>\n<meta property=\"article:modified_time\" content=\"2010-06-02T14:09:55+00:00\" \/>\n<meta name=\"author\" content=\"Zeit der Leser\" \/>\n<meta name=\"twitter:card\" content=\"summary_large_image\" \/>\n<meta name=\"twitter:label1\" content=\"Geschrieben von\" \/>\n\t<meta name=\"twitter:data1\" content=\"Zeit der Leser\" \/>\n\t<meta name=\"twitter:label2\" content=\"Gesch\u00e4tzte Lesezeit\" \/>\n\t<meta name=\"twitter:data2\" content=\"1\u00a0Minute\" \/>\n<script type=\"application\/ld+json\" class=\"yoast-schema-graph\">{\"@context\":\"https:\/\/schema.org\",\"@graph\":[{\"@type\":\"WebPage\",\"@id\":\"https:\/\/blog.zeit.de\/zeit-der-leser\/2010\/06\/03\/staunen-fur-erwachsene\/\",\"url\":\"https:\/\/blog.zeit.de\/zeit-der-leser\/2010\/06\/03\/staunen-fur-erwachsene\/\",\"name\":\"Staunen f\u00fcr Erwachsene - ZEIT der Leser\",\"isPartOf\":{\"@id\":\"https:\/\/blog.zeit.de\/zeit-der-leser\/#website\"},\"datePublished\":\"2010-06-03T10:09:39+00:00\",\"dateModified\":\"2010-06-02T14:09:55+00:00\",\"author\":{\"@id\":\"https:\/\/blog.zeit.de\/zeit-der-leser\/#\/schema\/person\/e248c7ff5a10552f6a3bd5e9385b3667\"},\"breadcrumb\":{\"@id\":\"https:\/\/blog.zeit.de\/zeit-der-leser\/2010\/06\/03\/staunen-fur-erwachsene\/#breadcrumb\"},\"inLanguage\":\"de\",\"potentialAction\":[{\"@type\":\"ReadAction\",\"target\":[\"https:\/\/blog.zeit.de\/zeit-der-leser\/2010\/06\/03\/staunen-fur-erwachsene\/\"]}]},{\"@type\":\"BreadcrumbList\",\"@id\":\"https:\/\/blog.zeit.de\/zeit-der-leser\/2010\/06\/03\/staunen-fur-erwachsene\/#breadcrumb\",\"itemListElement\":[{\"@type\":\"ListItem\",\"position\":1,\"name\":\"Startseite\",\"item\":\"https:\/\/blog.zeit.de\/zeit-der-leser\/\"},{\"@type\":\"ListItem\",\"position\":2,\"name\":\"Staunen f\u00fcr Erwachsene\"}]},{\"@type\":\"WebSite\",\"@id\":\"https:\/\/blog.zeit.de\/zeit-der-leser\/#website\",\"url\":\"https:\/\/blog.zeit.de\/zeit-der-leser\/\",\"name\":\"ZEIT der Leser\",\"description\":\"Ein Blog mit Ihren Notizen, Gedichten und Bildern f\u00fcr die gedruckte ZEIT\",\"potentialAction\":[{\"@type\":\"SearchAction\",\"target\":{\"@type\":\"EntryPoint\",\"urlTemplate\":\"https:\/\/blog.zeit.de\/zeit-der-leser\/?s={search_term_string}\"},\"query-input\":\"required name=search_term_string\"}],\"inLanguage\":\"de\"},{\"@type\":\"Person\",\"@id\":\"https:\/\/blog.zeit.de\/zeit-der-leser\/#\/schema\/person\/e248c7ff5a10552f6a3bd5e9385b3667\",\"name\":\"Zeit der Leser\",\"image\":{\"@type\":\"ImageObject\",\"inLanguage\":\"de\",\"@id\":\"https:\/\/blog.zeit.de\/zeit-der-leser\/#\/schema\/person\/image\/\",\"url\":\"https:\/\/secure.gravatar.com\/avatar\/529bb2731085995bda6c8ba0e4da7e528ea8be4e6c7abdd217f176e2309035f6?s=96&d=mm&r=g\",\"contentUrl\":\"https:\/\/secure.gravatar.com\/avatar\/529bb2731085995bda6c8ba0e4da7e528ea8be4e6c7abdd217f176e2309035f6?s=96&d=mm&r=g\",\"caption\":\"Zeit der Leser\"},\"url\":\"https:\/\/blog.zeit.de\/zeit-der-leser\/author\/zeit-der-leser\/\"}]}<\/script>\n<!-- \/ Yoast SEO plugin. -->","yoast_head_json":{"title":"Staunen f\u00fcr Erwachsene - ZEIT der Leser","robots":{"index":"index","follow":"follow","max-snippet":"max-snippet:-1","max-image-preview":"max-image-preview:large","max-video-preview":"max-video-preview:-1"},"canonical":"https:\/\/blog.zeit.de\/zeit-der-leser\/2010\/06\/03\/staunen-fur-erwachsene\/","og_locale":"de_DE","og_type":"article","og_title":"Staunen f\u00fcr Erwachsene - ZEIT der Leser","og_description":"Wir m\u00fcssen den Kindern die Welt erkl\u00e4ren! Dachte ich. Bis ich neulich in einer Buchhandlung am Tisch mit den Kinderb\u00fcchern stand und sich ein etwa dreij\u00e4hriges M\u00e4dchen zu mir gesellte. Schweigend sah es sich die B\u00fccher mit mir an. Dann zeigte es auf ein Bilderbuch: &#8222;Was fu\u0308r eine Musik ist das?&#8220; Ich war ganz ger\u00fchrt [&hellip;]","og_url":"https:\/\/blog.zeit.de\/zeit-der-leser\/2010\/06\/03\/staunen-fur-erwachsene\/","og_site_name":"ZEIT der Leser","article_published_time":"2010-06-03T10:09:39+00:00","article_modified_time":"2010-06-02T14:09:55+00:00","author":"Zeit der Leser","twitter_card":"summary_large_image","twitter_misc":{"Geschrieben von":"Zeit der Leser","Gesch\u00e4tzte Lesezeit":"1\u00a0Minute"},"schema":{"@context":"https:\/\/schema.org","@graph":[{"@type":"WebPage","@id":"https:\/\/blog.zeit.de\/zeit-der-leser\/2010\/06\/03\/staunen-fur-erwachsene\/","url":"https:\/\/blog.zeit.de\/zeit-der-leser\/2010\/06\/03\/staunen-fur-erwachsene\/","name":"Staunen f\u00fcr Erwachsene - ZEIT der Leser","isPartOf":{"@id":"https:\/\/blog.zeit.de\/zeit-der-leser\/#website"},"datePublished":"2010-06-03T10:09:39+00:00","dateModified":"2010-06-02T14:09:55+00:00","author":{"@id":"https:\/\/blog.zeit.de\/zeit-der-leser\/#\/schema\/person\/e248c7ff5a10552f6a3bd5e9385b3667"},"breadcrumb":{"@id":"https:\/\/blog.zeit.de\/zeit-der-leser\/2010\/06\/03\/staunen-fur-erwachsene\/#breadcrumb"},"inLanguage":"de","potentialAction":[{"@type":"ReadAction","target":["https:\/\/blog.zeit.de\/zeit-der-leser\/2010\/06\/03\/staunen-fur-erwachsene\/"]}]},{"@type":"BreadcrumbList","@id":"https:\/\/blog.zeit.de\/zeit-der-leser\/2010\/06\/03\/staunen-fur-erwachsene\/#breadcrumb","itemListElement":[{"@type":"ListItem","position":1,"name":"Startseite","item":"https:\/\/blog.zeit.de\/zeit-der-leser\/"},{"@type":"ListItem","position":2,"name":"Staunen f\u00fcr Erwachsene"}]},{"@type":"WebSite","@id":"https:\/\/blog.zeit.de\/zeit-der-leser\/#website","url":"https:\/\/blog.zeit.de\/zeit-der-leser\/","name":"ZEIT der Leser","description":"Ein Blog mit Ihren Notizen, Gedichten und Bildern f\u00fcr die gedruckte ZEIT","potentialAction":[{"@type":"SearchAction","target":{"@type":"EntryPoint","urlTemplate":"https:\/\/blog.zeit.de\/zeit-der-leser\/?s={search_term_string}"},"query-input":"required name=search_term_string"}],"inLanguage":"de"},{"@type":"Person","@id":"https:\/\/blog.zeit.de\/zeit-der-leser\/#\/schema\/person\/e248c7ff5a10552f6a3bd5e9385b3667","name":"Zeit der Leser","image":{"@type":"ImageObject","inLanguage":"de","@id":"https:\/\/blog.zeit.de\/zeit-der-leser\/#\/schema\/person\/image\/","url":"https:\/\/secure.gravatar.com\/avatar\/529bb2731085995bda6c8ba0e4da7e528ea8be4e6c7abdd217f176e2309035f6?s=96&d=mm&r=g","contentUrl":"https:\/\/secure.gravatar.com\/avatar\/529bb2731085995bda6c8ba0e4da7e528ea8be4e6c7abdd217f176e2309035f6?s=96&d=mm&r=g","caption":"Zeit der Leser"},"url":"https:\/\/blog.zeit.de\/zeit-der-leser\/author\/zeit-der-leser\/"}]}},"jetpack_featured_media_url":"","jetpack_sharing_enabled":true,"_links":{"self":[{"href":"https:\/\/blog.zeit.de\/zeit-der-leser\/wp-json\/wp\/v2\/posts\/1392","targetHints":{"allow":["GET"]}}],"collection":[{"href":"https:\/\/blog.zeit.de\/zeit-der-leser\/wp-json\/wp\/v2\/posts"}],"about":[{"href":"https:\/\/blog.zeit.de\/zeit-der-leser\/wp-json\/wp\/v2\/types\/post"}],"author":[{"embeddable":true,"href":"https:\/\/blog.zeit.de\/zeit-der-leser\/wp-json\/wp\/v2\/users\/264"}],"replies":[{"embeddable":true,"href":"https:\/\/blog.zeit.de\/zeit-der-leser\/wp-json\/wp\/v2\/comments?post=1392"}],"version-history":[{"count":0,"href":"https:\/\/blog.zeit.de\/zeit-der-leser\/wp-json\/wp\/v2\/posts\/1392\/revisions"}],"wp:attachment":[{"href":"https:\/\/blog.zeit.de\/zeit-der-leser\/wp-json\/wp\/v2\/media?parent=1392"}],"wp:term":[{"taxonomy":"category","embeddable":true,"href":"https:\/\/blog.zeit.de\/zeit-der-leser\/wp-json\/wp\/v2\/categories?post=1392"},{"taxonomy":"post_tag","embeddable":true,"href":"https:\/\/blog.zeit.de\/zeit-der-leser\/wp-json\/wp\/v2\/tags?post=1392"}],"curies":[{"name":"wp","href":"https:\/\/api.w.org\/{rel}","templated":true}]}}