{"id":1394,"date":"2010-06-08T08:55:13","date_gmt":"2010-06-08T06:55:13","guid":{"rendered":"http:\/\/blog.zeit.de\/zeit-der-leser\/?p=1394"},"modified":"2010-06-08T08:55:22","modified_gmt":"2010-06-08T06:55:22","slug":"freude-fur-fremde","status":"publish","type":"post","link":"https:\/\/blog.zeit.de\/zeit-der-leser\/2010\/06\/08\/freude-fur-fremde\/","title":{"rendered":"Freude f\u00fcr Fremde"},"content":{"rendered":"<p>F\u00fcr unsere Hochzeit hatte eine Freundin die Kirchenb\u00e4nke mit pastellblauen Blumen geschm\u00fcckt. Wundervoll! Als wir am n\u00e4chsten Tag unsere gemeinsame Wohnung mit den Blumen versch\u00f6nern wollten, waren sie verschwunden. Viel sp\u00e4ter erfuhren wir, dass ein Gast die Blumen mitgenommen hatte. Auf dem Weg zur U-Bahn hat er einer alten Frau einen kleinen Strau\u00df davon geschenkt. Und weil sich die so freute, wurden auch alle weiteren Blumen an fremde Menschen verteilt. So ist unsere Hochzeitsfreude weiterverschenkt worden: Freude fu\u0308r Fremde.<\/p>\n<p><em>Dominik Steinbei\u00dfer, Mu\u0308nchen<\/em><\/p>\n","protected":false},"excerpt":{"rendered":"<p>F\u00fcr unsere Hochzeit hatte eine Freundin die Kirchenb\u00e4nke mit pastellblauen Blumen geschm\u00fcckt. Wundervoll! Als wir am n\u00e4chsten Tag unsere gemeinsame Wohnung mit den Blumen versch\u00f6nern wollten, waren sie verschwunden. Viel sp\u00e4ter erfuhren wir, dass ein Gast die Blumen mitgenommen hatte. Auf dem Weg zur U-Bahn hat er einer alten Frau einen kleinen Strau\u00df davon geschenkt. [&hellip;]<\/p>\n","protected":false},"author":264,"featured_media":0,"comment_status":"open","ping_status":"open","sticky":false,"template":"","format":"standard","meta":{"_jetpack_memberships_contains_paid_content":false,"footnotes":""},"categories":[1871],"tags":[],"class_list":["post-1394","post","type-post","status-publish","format-standard","hentry","category-was-mein-leben-reicher-macht"],"yoast_head":"<!-- This site is optimized with the Yoast SEO plugin v21.0 - https:\/\/yoast.com\/wordpress\/plugins\/seo\/ -->\n<title>Freude f\u00fcr Fremde - ZEIT der Leser<\/title>\n<meta name=\"robots\" content=\"index, follow, max-snippet:-1, max-image-preview:large, max-video-preview:-1\" \/>\n<link rel=\"canonical\" href=\"https:\/\/blog.zeit.de\/zeit-der-leser\/2010\/06\/08\/freude-fur-fremde\/\" \/>\n<meta property=\"og:locale\" content=\"de_DE\" \/>\n<meta property=\"og:type\" content=\"article\" \/>\n<meta property=\"og:title\" content=\"Freude f\u00fcr Fremde - ZEIT der Leser\" \/>\n<meta property=\"og:description\" content=\"F\u00fcr unsere Hochzeit hatte eine Freundin die Kirchenb\u00e4nke mit pastellblauen Blumen geschm\u00fcckt. Wundervoll! Als wir am n\u00e4chsten Tag unsere gemeinsame Wohnung mit den Blumen versch\u00f6nern wollten, waren sie verschwunden. Viel sp\u00e4ter erfuhren wir, dass ein Gast die Blumen mitgenommen hatte. Auf dem Weg zur U-Bahn hat er einer alten Frau einen kleinen Strau\u00df davon geschenkt. [&hellip;]\" \/>\n<meta property=\"og:url\" content=\"https:\/\/blog.zeit.de\/zeit-der-leser\/2010\/06\/08\/freude-fur-fremde\/\" \/>\n<meta property=\"og:site_name\" content=\"ZEIT der Leser\" \/>\n<meta property=\"article:published_time\" content=\"2010-06-08T06:55:13+00:00\" \/>\n<meta property=\"article:modified_time\" content=\"2010-06-08T06:55:22+00:00\" \/>\n<meta name=\"author\" content=\"Zeit der Leser\" \/>\n<meta name=\"twitter:card\" content=\"summary_large_image\" \/>\n<meta name=\"twitter:label1\" content=\"Geschrieben von\" \/>\n\t<meta name=\"twitter:data1\" content=\"Zeit der Leser\" \/>\n<script type=\"application\/ld+json\" class=\"yoast-schema-graph\">{\"@context\":\"https:\/\/schema.org\",\"@graph\":[{\"@type\":\"WebPage\",\"@id\":\"https:\/\/blog.zeit.de\/zeit-der-leser\/2010\/06\/08\/freude-fur-fremde\/\",\"url\":\"https:\/\/blog.zeit.de\/zeit-der-leser\/2010\/06\/08\/freude-fur-fremde\/\",\"name\":\"Freude f\u00fcr Fremde - ZEIT der Leser\",\"isPartOf\":{\"@id\":\"https:\/\/blog.zeit.de\/zeit-der-leser\/#website\"},\"datePublished\":\"2010-06-08T06:55:13+00:00\",\"dateModified\":\"2010-06-08T06:55:22+00:00\",\"author\":{\"@id\":\"https:\/\/blog.zeit.de\/zeit-der-leser\/#\/schema\/person\/e248c7ff5a10552f6a3bd5e9385b3667\"},\"breadcrumb\":{\"@id\":\"https:\/\/blog.zeit.de\/zeit-der-leser\/2010\/06\/08\/freude-fur-fremde\/#breadcrumb\"},\"inLanguage\":\"de\",\"potentialAction\":[{\"@type\":\"ReadAction\",\"target\":[\"https:\/\/blog.zeit.de\/zeit-der-leser\/2010\/06\/08\/freude-fur-fremde\/\"]}]},{\"@type\":\"BreadcrumbList\",\"@id\":\"https:\/\/blog.zeit.de\/zeit-der-leser\/2010\/06\/08\/freude-fur-fremde\/#breadcrumb\",\"itemListElement\":[{\"@type\":\"ListItem\",\"position\":1,\"name\":\"Startseite\",\"item\":\"https:\/\/blog.zeit.de\/zeit-der-leser\/\"},{\"@type\":\"ListItem\",\"position\":2,\"name\":\"Freude f\u00fcr Fremde\"}]},{\"@type\":\"WebSite\",\"@id\":\"https:\/\/blog.zeit.de\/zeit-der-leser\/#website\",\"url\":\"https:\/\/blog.zeit.de\/zeit-der-leser\/\",\"name\":\"ZEIT der Leser\",\"description\":\"Ein Blog mit Ihren Notizen, Gedichten und Bildern f\u00fcr die gedruckte ZEIT\",\"potentialAction\":[{\"@type\":\"SearchAction\",\"target\":{\"@type\":\"EntryPoint\",\"urlTemplate\":\"https:\/\/blog.zeit.de\/zeit-der-leser\/?s={search_term_string}\"},\"query-input\":\"required name=search_term_string\"}],\"inLanguage\":\"de\"},{\"@type\":\"Person\",\"@id\":\"https:\/\/blog.zeit.de\/zeit-der-leser\/#\/schema\/person\/e248c7ff5a10552f6a3bd5e9385b3667\",\"name\":\"Zeit der Leser\",\"image\":{\"@type\":\"ImageObject\",\"inLanguage\":\"de\",\"@id\":\"https:\/\/blog.zeit.de\/zeit-der-leser\/#\/schema\/person\/image\/\",\"url\":\"https:\/\/secure.gravatar.com\/avatar\/529bb2731085995bda6c8ba0e4da7e528ea8be4e6c7abdd217f176e2309035f6?s=96&d=mm&r=g\",\"contentUrl\":\"https:\/\/secure.gravatar.com\/avatar\/529bb2731085995bda6c8ba0e4da7e528ea8be4e6c7abdd217f176e2309035f6?s=96&d=mm&r=g\",\"caption\":\"Zeit der Leser\"},\"url\":\"https:\/\/blog.zeit.de\/zeit-der-leser\/author\/zeit-der-leser\/\"}]}<\/script>\n<!-- \/ Yoast SEO plugin. -->","yoast_head_json":{"title":"Freude f\u00fcr Fremde - ZEIT der Leser","robots":{"index":"index","follow":"follow","max-snippet":"max-snippet:-1","max-image-preview":"max-image-preview:large","max-video-preview":"max-video-preview:-1"},"canonical":"https:\/\/blog.zeit.de\/zeit-der-leser\/2010\/06\/08\/freude-fur-fremde\/","og_locale":"de_DE","og_type":"article","og_title":"Freude f\u00fcr Fremde - ZEIT der Leser","og_description":"F\u00fcr unsere Hochzeit hatte eine Freundin die Kirchenb\u00e4nke mit pastellblauen Blumen geschm\u00fcckt. Wundervoll! Als wir am n\u00e4chsten Tag unsere gemeinsame Wohnung mit den Blumen versch\u00f6nern wollten, waren sie verschwunden. Viel sp\u00e4ter erfuhren wir, dass ein Gast die Blumen mitgenommen hatte. Auf dem Weg zur U-Bahn hat er einer alten Frau einen kleinen Strau\u00df davon geschenkt. [&hellip;]","og_url":"https:\/\/blog.zeit.de\/zeit-der-leser\/2010\/06\/08\/freude-fur-fremde\/","og_site_name":"ZEIT der Leser","article_published_time":"2010-06-08T06:55:13+00:00","article_modified_time":"2010-06-08T06:55:22+00:00","author":"Zeit der Leser","twitter_card":"summary_large_image","twitter_misc":{"Geschrieben von":"Zeit der Leser"},"schema":{"@context":"https:\/\/schema.org","@graph":[{"@type":"WebPage","@id":"https:\/\/blog.zeit.de\/zeit-der-leser\/2010\/06\/08\/freude-fur-fremde\/","url":"https:\/\/blog.zeit.de\/zeit-der-leser\/2010\/06\/08\/freude-fur-fremde\/","name":"Freude f\u00fcr Fremde - ZEIT der Leser","isPartOf":{"@id":"https:\/\/blog.zeit.de\/zeit-der-leser\/#website"},"datePublished":"2010-06-08T06:55:13+00:00","dateModified":"2010-06-08T06:55:22+00:00","author":{"@id":"https:\/\/blog.zeit.de\/zeit-der-leser\/#\/schema\/person\/e248c7ff5a10552f6a3bd5e9385b3667"},"breadcrumb":{"@id":"https:\/\/blog.zeit.de\/zeit-der-leser\/2010\/06\/08\/freude-fur-fremde\/#breadcrumb"},"inLanguage":"de","potentialAction":[{"@type":"ReadAction","target":["https:\/\/blog.zeit.de\/zeit-der-leser\/2010\/06\/08\/freude-fur-fremde\/"]}]},{"@type":"BreadcrumbList","@id":"https:\/\/blog.zeit.de\/zeit-der-leser\/2010\/06\/08\/freude-fur-fremde\/#breadcrumb","itemListElement":[{"@type":"ListItem","position":1,"name":"Startseite","item":"https:\/\/blog.zeit.de\/zeit-der-leser\/"},{"@type":"ListItem","position":2,"name":"Freude f\u00fcr Fremde"}]},{"@type":"WebSite","@id":"https:\/\/blog.zeit.de\/zeit-der-leser\/#website","url":"https:\/\/blog.zeit.de\/zeit-der-leser\/","name":"ZEIT der Leser","description":"Ein Blog mit Ihren Notizen, Gedichten und Bildern f\u00fcr die gedruckte ZEIT","potentialAction":[{"@type":"SearchAction","target":{"@type":"EntryPoint","urlTemplate":"https:\/\/blog.zeit.de\/zeit-der-leser\/?s={search_term_string}"},"query-input":"required name=search_term_string"}],"inLanguage":"de"},{"@type":"Person","@id":"https:\/\/blog.zeit.de\/zeit-der-leser\/#\/schema\/person\/e248c7ff5a10552f6a3bd5e9385b3667","name":"Zeit der Leser","image":{"@type":"ImageObject","inLanguage":"de","@id":"https:\/\/blog.zeit.de\/zeit-der-leser\/#\/schema\/person\/image\/","url":"https:\/\/secure.gravatar.com\/avatar\/529bb2731085995bda6c8ba0e4da7e528ea8be4e6c7abdd217f176e2309035f6?s=96&d=mm&r=g","contentUrl":"https:\/\/secure.gravatar.com\/avatar\/529bb2731085995bda6c8ba0e4da7e528ea8be4e6c7abdd217f176e2309035f6?s=96&d=mm&r=g","caption":"Zeit der Leser"},"url":"https:\/\/blog.zeit.de\/zeit-der-leser\/author\/zeit-der-leser\/"}]}},"jetpack_featured_media_url":"","jetpack_sharing_enabled":true,"_links":{"self":[{"href":"https:\/\/blog.zeit.de\/zeit-der-leser\/wp-json\/wp\/v2\/posts\/1394","targetHints":{"allow":["GET"]}}],"collection":[{"href":"https:\/\/blog.zeit.de\/zeit-der-leser\/wp-json\/wp\/v2\/posts"}],"about":[{"href":"https:\/\/blog.zeit.de\/zeit-der-leser\/wp-json\/wp\/v2\/types\/post"}],"author":[{"embeddable":true,"href":"https:\/\/blog.zeit.de\/zeit-der-leser\/wp-json\/wp\/v2\/users\/264"}],"replies":[{"embeddable":true,"href":"https:\/\/blog.zeit.de\/zeit-der-leser\/wp-json\/wp\/v2\/comments?post=1394"}],"version-history":[{"count":0,"href":"https:\/\/blog.zeit.de\/zeit-der-leser\/wp-json\/wp\/v2\/posts\/1394\/revisions"}],"wp:attachment":[{"href":"https:\/\/blog.zeit.de\/zeit-der-leser\/wp-json\/wp\/v2\/media?parent=1394"}],"wp:term":[{"taxonomy":"category","embeddable":true,"href":"https:\/\/blog.zeit.de\/zeit-der-leser\/wp-json\/wp\/v2\/categories?post=1394"},{"taxonomy":"post_tag","embeddable":true,"href":"https:\/\/blog.zeit.de\/zeit-der-leser\/wp-json\/wp\/v2\/tags?post=1394"}],"curies":[{"name":"wp","href":"https:\/\/api.w.org\/{rel}","templated":true}]}}