{"id":13983,"date":"2013-06-20T18:00:48","date_gmt":"2013-06-20T16:00:48","guid":{"rendered":"http:\/\/blog.zeit.de\/zeit-der-leser\/?p=13983"},"modified":"2015-02-20T13:09:06","modified_gmt":"2015-02-20T12:09:06","slug":"mein-wort-schatz-nu","status":"publish","type":"post","link":"https:\/\/blog.zeit.de\/zeit-der-leser\/2013\/06\/20\/mein-wort-schatz-nu\/","title":{"rendered":"Nu: Mein Wort-Schatz"},"content":{"rendered":"<div>\n<div>\n<div>\n<div>\n<p>Ein in der Dresdner Gegend gel\u00e4ufiges und beinahe universell einsetzbares Wort ist die Partikel \u00bb<strong>Nu!<\/strong>\u00ab (mit breitem, kurzem u). Dazu ein Beispiel, erlebt neulich in der S-Bahn: Die Schaffnerin kontrolliert die Fahrkarten. Ein Jugendlicher mit iPod- St\u00f6pseln im Ohr beginnt, w\u00e4hrend sie vor ihm steht, in aller Ruhe alle seine Taschen nach der Fahrkarte abzusuchen, bis er sie schlie\u00dflich findet und ihr hinh\u00e4lt. Sie wirft einen langen Blick darauf und entgegnet in einem Tonfall, worin Gutm\u00fctigkeit, leichtes Genervtsein und doch viel Gleichmut mitschwingen, nichts als: \u00bb<em>nu!<\/em>\u00ab Mit diesem einen Wort war alles gesagt: \u00bbDanke, die Fahrkarte ist in Ordnung. Das h\u00e4tte schneller gehen k\u00f6nnen. Beim n\u00e4chsten Mal nicht so weit wegpacken!\u00ab Aber wo k\u00f6nnte man es \u00f6konomischer ausdr\u00fccken als in Dresden, wom\u00f6glich kombiniert mit den nicht minder origin\u00e4ren \u00bb<em>ni<\/em>\u00ab (Verneinung) und \u00bb<em>nor<\/em>\u00ab (R\u00fcckversicherung)? Dann h\u00e4tte die volle Antwort der Schaffnerin gehei\u00dfen: \u00bbNu, awwor n\u00e4hschdes-Mah ni so lahm, nor?\u00ab<\/p>\n<p><strong>Christian Quinque<\/strong>, Leipzig<\/p>\n<\/div>\n<\/div>\n<\/div>\n<\/div>\n","protected":false},"excerpt":{"rendered":"<p>Ein in der Dresdner Gegend gel\u00e4ufiges und beinahe universell einsetzbares Wort ist die Partikel \u00bbNu!\u00ab (mit breitem, kurzem u). Dazu ein Beispiel, erlebt neulich in der S-Bahn: Die Schaffnerin kontrolliert die Fahrkarten. Ein Jugendlicher mit iPod- St\u00f6pseln im Ohr beginnt, w\u00e4hrend sie vor ihm steht, in aller Ruhe alle seine Taschen nach der Fahrkarte abzusuchen, [&hellip;]<\/p>\n","protected":false},"author":265,"featured_media":0,"comment_status":"open","ping_status":"open","sticky":false,"template":"","format":"standard","meta":{"_jetpack_memberships_contains_paid_content":false,"footnotes":""},"categories":[5687],"tags":[],"class_list":["post-13983","post","type-post","status-publish","format-standard","hentry","category-mein-wort-schatz"],"yoast_head":"<!-- This site is optimized with the Yoast SEO plugin v21.0 - https:\/\/yoast.com\/wordpress\/plugins\/seo\/ -->\n<title>Nu: Mein Wort-Schatz - ZEIT der Leser<\/title>\n<meta name=\"robots\" content=\"index, follow, max-snippet:-1, max-image-preview:large, max-video-preview:-1\" \/>\n<link rel=\"canonical\" href=\"https:\/\/blog.zeit.de\/zeit-der-leser\/2013\/06\/20\/mein-wort-schatz-nu\/\" \/>\n<meta property=\"og:locale\" content=\"de_DE\" \/>\n<meta property=\"og:type\" content=\"article\" \/>\n<meta property=\"og:title\" content=\"Nu: Mein Wort-Schatz - ZEIT der Leser\" \/>\n<meta property=\"og:description\" content=\"Ein in der Dresdner Gegend gel\u00e4ufiges und beinahe universell einsetzbares Wort ist die Partikel \u00bbNu!\u00ab (mit breitem, kurzem u). Dazu ein Beispiel, erlebt neulich in der S-Bahn: Die Schaffnerin kontrolliert die Fahrkarten. Ein Jugendlicher mit iPod- St\u00f6pseln im Ohr beginnt, w\u00e4hrend sie vor ihm steht, in aller Ruhe alle seine Taschen nach der Fahrkarte abzusuchen, [&hellip;]\" \/>\n<meta property=\"og:url\" content=\"https:\/\/blog.zeit.de\/zeit-der-leser\/2013\/06\/20\/mein-wort-schatz-nu\/\" \/>\n<meta property=\"og:site_name\" content=\"ZEIT der Leser\" \/>\n<meta property=\"article:published_time\" content=\"2013-06-20T16:00:48+00:00\" \/>\n<meta property=\"article:modified_time\" content=\"2015-02-20T12:09:06+00:00\" \/>\n<meta name=\"author\" content=\"&quot;Zeit der Leser&quot;-Redaktion\" \/>\n<meta name=\"twitter:card\" content=\"summary_large_image\" \/>\n<meta name=\"twitter:label1\" content=\"Geschrieben von\" \/>\n\t<meta name=\"twitter:data1\" content=\"\"Zeit der Leser\"-Redaktion\" \/>\n\t<meta name=\"twitter:label2\" content=\"Gesch\u00e4tzte Lesezeit\" \/>\n\t<meta name=\"twitter:data2\" content=\"1\u00a0Minute\" \/>\n<script type=\"application\/ld+json\" class=\"yoast-schema-graph\">{\"@context\":\"https:\/\/schema.org\",\"@graph\":[{\"@type\":\"WebPage\",\"@id\":\"https:\/\/blog.zeit.de\/zeit-der-leser\/2013\/06\/20\/mein-wort-schatz-nu\/\",\"url\":\"https:\/\/blog.zeit.de\/zeit-der-leser\/2013\/06\/20\/mein-wort-schatz-nu\/\",\"name\":\"Nu: Mein Wort-Schatz - ZEIT der Leser\",\"isPartOf\":{\"@id\":\"https:\/\/blog.zeit.de\/zeit-der-leser\/#website\"},\"datePublished\":\"2013-06-20T16:00:48+00:00\",\"dateModified\":\"2015-02-20T12:09:06+00:00\",\"author\":{\"@id\":\"https:\/\/blog.zeit.de\/zeit-der-leser\/#\/schema\/person\/583b14e5ad6368c23af846ecbde9f20f\"},\"breadcrumb\":{\"@id\":\"https:\/\/blog.zeit.de\/zeit-der-leser\/2013\/06\/20\/mein-wort-schatz-nu\/#breadcrumb\"},\"inLanguage\":\"de\",\"potentialAction\":[{\"@type\":\"ReadAction\",\"target\":[\"https:\/\/blog.zeit.de\/zeit-der-leser\/2013\/06\/20\/mein-wort-schatz-nu\/\"]}]},{\"@type\":\"BreadcrumbList\",\"@id\":\"https:\/\/blog.zeit.de\/zeit-der-leser\/2013\/06\/20\/mein-wort-schatz-nu\/#breadcrumb\",\"itemListElement\":[{\"@type\":\"ListItem\",\"position\":1,\"name\":\"Startseite\",\"item\":\"https:\/\/blog.zeit.de\/zeit-der-leser\/\"},{\"@type\":\"ListItem\",\"position\":2,\"name\":\"Nu: Mein Wort-Schatz\"}]},{\"@type\":\"WebSite\",\"@id\":\"https:\/\/blog.zeit.de\/zeit-der-leser\/#website\",\"url\":\"https:\/\/blog.zeit.de\/zeit-der-leser\/\",\"name\":\"ZEIT der Leser\",\"description\":\"Ein Blog mit Ihren Notizen, Gedichten und Bildern f\u00fcr die gedruckte ZEIT\",\"potentialAction\":[{\"@type\":\"SearchAction\",\"target\":{\"@type\":\"EntryPoint\",\"urlTemplate\":\"https:\/\/blog.zeit.de\/zeit-der-leser\/?s={search_term_string}\"},\"query-input\":\"required name=search_term_string\"}],\"inLanguage\":\"de\"},{\"@type\":\"Person\",\"@id\":\"https:\/\/blog.zeit.de\/zeit-der-leser\/#\/schema\/person\/583b14e5ad6368c23af846ecbde9f20f\",\"name\":\"\\\"Zeit der Leser\\\"-Redaktion\",\"image\":{\"@type\":\"ImageObject\",\"inLanguage\":\"de\",\"@id\":\"https:\/\/blog.zeit.de\/zeit-der-leser\/#\/schema\/person\/image\/\",\"url\":\"https:\/\/secure.gravatar.com\/avatar\/e801a681bd3bbf2345131a815930b48d9f8e0a94de1346b624840dc850f67ad0?s=96&d=mm&r=g\",\"contentUrl\":\"https:\/\/secure.gravatar.com\/avatar\/e801a681bd3bbf2345131a815930b48d9f8e0a94de1346b624840dc850f67ad0?s=96&d=mm&r=g\",\"caption\":\"\\\"Zeit der Leser\\\"-Redaktion\"},\"url\":\"https:\/\/blog.zeit.de\/zeit-der-leser\/author\/zeit-der-leser-redaktion\/\"}]}<\/script>\n<!-- \/ Yoast SEO plugin. -->","yoast_head_json":{"title":"Nu: Mein Wort-Schatz - ZEIT der Leser","robots":{"index":"index","follow":"follow","max-snippet":"max-snippet:-1","max-image-preview":"max-image-preview:large","max-video-preview":"max-video-preview:-1"},"canonical":"https:\/\/blog.zeit.de\/zeit-der-leser\/2013\/06\/20\/mein-wort-schatz-nu\/","og_locale":"de_DE","og_type":"article","og_title":"Nu: Mein Wort-Schatz - ZEIT der Leser","og_description":"Ein in der Dresdner Gegend gel\u00e4ufiges und beinahe universell einsetzbares Wort ist die Partikel \u00bbNu!\u00ab (mit breitem, kurzem u). Dazu ein Beispiel, erlebt neulich in der S-Bahn: Die Schaffnerin kontrolliert die Fahrkarten. Ein Jugendlicher mit iPod- St\u00f6pseln im Ohr beginnt, w\u00e4hrend sie vor ihm steht, in aller Ruhe alle seine Taschen nach der Fahrkarte abzusuchen, [&hellip;]","og_url":"https:\/\/blog.zeit.de\/zeit-der-leser\/2013\/06\/20\/mein-wort-schatz-nu\/","og_site_name":"ZEIT der Leser","article_published_time":"2013-06-20T16:00:48+00:00","article_modified_time":"2015-02-20T12:09:06+00:00","author":"\"Zeit der Leser\"-Redaktion","twitter_card":"summary_large_image","twitter_misc":{"Geschrieben von":"\"Zeit der Leser\"-Redaktion","Gesch\u00e4tzte Lesezeit":"1\u00a0Minute"},"schema":{"@context":"https:\/\/schema.org","@graph":[{"@type":"WebPage","@id":"https:\/\/blog.zeit.de\/zeit-der-leser\/2013\/06\/20\/mein-wort-schatz-nu\/","url":"https:\/\/blog.zeit.de\/zeit-der-leser\/2013\/06\/20\/mein-wort-schatz-nu\/","name":"Nu: Mein Wort-Schatz - ZEIT der Leser","isPartOf":{"@id":"https:\/\/blog.zeit.de\/zeit-der-leser\/#website"},"datePublished":"2013-06-20T16:00:48+00:00","dateModified":"2015-02-20T12:09:06+00:00","author":{"@id":"https:\/\/blog.zeit.de\/zeit-der-leser\/#\/schema\/person\/583b14e5ad6368c23af846ecbde9f20f"},"breadcrumb":{"@id":"https:\/\/blog.zeit.de\/zeit-der-leser\/2013\/06\/20\/mein-wort-schatz-nu\/#breadcrumb"},"inLanguage":"de","potentialAction":[{"@type":"ReadAction","target":["https:\/\/blog.zeit.de\/zeit-der-leser\/2013\/06\/20\/mein-wort-schatz-nu\/"]}]},{"@type":"BreadcrumbList","@id":"https:\/\/blog.zeit.de\/zeit-der-leser\/2013\/06\/20\/mein-wort-schatz-nu\/#breadcrumb","itemListElement":[{"@type":"ListItem","position":1,"name":"Startseite","item":"https:\/\/blog.zeit.de\/zeit-der-leser\/"},{"@type":"ListItem","position":2,"name":"Nu: Mein Wort-Schatz"}]},{"@type":"WebSite","@id":"https:\/\/blog.zeit.de\/zeit-der-leser\/#website","url":"https:\/\/blog.zeit.de\/zeit-der-leser\/","name":"ZEIT der Leser","description":"Ein Blog mit Ihren Notizen, Gedichten und Bildern f\u00fcr die gedruckte ZEIT","potentialAction":[{"@type":"SearchAction","target":{"@type":"EntryPoint","urlTemplate":"https:\/\/blog.zeit.de\/zeit-der-leser\/?s={search_term_string}"},"query-input":"required name=search_term_string"}],"inLanguage":"de"},{"@type":"Person","@id":"https:\/\/blog.zeit.de\/zeit-der-leser\/#\/schema\/person\/583b14e5ad6368c23af846ecbde9f20f","name":"\"Zeit der Leser\"-Redaktion","image":{"@type":"ImageObject","inLanguage":"de","@id":"https:\/\/blog.zeit.de\/zeit-der-leser\/#\/schema\/person\/image\/","url":"https:\/\/secure.gravatar.com\/avatar\/e801a681bd3bbf2345131a815930b48d9f8e0a94de1346b624840dc850f67ad0?s=96&d=mm&r=g","contentUrl":"https:\/\/secure.gravatar.com\/avatar\/e801a681bd3bbf2345131a815930b48d9f8e0a94de1346b624840dc850f67ad0?s=96&d=mm&r=g","caption":"\"Zeit der Leser\"-Redaktion"},"url":"https:\/\/blog.zeit.de\/zeit-der-leser\/author\/zeit-der-leser-redaktion\/"}]}},"jetpack_featured_media_url":"","jetpack_sharing_enabled":true,"_links":{"self":[{"href":"https:\/\/blog.zeit.de\/zeit-der-leser\/wp-json\/wp\/v2\/posts\/13983","targetHints":{"allow":["GET"]}}],"collection":[{"href":"https:\/\/blog.zeit.de\/zeit-der-leser\/wp-json\/wp\/v2\/posts"}],"about":[{"href":"https:\/\/blog.zeit.de\/zeit-der-leser\/wp-json\/wp\/v2\/types\/post"}],"author":[{"embeddable":true,"href":"https:\/\/blog.zeit.de\/zeit-der-leser\/wp-json\/wp\/v2\/users\/265"}],"replies":[{"embeddable":true,"href":"https:\/\/blog.zeit.de\/zeit-der-leser\/wp-json\/wp\/v2\/comments?post=13983"}],"version-history":[{"count":6,"href":"https:\/\/blog.zeit.de\/zeit-der-leser\/wp-json\/wp\/v2\/posts\/13983\/revisions"}],"predecessor-version":[{"id":19666,"href":"https:\/\/blog.zeit.de\/zeit-der-leser\/wp-json\/wp\/v2\/posts\/13983\/revisions\/19666"}],"wp:attachment":[{"href":"https:\/\/blog.zeit.de\/zeit-der-leser\/wp-json\/wp\/v2\/media?parent=13983"}],"wp:term":[{"taxonomy":"category","embeddable":true,"href":"https:\/\/blog.zeit.de\/zeit-der-leser\/wp-json\/wp\/v2\/categories?post=13983"},{"taxonomy":"post_tag","embeddable":true,"href":"https:\/\/blog.zeit.de\/zeit-der-leser\/wp-json\/wp\/v2\/tags?post=13983"}],"curies":[{"name":"wp","href":"https:\/\/api.w.org\/{rel}","templated":true}]}}