{"id":14002,"date":"2013-06-22T18:00:08","date_gmt":"2013-06-22T16:00:08","guid":{"rendered":"http:\/\/blog.zeit.de\/zeit-der-leser\/?p=14002"},"modified":"2015-02-20T13:08:04","modified_gmt":"2015-02-20T12:08:04","slug":"mein-wort-schatz-cellophanpapier","status":"publish","type":"post","link":"https:\/\/blog.zeit.de\/zeit-der-leser\/2013\/06\/22\/mein-wort-schatz-cellophanpapier\/","title":{"rendered":"Cellophanpapier: Mein Wort-Schatz"},"content":{"rendered":"<div>\n<div>\n<div>\n<div>\n<p>K\u00fcrzlich hat Ansgar Book hier \u00fcber das Stanniolpapier geschrieben. Seither geht mir das <strong>Cellophanpapier<\/strong> meiner Kindertage nicht mehr aus dem Sinn. Wir F\u00fcnfziger-Jahre-Kinder sind mit wenig aufgewachsen und haben die seltenen Bonbonpapierchen leidenschaftlich gesammelt, sorgf\u00e4ltigst gegl\u00e4ttet, gefaltet und in Streichholzsch\u00e4chtelchen aufbewahrt. Diese Bonbonumh\u00fcllungen waren aus Cellophanpapier. Mit ihrer Hilfe wurde unsere kleine Welt ganz bunt.<\/p>\n<p><strong>Hanne Langen<\/strong>, Much, Bergisches Land<\/p>\n<\/div>\n<\/div>\n<\/div>\n<\/div>\n","protected":false},"excerpt":{"rendered":"<p>K\u00fcrzlich hat Ansgar Book hier \u00fcber das Stanniolpapier geschrieben. Seither geht mir das Cellophanpapier meiner Kindertage nicht mehr aus dem Sinn. Wir F\u00fcnfziger-Jahre-Kinder sind mit wenig aufgewachsen und haben die seltenen Bonbonpapierchen leidenschaftlich gesammelt, sorgf\u00e4ltigst gegl\u00e4ttet, gefaltet und in Streichholzsch\u00e4chtelchen aufbewahrt. Diese Bonbonumh\u00fcllungen waren aus Cellophanpapier. Mit ihrer Hilfe wurde unsere kleine Welt ganz bunt. [&hellip;]<\/p>\n","protected":false},"author":265,"featured_media":0,"comment_status":"open","ping_status":"open","sticky":false,"template":"","format":"standard","meta":{"_jetpack_memberships_contains_paid_content":false,"footnotes":""},"categories":[5687],"tags":[],"class_list":["post-14002","post","type-post","status-publish","format-standard","hentry","category-mein-wort-schatz"],"yoast_head":"<!-- This site is optimized with the Yoast SEO plugin v21.0 - https:\/\/yoast.com\/wordpress\/plugins\/seo\/ -->\n<title>Cellophanpapier: Mein Wort-Schatz - ZEIT der Leser<\/title>\n<meta name=\"robots\" content=\"index, follow, max-snippet:-1, max-image-preview:large, max-video-preview:-1\" \/>\n<link rel=\"canonical\" href=\"https:\/\/blog.zeit.de\/zeit-der-leser\/2013\/06\/22\/mein-wort-schatz-cellophanpapier\/\" \/>\n<meta property=\"og:locale\" content=\"de_DE\" \/>\n<meta property=\"og:type\" content=\"article\" \/>\n<meta property=\"og:title\" content=\"Cellophanpapier: Mein Wort-Schatz - ZEIT der Leser\" \/>\n<meta property=\"og:description\" content=\"K\u00fcrzlich hat Ansgar Book hier \u00fcber das Stanniolpapier geschrieben. Seither geht mir das Cellophanpapier meiner Kindertage nicht mehr aus dem Sinn. Wir F\u00fcnfziger-Jahre-Kinder sind mit wenig aufgewachsen und haben die seltenen Bonbonpapierchen leidenschaftlich gesammelt, sorgf\u00e4ltigst gegl\u00e4ttet, gefaltet und in Streichholzsch\u00e4chtelchen aufbewahrt. Diese Bonbonumh\u00fcllungen waren aus Cellophanpapier. Mit ihrer Hilfe wurde unsere kleine Welt ganz bunt. [&hellip;]\" \/>\n<meta property=\"og:url\" content=\"https:\/\/blog.zeit.de\/zeit-der-leser\/2013\/06\/22\/mein-wort-schatz-cellophanpapier\/\" \/>\n<meta property=\"og:site_name\" content=\"ZEIT der Leser\" \/>\n<meta property=\"article:published_time\" content=\"2013-06-22T16:00:08+00:00\" \/>\n<meta property=\"article:modified_time\" content=\"2015-02-20T12:08:04+00:00\" \/>\n<meta name=\"author\" content=\"&quot;Zeit der Leser&quot;-Redaktion\" \/>\n<meta name=\"twitter:card\" content=\"summary_large_image\" \/>\n<meta name=\"twitter:label1\" content=\"Geschrieben von\" \/>\n\t<meta name=\"twitter:data1\" content=\"\"Zeit der Leser\"-Redaktion\" \/>\n<script type=\"application\/ld+json\" class=\"yoast-schema-graph\">{\"@context\":\"https:\/\/schema.org\",\"@graph\":[{\"@type\":\"WebPage\",\"@id\":\"https:\/\/blog.zeit.de\/zeit-der-leser\/2013\/06\/22\/mein-wort-schatz-cellophanpapier\/\",\"url\":\"https:\/\/blog.zeit.de\/zeit-der-leser\/2013\/06\/22\/mein-wort-schatz-cellophanpapier\/\",\"name\":\"Cellophanpapier: Mein Wort-Schatz - ZEIT der Leser\",\"isPartOf\":{\"@id\":\"https:\/\/blog.zeit.de\/zeit-der-leser\/#website\"},\"datePublished\":\"2013-06-22T16:00:08+00:00\",\"dateModified\":\"2015-02-20T12:08:04+00:00\",\"author\":{\"@id\":\"https:\/\/blog.zeit.de\/zeit-der-leser\/#\/schema\/person\/583b14e5ad6368c23af846ecbde9f20f\"},\"breadcrumb\":{\"@id\":\"https:\/\/blog.zeit.de\/zeit-der-leser\/2013\/06\/22\/mein-wort-schatz-cellophanpapier\/#breadcrumb\"},\"inLanguage\":\"de\",\"potentialAction\":[{\"@type\":\"ReadAction\",\"target\":[\"https:\/\/blog.zeit.de\/zeit-der-leser\/2013\/06\/22\/mein-wort-schatz-cellophanpapier\/\"]}]},{\"@type\":\"BreadcrumbList\",\"@id\":\"https:\/\/blog.zeit.de\/zeit-der-leser\/2013\/06\/22\/mein-wort-schatz-cellophanpapier\/#breadcrumb\",\"itemListElement\":[{\"@type\":\"ListItem\",\"position\":1,\"name\":\"Startseite\",\"item\":\"https:\/\/blog.zeit.de\/zeit-der-leser\/\"},{\"@type\":\"ListItem\",\"position\":2,\"name\":\"Cellophanpapier: Mein Wort-Schatz\"}]},{\"@type\":\"WebSite\",\"@id\":\"https:\/\/blog.zeit.de\/zeit-der-leser\/#website\",\"url\":\"https:\/\/blog.zeit.de\/zeit-der-leser\/\",\"name\":\"ZEIT der Leser\",\"description\":\"Ein Blog mit Ihren Notizen, Gedichten und Bildern f\u00fcr die gedruckte ZEIT\",\"potentialAction\":[{\"@type\":\"SearchAction\",\"target\":{\"@type\":\"EntryPoint\",\"urlTemplate\":\"https:\/\/blog.zeit.de\/zeit-der-leser\/?s={search_term_string}\"},\"query-input\":\"required name=search_term_string\"}],\"inLanguage\":\"de\"},{\"@type\":\"Person\",\"@id\":\"https:\/\/blog.zeit.de\/zeit-der-leser\/#\/schema\/person\/583b14e5ad6368c23af846ecbde9f20f\",\"name\":\"\\\"Zeit der Leser\\\"-Redaktion\",\"image\":{\"@type\":\"ImageObject\",\"inLanguage\":\"de\",\"@id\":\"https:\/\/blog.zeit.de\/zeit-der-leser\/#\/schema\/person\/image\/\",\"url\":\"https:\/\/secure.gravatar.com\/avatar\/e801a681bd3bbf2345131a815930b48d9f8e0a94de1346b624840dc850f67ad0?s=96&d=mm&r=g\",\"contentUrl\":\"https:\/\/secure.gravatar.com\/avatar\/e801a681bd3bbf2345131a815930b48d9f8e0a94de1346b624840dc850f67ad0?s=96&d=mm&r=g\",\"caption\":\"\\\"Zeit der Leser\\\"-Redaktion\"},\"url\":\"https:\/\/blog.zeit.de\/zeit-der-leser\/author\/zeit-der-leser-redaktion\/\"}]}<\/script>\n<!-- \/ Yoast SEO plugin. -->","yoast_head_json":{"title":"Cellophanpapier: Mein Wort-Schatz - ZEIT der Leser","robots":{"index":"index","follow":"follow","max-snippet":"max-snippet:-1","max-image-preview":"max-image-preview:large","max-video-preview":"max-video-preview:-1"},"canonical":"https:\/\/blog.zeit.de\/zeit-der-leser\/2013\/06\/22\/mein-wort-schatz-cellophanpapier\/","og_locale":"de_DE","og_type":"article","og_title":"Cellophanpapier: Mein Wort-Schatz - ZEIT der Leser","og_description":"K\u00fcrzlich hat Ansgar Book hier \u00fcber das Stanniolpapier geschrieben. Seither geht mir das Cellophanpapier meiner Kindertage nicht mehr aus dem Sinn. Wir F\u00fcnfziger-Jahre-Kinder sind mit wenig aufgewachsen und haben die seltenen Bonbonpapierchen leidenschaftlich gesammelt, sorgf\u00e4ltigst gegl\u00e4ttet, gefaltet und in Streichholzsch\u00e4chtelchen aufbewahrt. Diese Bonbonumh\u00fcllungen waren aus Cellophanpapier. Mit ihrer Hilfe wurde unsere kleine Welt ganz bunt. [&hellip;]","og_url":"https:\/\/blog.zeit.de\/zeit-der-leser\/2013\/06\/22\/mein-wort-schatz-cellophanpapier\/","og_site_name":"ZEIT der Leser","article_published_time":"2013-06-22T16:00:08+00:00","article_modified_time":"2015-02-20T12:08:04+00:00","author":"\"Zeit der Leser\"-Redaktion","twitter_card":"summary_large_image","twitter_misc":{"Geschrieben von":"\"Zeit der Leser\"-Redaktion"},"schema":{"@context":"https:\/\/schema.org","@graph":[{"@type":"WebPage","@id":"https:\/\/blog.zeit.de\/zeit-der-leser\/2013\/06\/22\/mein-wort-schatz-cellophanpapier\/","url":"https:\/\/blog.zeit.de\/zeit-der-leser\/2013\/06\/22\/mein-wort-schatz-cellophanpapier\/","name":"Cellophanpapier: Mein Wort-Schatz - ZEIT der Leser","isPartOf":{"@id":"https:\/\/blog.zeit.de\/zeit-der-leser\/#website"},"datePublished":"2013-06-22T16:00:08+00:00","dateModified":"2015-02-20T12:08:04+00:00","author":{"@id":"https:\/\/blog.zeit.de\/zeit-der-leser\/#\/schema\/person\/583b14e5ad6368c23af846ecbde9f20f"},"breadcrumb":{"@id":"https:\/\/blog.zeit.de\/zeit-der-leser\/2013\/06\/22\/mein-wort-schatz-cellophanpapier\/#breadcrumb"},"inLanguage":"de","potentialAction":[{"@type":"ReadAction","target":["https:\/\/blog.zeit.de\/zeit-der-leser\/2013\/06\/22\/mein-wort-schatz-cellophanpapier\/"]}]},{"@type":"BreadcrumbList","@id":"https:\/\/blog.zeit.de\/zeit-der-leser\/2013\/06\/22\/mein-wort-schatz-cellophanpapier\/#breadcrumb","itemListElement":[{"@type":"ListItem","position":1,"name":"Startseite","item":"https:\/\/blog.zeit.de\/zeit-der-leser\/"},{"@type":"ListItem","position":2,"name":"Cellophanpapier: Mein Wort-Schatz"}]},{"@type":"WebSite","@id":"https:\/\/blog.zeit.de\/zeit-der-leser\/#website","url":"https:\/\/blog.zeit.de\/zeit-der-leser\/","name":"ZEIT der Leser","description":"Ein Blog mit Ihren Notizen, Gedichten und Bildern f\u00fcr die gedruckte ZEIT","potentialAction":[{"@type":"SearchAction","target":{"@type":"EntryPoint","urlTemplate":"https:\/\/blog.zeit.de\/zeit-der-leser\/?s={search_term_string}"},"query-input":"required name=search_term_string"}],"inLanguage":"de"},{"@type":"Person","@id":"https:\/\/blog.zeit.de\/zeit-der-leser\/#\/schema\/person\/583b14e5ad6368c23af846ecbde9f20f","name":"\"Zeit der Leser\"-Redaktion","image":{"@type":"ImageObject","inLanguage":"de","@id":"https:\/\/blog.zeit.de\/zeit-der-leser\/#\/schema\/person\/image\/","url":"https:\/\/secure.gravatar.com\/avatar\/e801a681bd3bbf2345131a815930b48d9f8e0a94de1346b624840dc850f67ad0?s=96&d=mm&r=g","contentUrl":"https:\/\/secure.gravatar.com\/avatar\/e801a681bd3bbf2345131a815930b48d9f8e0a94de1346b624840dc850f67ad0?s=96&d=mm&r=g","caption":"\"Zeit der Leser\"-Redaktion"},"url":"https:\/\/blog.zeit.de\/zeit-der-leser\/author\/zeit-der-leser-redaktion\/"}]}},"jetpack_featured_media_url":"","jetpack_sharing_enabled":true,"_links":{"self":[{"href":"https:\/\/blog.zeit.de\/zeit-der-leser\/wp-json\/wp\/v2\/posts\/14002","targetHints":{"allow":["GET"]}}],"collection":[{"href":"https:\/\/blog.zeit.de\/zeit-der-leser\/wp-json\/wp\/v2\/posts"}],"about":[{"href":"https:\/\/blog.zeit.de\/zeit-der-leser\/wp-json\/wp\/v2\/types\/post"}],"author":[{"embeddable":true,"href":"https:\/\/blog.zeit.de\/zeit-der-leser\/wp-json\/wp\/v2\/users\/265"}],"replies":[{"embeddable":true,"href":"https:\/\/blog.zeit.de\/zeit-der-leser\/wp-json\/wp\/v2\/comments?post=14002"}],"version-history":[{"count":6,"href":"https:\/\/blog.zeit.de\/zeit-der-leser\/wp-json\/wp\/v2\/posts\/14002\/revisions"}],"predecessor-version":[{"id":19664,"href":"https:\/\/blog.zeit.de\/zeit-der-leser\/wp-json\/wp\/v2\/posts\/14002\/revisions\/19664"}],"wp:attachment":[{"href":"https:\/\/blog.zeit.de\/zeit-der-leser\/wp-json\/wp\/v2\/media?parent=14002"}],"wp:term":[{"taxonomy":"category","embeddable":true,"href":"https:\/\/blog.zeit.de\/zeit-der-leser\/wp-json\/wp\/v2\/categories?post=14002"},{"taxonomy":"post_tag","embeddable":true,"href":"https:\/\/blog.zeit.de\/zeit-der-leser\/wp-json\/wp\/v2\/tags?post=14002"}],"curies":[{"name":"wp","href":"https:\/\/api.w.org\/{rel}","templated":true}]}}