{"id":14045,"date":"2013-06-26T18:00:40","date_gmt":"2013-06-26T16:00:40","guid":{"rendered":"http:\/\/blog.zeit.de\/zeit-der-leser\/?p=14045"},"modified":"2013-06-26T18:00:41","modified_gmt":"2013-06-26T16:00:41","slug":"zeitsprung-selbstverstandlich","status":"publish","type":"post","link":"https:\/\/blog.zeit.de\/zeit-der-leser\/2013\/06\/26\/zeitsprung-selbstverstandlich\/","title":{"rendered":"Zeitsprung: Selbstverst\u00e4ndlich"},"content":{"rendered":"<div>\n<div>\n<div>\n<div>\n<div>\n<p>Selbstausl\u00f6serfotos haben in unserer Familie Tradition. Und das Erkunden der Welt mit nichts mehr als einem Rucksack auf dem R\u00fccken ebenfalls. So gibt es von Beginn an aus jedem Urlaub mindestens ein Selbstausl\u00f6serfoto.<\/p>\n<p><a href=\"https:\/\/blog.zeit.de\/zeit-der-leser\/2013\/06\/21\/aus-meinem-garten-8\/s82-zeitsprung-1-3\/\" rel=\"attachment wp-att-13996\"><img loading=\"lazy\" decoding=\"async\" class=\"alignleft size-full wp-image-13996\" alt=\"s82-zeitsprung-1\" src=\"https:\/\/blog.zeit.de\/zeit-der-leser\/files\/2013\/06\/s82-zeitsprung-1.jpg\" width=\"580\" height=\"398\" srcset=\"https:\/\/blog.zeit.de\/zeit-der-leser\/files\/2013\/06\/s82-zeitsprung-1.jpg 580w, https:\/\/blog.zeit.de\/zeit-der-leser\/files\/2013\/06\/s82-zeitsprung-1-300x205.jpg 300w\" sizes=\"auto, (max-width: 580px) 100vw, 580px\" \/><\/a><\/p>\n<p>Die beiden Bilder zeigen mich mit meiner Schwester und unseren Eltern 1997 in Griechenland beim Inselh\u00fcpfen (da bin ich die Zweite von rechts) und 2012 auf\u00a0einer Nordamerikatour. Nach l\u00e4ngerer Zeit hatten wir es endlich wieder einmal geschafft, zusammen zu reisen. Vieles hat sich ver\u00e4ndert, doch eines bleibt immer gleich: Rucksackreise mit Selbstausl\u00f6ser!<\/p>\n<p><a href=\"https:\/\/blog.zeit.de\/zeit-der-leser\/2013\/06\/21\/aus-meinem-garten-8\/s82-zeitsprung-2-4\/\" rel=\"attachment wp-att-13997\"><img loading=\"lazy\" decoding=\"async\" class=\"alignleft size-full wp-image-13997\" alt=\"s82-zeitsprung-2\" src=\"https:\/\/blog.zeit.de\/zeit-der-leser\/files\/2013\/06\/s82-zeitsprung-2.jpg\" width=\"580\" height=\"398\" srcset=\"https:\/\/blog.zeit.de\/zeit-der-leser\/files\/2013\/06\/s82-zeitsprung-2.jpg 580w, https:\/\/blog.zeit.de\/zeit-der-leser\/files\/2013\/06\/s82-zeitsprung-2-300x205.jpg 300w\" sizes=\"auto, (max-width: 580px) 100vw, 580px\" \/><\/a><\/p>\n<\/div>\n<\/div>\n<\/div>\n<\/div>\n<p><strong>Nele Groher<\/strong>, Essen<\/p>\n<\/div>\n","protected":false},"excerpt":{"rendered":"<p>Selbstausl\u00f6serfotos haben in unserer Familie Tradition. Und das Erkunden der Welt mit nichts mehr als einem Rucksack auf dem R\u00fccken ebenfalls. So gibt es von Beginn an aus jedem Urlaub mindestens ein Selbstausl\u00f6serfoto. Die beiden Bilder zeigen mich mit meiner Schwester und unseren Eltern 1997 in Griechenland beim Inselh\u00fcpfen (da bin ich die Zweite von [&hellip;]<\/p>\n","protected":false},"author":265,"featured_media":0,"comment_status":"open","ping_status":"open","sticky":false,"template":"","format":"standard","meta":{"_jetpack_memberships_contains_paid_content":false,"footnotes":""},"categories":[1878],"tags":[],"class_list":["post-14045","post","type-post","status-publish","format-standard","hentry","category-zeitsprung"],"yoast_head":"<!-- This site is optimized with the Yoast SEO plugin v21.0 - https:\/\/yoast.com\/wordpress\/plugins\/seo\/ -->\n<title>Zeitsprung: Selbstverst\u00e4ndlich - ZEIT der Leser<\/title>\n<meta name=\"robots\" content=\"index, follow, max-snippet:-1, max-image-preview:large, max-video-preview:-1\" \/>\n<link rel=\"canonical\" href=\"https:\/\/blog.zeit.de\/zeit-der-leser\/2013\/06\/26\/zeitsprung-selbstverstandlich\/\" \/>\n<meta property=\"og:locale\" content=\"de_DE\" \/>\n<meta property=\"og:type\" content=\"article\" \/>\n<meta property=\"og:title\" content=\"Zeitsprung: Selbstverst\u00e4ndlich - ZEIT der Leser\" \/>\n<meta property=\"og:description\" content=\"Selbstausl\u00f6serfotos haben in unserer Familie Tradition. Und das Erkunden der Welt mit nichts mehr als einem Rucksack auf dem R\u00fccken ebenfalls. So gibt es von Beginn an aus jedem Urlaub mindestens ein Selbstausl\u00f6serfoto. Die beiden Bilder zeigen mich mit meiner Schwester und unseren Eltern 1997 in Griechenland beim Inselh\u00fcpfen (da bin ich die Zweite von [&hellip;]\" \/>\n<meta property=\"og:url\" content=\"https:\/\/blog.zeit.de\/zeit-der-leser\/2013\/06\/26\/zeitsprung-selbstverstandlich\/\" \/>\n<meta property=\"og:site_name\" content=\"ZEIT der Leser\" \/>\n<meta property=\"article:published_time\" content=\"2013-06-26T16:00:40+00:00\" \/>\n<meta property=\"article:modified_time\" content=\"2013-06-26T16:00:41+00:00\" \/>\n<meta property=\"og:image\" content=\"https:\/\/blog.zeit.de\/zeit-der-leser\/files\/2013\/06\/s82-zeitsprung-1.jpg\" \/>\n<meta name=\"author\" content=\"&quot;Zeit der Leser&quot;-Redaktion\" \/>\n<meta name=\"twitter:card\" content=\"summary_large_image\" \/>\n<meta name=\"twitter:label1\" content=\"Geschrieben von\" \/>\n\t<meta name=\"twitter:data1\" content=\"\"Zeit der Leser\"-Redaktion\" \/>\n<script type=\"application\/ld+json\" class=\"yoast-schema-graph\">{\"@context\":\"https:\/\/schema.org\",\"@graph\":[{\"@type\":\"WebPage\",\"@id\":\"https:\/\/blog.zeit.de\/zeit-der-leser\/2013\/06\/26\/zeitsprung-selbstverstandlich\/\",\"url\":\"https:\/\/blog.zeit.de\/zeit-der-leser\/2013\/06\/26\/zeitsprung-selbstverstandlich\/\",\"name\":\"Zeitsprung: Selbstverst\u00e4ndlich - ZEIT der Leser\",\"isPartOf\":{\"@id\":\"https:\/\/blog.zeit.de\/zeit-der-leser\/#website\"},\"datePublished\":\"2013-06-26T16:00:40+00:00\",\"dateModified\":\"2013-06-26T16:00:41+00:00\",\"author\":{\"@id\":\"https:\/\/blog.zeit.de\/zeit-der-leser\/#\/schema\/person\/583b14e5ad6368c23af846ecbde9f20f\"},\"breadcrumb\":{\"@id\":\"https:\/\/blog.zeit.de\/zeit-der-leser\/2013\/06\/26\/zeitsprung-selbstverstandlich\/#breadcrumb\"},\"inLanguage\":\"de\",\"potentialAction\":[{\"@type\":\"ReadAction\",\"target\":[\"https:\/\/blog.zeit.de\/zeit-der-leser\/2013\/06\/26\/zeitsprung-selbstverstandlich\/\"]}]},{\"@type\":\"BreadcrumbList\",\"@id\":\"https:\/\/blog.zeit.de\/zeit-der-leser\/2013\/06\/26\/zeitsprung-selbstverstandlich\/#breadcrumb\",\"itemListElement\":[{\"@type\":\"ListItem\",\"position\":1,\"name\":\"Startseite\",\"item\":\"https:\/\/blog.zeit.de\/zeit-der-leser\/\"},{\"@type\":\"ListItem\",\"position\":2,\"name\":\"Zeitsprung: Selbstverst\u00e4ndlich\"}]},{\"@type\":\"WebSite\",\"@id\":\"https:\/\/blog.zeit.de\/zeit-der-leser\/#website\",\"url\":\"https:\/\/blog.zeit.de\/zeit-der-leser\/\",\"name\":\"ZEIT der Leser\",\"description\":\"Ein Blog mit Ihren Notizen, Gedichten und Bildern f\u00fcr die gedruckte ZEIT\",\"potentialAction\":[{\"@type\":\"SearchAction\",\"target\":{\"@type\":\"EntryPoint\",\"urlTemplate\":\"https:\/\/blog.zeit.de\/zeit-der-leser\/?s={search_term_string}\"},\"query-input\":\"required name=search_term_string\"}],\"inLanguage\":\"de\"},{\"@type\":\"Person\",\"@id\":\"https:\/\/blog.zeit.de\/zeit-der-leser\/#\/schema\/person\/583b14e5ad6368c23af846ecbde9f20f\",\"name\":\"\\\"Zeit der Leser\\\"-Redaktion\",\"image\":{\"@type\":\"ImageObject\",\"inLanguage\":\"de\",\"@id\":\"https:\/\/blog.zeit.de\/zeit-der-leser\/#\/schema\/person\/image\/\",\"url\":\"https:\/\/secure.gravatar.com\/avatar\/e801a681bd3bbf2345131a815930b48d9f8e0a94de1346b624840dc850f67ad0?s=96&d=mm&r=g\",\"contentUrl\":\"https:\/\/secure.gravatar.com\/avatar\/e801a681bd3bbf2345131a815930b48d9f8e0a94de1346b624840dc850f67ad0?s=96&d=mm&r=g\",\"caption\":\"\\\"Zeit der Leser\\\"-Redaktion\"},\"url\":\"https:\/\/blog.zeit.de\/zeit-der-leser\/author\/zeit-der-leser-redaktion\/\"}]}<\/script>\n<!-- \/ Yoast SEO plugin. -->","yoast_head_json":{"title":"Zeitsprung: Selbstverst\u00e4ndlich - ZEIT der Leser","robots":{"index":"index","follow":"follow","max-snippet":"max-snippet:-1","max-image-preview":"max-image-preview:large","max-video-preview":"max-video-preview:-1"},"canonical":"https:\/\/blog.zeit.de\/zeit-der-leser\/2013\/06\/26\/zeitsprung-selbstverstandlich\/","og_locale":"de_DE","og_type":"article","og_title":"Zeitsprung: Selbstverst\u00e4ndlich - ZEIT der Leser","og_description":"Selbstausl\u00f6serfotos haben in unserer Familie Tradition. Und das Erkunden der Welt mit nichts mehr als einem Rucksack auf dem R\u00fccken ebenfalls. So gibt es von Beginn an aus jedem Urlaub mindestens ein Selbstausl\u00f6serfoto. Die beiden Bilder zeigen mich mit meiner Schwester und unseren Eltern 1997 in Griechenland beim Inselh\u00fcpfen (da bin ich die Zweite von [&hellip;]","og_url":"https:\/\/blog.zeit.de\/zeit-der-leser\/2013\/06\/26\/zeitsprung-selbstverstandlich\/","og_site_name":"ZEIT der Leser","article_published_time":"2013-06-26T16:00:40+00:00","article_modified_time":"2013-06-26T16:00:41+00:00","og_image":[{"url":"https:\/\/blog.zeit.de\/zeit-der-leser\/files\/2013\/06\/s82-zeitsprung-1.jpg"}],"author":"\"Zeit der Leser\"-Redaktion","twitter_card":"summary_large_image","twitter_misc":{"Geschrieben von":"\"Zeit der Leser\"-Redaktion"},"schema":{"@context":"https:\/\/schema.org","@graph":[{"@type":"WebPage","@id":"https:\/\/blog.zeit.de\/zeit-der-leser\/2013\/06\/26\/zeitsprung-selbstverstandlich\/","url":"https:\/\/blog.zeit.de\/zeit-der-leser\/2013\/06\/26\/zeitsprung-selbstverstandlich\/","name":"Zeitsprung: Selbstverst\u00e4ndlich - ZEIT der Leser","isPartOf":{"@id":"https:\/\/blog.zeit.de\/zeit-der-leser\/#website"},"datePublished":"2013-06-26T16:00:40+00:00","dateModified":"2013-06-26T16:00:41+00:00","author":{"@id":"https:\/\/blog.zeit.de\/zeit-der-leser\/#\/schema\/person\/583b14e5ad6368c23af846ecbde9f20f"},"breadcrumb":{"@id":"https:\/\/blog.zeit.de\/zeit-der-leser\/2013\/06\/26\/zeitsprung-selbstverstandlich\/#breadcrumb"},"inLanguage":"de","potentialAction":[{"@type":"ReadAction","target":["https:\/\/blog.zeit.de\/zeit-der-leser\/2013\/06\/26\/zeitsprung-selbstverstandlich\/"]}]},{"@type":"BreadcrumbList","@id":"https:\/\/blog.zeit.de\/zeit-der-leser\/2013\/06\/26\/zeitsprung-selbstverstandlich\/#breadcrumb","itemListElement":[{"@type":"ListItem","position":1,"name":"Startseite","item":"https:\/\/blog.zeit.de\/zeit-der-leser\/"},{"@type":"ListItem","position":2,"name":"Zeitsprung: Selbstverst\u00e4ndlich"}]},{"@type":"WebSite","@id":"https:\/\/blog.zeit.de\/zeit-der-leser\/#website","url":"https:\/\/blog.zeit.de\/zeit-der-leser\/","name":"ZEIT der Leser","description":"Ein Blog mit Ihren Notizen, Gedichten und Bildern f\u00fcr die gedruckte ZEIT","potentialAction":[{"@type":"SearchAction","target":{"@type":"EntryPoint","urlTemplate":"https:\/\/blog.zeit.de\/zeit-der-leser\/?s={search_term_string}"},"query-input":"required name=search_term_string"}],"inLanguage":"de"},{"@type":"Person","@id":"https:\/\/blog.zeit.de\/zeit-der-leser\/#\/schema\/person\/583b14e5ad6368c23af846ecbde9f20f","name":"\"Zeit der Leser\"-Redaktion","image":{"@type":"ImageObject","inLanguage":"de","@id":"https:\/\/blog.zeit.de\/zeit-der-leser\/#\/schema\/person\/image\/","url":"https:\/\/secure.gravatar.com\/avatar\/e801a681bd3bbf2345131a815930b48d9f8e0a94de1346b624840dc850f67ad0?s=96&d=mm&r=g","contentUrl":"https:\/\/secure.gravatar.com\/avatar\/e801a681bd3bbf2345131a815930b48d9f8e0a94de1346b624840dc850f67ad0?s=96&d=mm&r=g","caption":"\"Zeit der Leser\"-Redaktion"},"url":"https:\/\/blog.zeit.de\/zeit-der-leser\/author\/zeit-der-leser-redaktion\/"}]}},"jetpack_featured_media_url":"","jetpack_sharing_enabled":true,"_links":{"self":[{"href":"https:\/\/blog.zeit.de\/zeit-der-leser\/wp-json\/wp\/v2\/posts\/14045","targetHints":{"allow":["GET"]}}],"collection":[{"href":"https:\/\/blog.zeit.de\/zeit-der-leser\/wp-json\/wp\/v2\/posts"}],"about":[{"href":"https:\/\/blog.zeit.de\/zeit-der-leser\/wp-json\/wp\/v2\/types\/post"}],"author":[{"embeddable":true,"href":"https:\/\/blog.zeit.de\/zeit-der-leser\/wp-json\/wp\/v2\/users\/265"}],"replies":[{"embeddable":true,"href":"https:\/\/blog.zeit.de\/zeit-der-leser\/wp-json\/wp\/v2\/comments?post=14045"}],"version-history":[{"count":2,"href":"https:\/\/blog.zeit.de\/zeit-der-leser\/wp-json\/wp\/v2\/posts\/14045\/revisions"}],"predecessor-version":[{"id":14066,"href":"https:\/\/blog.zeit.de\/zeit-der-leser\/wp-json\/wp\/v2\/posts\/14045\/revisions\/14066"}],"wp:attachment":[{"href":"https:\/\/blog.zeit.de\/zeit-der-leser\/wp-json\/wp\/v2\/media?parent=14045"}],"wp:term":[{"taxonomy":"category","embeddable":true,"href":"https:\/\/blog.zeit.de\/zeit-der-leser\/wp-json\/wp\/v2\/categories?post=14045"},{"taxonomy":"post_tag","embeddable":true,"href":"https:\/\/blog.zeit.de\/zeit-der-leser\/wp-json\/wp\/v2\/tags?post=14045"}],"curies":[{"name":"wp","href":"https:\/\/api.w.org\/{rel}","templated":true}]}}