{"id":14105,"date":"2013-07-03T15:00:47","date_gmt":"2013-07-03T13:00:47","guid":{"rendered":"http:\/\/blog.zeit.de\/zeit-der-leser\/?p=14105"},"modified":"2015-02-20T13:07:15","modified_gmt":"2015-02-20T12:07:15","slug":"mein-wort-schatz-verpimpeln","status":"publish","type":"post","link":"https:\/\/blog.zeit.de\/zeit-der-leser\/2013\/07\/03\/mein-wort-schatz-verpimpeln\/","title":{"rendered":"Verpimpeln: Mein Wort-Schatz"},"content":{"rendered":"<div>\n<p>Wer kennt heute noch das sch\u00f6ne Wort <strong>verpimpeln<\/strong>? Als Kinder trugen wir Br\u00fcder kurze Lederhosen, die waren praktisch und widerstandsf\u00e4hig. Kamen im Herbst die ersten k\u00fchlen Tage, trugen wir zun\u00e4chst lange Str\u00fcmpfe bis unter die Knie statt der \u00fcblichen S\u00f6ckchen. Mutter achtete besorgt darauf, dass den lieben Kleinen die Luftk\u00fchle nicht zusetzte, sie sich nicht erk\u00e4lteten. Wenn sie dann unseren Vater fragte, ob wir nicht von nun an lange Hosen tragen m\u00fcssten, antwortete er: &#8222;Du musst die Jungs doch nicht <em>verpimpeln<\/em>. Die sollen abgeh\u00e4rtet werden! Lange Hosen k\u00f6nnen sie anziehen, wenn es Schnee gibt.&#8220; Tats\u00e4chlich wurde so verfahren, und wir beiden Jungs hatten, so lange ich denken kann, das ganze Jahr \u00fcber nie eine Erk\u00e4ltung oder \u00fcberhaupt ernstere Erkrankungen. Meine Enkel tragen heute keine Lederhosen mehr, und ich staune immer wieder \u00fcber die Vermummungen, in denen sie dem Wetter trotzen m\u00fcssen. Haben sich die Jahreszeiten so ver\u00e4ndert? Oder werden die Kinder fr\u00fchzeitig verpimpelt?<\/p>\n<p><strong>Hans-Henning Kubusch<\/strong>,\u00a0Beverungen, nordrhein-Westfalen<\/p>\n<\/div>\n","protected":false},"excerpt":{"rendered":"<p>Wer kennt heute noch das sch\u00f6ne Wort verpimpeln? Als Kinder trugen wir Br\u00fcder kurze Lederhosen, die waren praktisch und widerstandsf\u00e4hig. Kamen im Herbst die ersten k\u00fchlen Tage, trugen wir zun\u00e4chst lange Str\u00fcmpfe bis unter die Knie statt der \u00fcblichen S\u00f6ckchen. Mutter achtete besorgt darauf, dass den lieben Kleinen die Luftk\u00fchle nicht zusetzte, sie sich nicht [&hellip;]<\/p>\n","protected":false},"author":265,"featured_media":0,"comment_status":"open","ping_status":"open","sticky":false,"template":"","format":"standard","meta":{"_jetpack_memberships_contains_paid_content":false,"footnotes":""},"categories":[5687],"tags":[],"class_list":["post-14105","post","type-post","status-publish","format-standard","hentry","category-mein-wort-schatz"],"yoast_head":"<!-- This site is optimized with the Yoast SEO plugin v21.0 - https:\/\/yoast.com\/wordpress\/plugins\/seo\/ -->\n<title>Verpimpeln: Mein Wort-Schatz - ZEIT der Leser<\/title>\n<meta name=\"robots\" content=\"index, follow, max-snippet:-1, max-image-preview:large, max-video-preview:-1\" \/>\n<link rel=\"canonical\" href=\"https:\/\/blog.zeit.de\/zeit-der-leser\/2013\/07\/03\/mein-wort-schatz-verpimpeln\/\" \/>\n<meta property=\"og:locale\" content=\"de_DE\" \/>\n<meta property=\"og:type\" content=\"article\" \/>\n<meta property=\"og:title\" content=\"Verpimpeln: Mein Wort-Schatz - ZEIT der Leser\" \/>\n<meta property=\"og:description\" content=\"Wer kennt heute noch das sch\u00f6ne Wort verpimpeln? Als Kinder trugen wir Br\u00fcder kurze Lederhosen, die waren praktisch und widerstandsf\u00e4hig. Kamen im Herbst die ersten k\u00fchlen Tage, trugen wir zun\u00e4chst lange Str\u00fcmpfe bis unter die Knie statt der \u00fcblichen S\u00f6ckchen. Mutter achtete besorgt darauf, dass den lieben Kleinen die Luftk\u00fchle nicht zusetzte, sie sich nicht [&hellip;]\" \/>\n<meta property=\"og:url\" content=\"https:\/\/blog.zeit.de\/zeit-der-leser\/2013\/07\/03\/mein-wort-schatz-verpimpeln\/\" \/>\n<meta property=\"og:site_name\" content=\"ZEIT der Leser\" \/>\n<meta property=\"article:published_time\" content=\"2013-07-03T13:00:47+00:00\" \/>\n<meta property=\"article:modified_time\" content=\"2015-02-20T12:07:15+00:00\" \/>\n<meta name=\"author\" content=\"&quot;Zeit der Leser&quot;-Redaktion\" \/>\n<meta name=\"twitter:card\" content=\"summary_large_image\" \/>\n<meta name=\"twitter:label1\" content=\"Geschrieben von\" \/>\n\t<meta name=\"twitter:data1\" content=\"\"Zeit der Leser\"-Redaktion\" \/>\n\t<meta name=\"twitter:label2\" content=\"Gesch\u00e4tzte Lesezeit\" \/>\n\t<meta name=\"twitter:data2\" content=\"1\u00a0Minute\" \/>\n<script type=\"application\/ld+json\" class=\"yoast-schema-graph\">{\"@context\":\"https:\/\/schema.org\",\"@graph\":[{\"@type\":\"WebPage\",\"@id\":\"https:\/\/blog.zeit.de\/zeit-der-leser\/2013\/07\/03\/mein-wort-schatz-verpimpeln\/\",\"url\":\"https:\/\/blog.zeit.de\/zeit-der-leser\/2013\/07\/03\/mein-wort-schatz-verpimpeln\/\",\"name\":\"Verpimpeln: Mein Wort-Schatz - ZEIT der Leser\",\"isPartOf\":{\"@id\":\"https:\/\/blog.zeit.de\/zeit-der-leser\/#website\"},\"datePublished\":\"2013-07-03T13:00:47+00:00\",\"dateModified\":\"2015-02-20T12:07:15+00:00\",\"author\":{\"@id\":\"https:\/\/blog.zeit.de\/zeit-der-leser\/#\/schema\/person\/583b14e5ad6368c23af846ecbde9f20f\"},\"breadcrumb\":{\"@id\":\"https:\/\/blog.zeit.de\/zeit-der-leser\/2013\/07\/03\/mein-wort-schatz-verpimpeln\/#breadcrumb\"},\"inLanguage\":\"de\",\"potentialAction\":[{\"@type\":\"ReadAction\",\"target\":[\"https:\/\/blog.zeit.de\/zeit-der-leser\/2013\/07\/03\/mein-wort-schatz-verpimpeln\/\"]}]},{\"@type\":\"BreadcrumbList\",\"@id\":\"https:\/\/blog.zeit.de\/zeit-der-leser\/2013\/07\/03\/mein-wort-schatz-verpimpeln\/#breadcrumb\",\"itemListElement\":[{\"@type\":\"ListItem\",\"position\":1,\"name\":\"Startseite\",\"item\":\"https:\/\/blog.zeit.de\/zeit-der-leser\/\"},{\"@type\":\"ListItem\",\"position\":2,\"name\":\"Verpimpeln: Mein Wort-Schatz\"}]},{\"@type\":\"WebSite\",\"@id\":\"https:\/\/blog.zeit.de\/zeit-der-leser\/#website\",\"url\":\"https:\/\/blog.zeit.de\/zeit-der-leser\/\",\"name\":\"ZEIT der Leser\",\"description\":\"Ein Blog mit Ihren Notizen, Gedichten und Bildern f\u00fcr die gedruckte ZEIT\",\"potentialAction\":[{\"@type\":\"SearchAction\",\"target\":{\"@type\":\"EntryPoint\",\"urlTemplate\":\"https:\/\/blog.zeit.de\/zeit-der-leser\/?s={search_term_string}\"},\"query-input\":\"required name=search_term_string\"}],\"inLanguage\":\"de\"},{\"@type\":\"Person\",\"@id\":\"https:\/\/blog.zeit.de\/zeit-der-leser\/#\/schema\/person\/583b14e5ad6368c23af846ecbde9f20f\",\"name\":\"\\\"Zeit der Leser\\\"-Redaktion\",\"image\":{\"@type\":\"ImageObject\",\"inLanguage\":\"de\",\"@id\":\"https:\/\/blog.zeit.de\/zeit-der-leser\/#\/schema\/person\/image\/\",\"url\":\"https:\/\/secure.gravatar.com\/avatar\/e801a681bd3bbf2345131a815930b48d9f8e0a94de1346b624840dc850f67ad0?s=96&d=mm&r=g\",\"contentUrl\":\"https:\/\/secure.gravatar.com\/avatar\/e801a681bd3bbf2345131a815930b48d9f8e0a94de1346b624840dc850f67ad0?s=96&d=mm&r=g\",\"caption\":\"\\\"Zeit der Leser\\\"-Redaktion\"},\"url\":\"https:\/\/blog.zeit.de\/zeit-der-leser\/author\/zeit-der-leser-redaktion\/\"}]}<\/script>\n<!-- \/ Yoast SEO plugin. -->","yoast_head_json":{"title":"Verpimpeln: Mein Wort-Schatz - ZEIT der Leser","robots":{"index":"index","follow":"follow","max-snippet":"max-snippet:-1","max-image-preview":"max-image-preview:large","max-video-preview":"max-video-preview:-1"},"canonical":"https:\/\/blog.zeit.de\/zeit-der-leser\/2013\/07\/03\/mein-wort-schatz-verpimpeln\/","og_locale":"de_DE","og_type":"article","og_title":"Verpimpeln: Mein Wort-Schatz - ZEIT der Leser","og_description":"Wer kennt heute noch das sch\u00f6ne Wort verpimpeln? Als Kinder trugen wir Br\u00fcder kurze Lederhosen, die waren praktisch und widerstandsf\u00e4hig. Kamen im Herbst die ersten k\u00fchlen Tage, trugen wir zun\u00e4chst lange Str\u00fcmpfe bis unter die Knie statt der \u00fcblichen S\u00f6ckchen. Mutter achtete besorgt darauf, dass den lieben Kleinen die Luftk\u00fchle nicht zusetzte, sie sich nicht [&hellip;]","og_url":"https:\/\/blog.zeit.de\/zeit-der-leser\/2013\/07\/03\/mein-wort-schatz-verpimpeln\/","og_site_name":"ZEIT der Leser","article_published_time":"2013-07-03T13:00:47+00:00","article_modified_time":"2015-02-20T12:07:15+00:00","author":"\"Zeit der Leser\"-Redaktion","twitter_card":"summary_large_image","twitter_misc":{"Geschrieben von":"\"Zeit der Leser\"-Redaktion","Gesch\u00e4tzte Lesezeit":"1\u00a0Minute"},"schema":{"@context":"https:\/\/schema.org","@graph":[{"@type":"WebPage","@id":"https:\/\/blog.zeit.de\/zeit-der-leser\/2013\/07\/03\/mein-wort-schatz-verpimpeln\/","url":"https:\/\/blog.zeit.de\/zeit-der-leser\/2013\/07\/03\/mein-wort-schatz-verpimpeln\/","name":"Verpimpeln: Mein Wort-Schatz - ZEIT der Leser","isPartOf":{"@id":"https:\/\/blog.zeit.de\/zeit-der-leser\/#website"},"datePublished":"2013-07-03T13:00:47+00:00","dateModified":"2015-02-20T12:07:15+00:00","author":{"@id":"https:\/\/blog.zeit.de\/zeit-der-leser\/#\/schema\/person\/583b14e5ad6368c23af846ecbde9f20f"},"breadcrumb":{"@id":"https:\/\/blog.zeit.de\/zeit-der-leser\/2013\/07\/03\/mein-wort-schatz-verpimpeln\/#breadcrumb"},"inLanguage":"de","potentialAction":[{"@type":"ReadAction","target":["https:\/\/blog.zeit.de\/zeit-der-leser\/2013\/07\/03\/mein-wort-schatz-verpimpeln\/"]}]},{"@type":"BreadcrumbList","@id":"https:\/\/blog.zeit.de\/zeit-der-leser\/2013\/07\/03\/mein-wort-schatz-verpimpeln\/#breadcrumb","itemListElement":[{"@type":"ListItem","position":1,"name":"Startseite","item":"https:\/\/blog.zeit.de\/zeit-der-leser\/"},{"@type":"ListItem","position":2,"name":"Verpimpeln: Mein Wort-Schatz"}]},{"@type":"WebSite","@id":"https:\/\/blog.zeit.de\/zeit-der-leser\/#website","url":"https:\/\/blog.zeit.de\/zeit-der-leser\/","name":"ZEIT der Leser","description":"Ein Blog mit Ihren Notizen, Gedichten und Bildern f\u00fcr die gedruckte ZEIT","potentialAction":[{"@type":"SearchAction","target":{"@type":"EntryPoint","urlTemplate":"https:\/\/blog.zeit.de\/zeit-der-leser\/?s={search_term_string}"},"query-input":"required name=search_term_string"}],"inLanguage":"de"},{"@type":"Person","@id":"https:\/\/blog.zeit.de\/zeit-der-leser\/#\/schema\/person\/583b14e5ad6368c23af846ecbde9f20f","name":"\"Zeit der Leser\"-Redaktion","image":{"@type":"ImageObject","inLanguage":"de","@id":"https:\/\/blog.zeit.de\/zeit-der-leser\/#\/schema\/person\/image\/","url":"https:\/\/secure.gravatar.com\/avatar\/e801a681bd3bbf2345131a815930b48d9f8e0a94de1346b624840dc850f67ad0?s=96&d=mm&r=g","contentUrl":"https:\/\/secure.gravatar.com\/avatar\/e801a681bd3bbf2345131a815930b48d9f8e0a94de1346b624840dc850f67ad0?s=96&d=mm&r=g","caption":"\"Zeit der Leser\"-Redaktion"},"url":"https:\/\/blog.zeit.de\/zeit-der-leser\/author\/zeit-der-leser-redaktion\/"}]}},"jetpack_featured_media_url":"","jetpack_sharing_enabled":true,"_links":{"self":[{"href":"https:\/\/blog.zeit.de\/zeit-der-leser\/wp-json\/wp\/v2\/posts\/14105","targetHints":{"allow":["GET"]}}],"collection":[{"href":"https:\/\/blog.zeit.de\/zeit-der-leser\/wp-json\/wp\/v2\/posts"}],"about":[{"href":"https:\/\/blog.zeit.de\/zeit-der-leser\/wp-json\/wp\/v2\/types\/post"}],"author":[{"embeddable":true,"href":"https:\/\/blog.zeit.de\/zeit-der-leser\/wp-json\/wp\/v2\/users\/265"}],"replies":[{"embeddable":true,"href":"https:\/\/blog.zeit.de\/zeit-der-leser\/wp-json\/wp\/v2\/comments?post=14105"}],"version-history":[{"count":5,"href":"https:\/\/blog.zeit.de\/zeit-der-leser\/wp-json\/wp\/v2\/posts\/14105\/revisions"}],"predecessor-version":[{"id":19660,"href":"https:\/\/blog.zeit.de\/zeit-der-leser\/wp-json\/wp\/v2\/posts\/14105\/revisions\/19660"}],"wp:attachment":[{"href":"https:\/\/blog.zeit.de\/zeit-der-leser\/wp-json\/wp\/v2\/media?parent=14105"}],"wp:term":[{"taxonomy":"category","embeddable":true,"href":"https:\/\/blog.zeit.de\/zeit-der-leser\/wp-json\/wp\/v2\/categories?post=14105"},{"taxonomy":"post_tag","embeddable":true,"href":"https:\/\/blog.zeit.de\/zeit-der-leser\/wp-json\/wp\/v2\/tags?post=14105"}],"curies":[{"name":"wp","href":"https:\/\/api.w.org\/{rel}","templated":true}]}}