{"id":14166,"date":"2013-07-10T12:00:50","date_gmt":"2013-07-10T10:00:50","guid":{"rendered":"http:\/\/blog.zeit.de\/zeit-der-leser\/?p=14166"},"modified":"2013-07-10T12:02:53","modified_gmt":"2013-07-10T10:02:53","slug":"was-mein-leben-reicher-macht-1340","status":"publish","type":"post","link":"https:\/\/blog.zeit.de\/zeit-der-leser\/2013\/07\/10\/was-mein-leben-reicher-macht-1340\/","title":{"rendered":"Was mein Leben reicher macht"},"content":{"rendered":"<div>\n<div>\n<div>\n<div>\n<p>Ein Trupp Bauarbeiter arbeitet bei br\u00fctender Hitze in meiner Stra\u00dfe. Darunter ein gut aussehender, offenbar italienischst\u00e4mmiger junger Mann. Trotz der schweren Arbeit verbreitet er, \u00bb<em>o sole mio<\/em>\u00ab singend gute Laune. Da kommt eine Gruppe etwa zw\u00f6lfj\u00e4hriger Sch\u00fclerinnen vorbei. Sie unterhalten sich lautstark \u00fcber ihre grenzdebilen, doofen lehrer und stolzieren in Richtung Gymnasium davon. \u00bbAber Bambini, so wundersch\u00f6ne junge Damen nehmen doch nicht solche W\u00f6rter in den Mund\u00ab, sagt der Bauarbeiter und werkelt singend weiter. F\u00fcr einen ganz kurzen Moment sind die Teenies sprachlos.<\/p>\n<p><strong>Eva sch\u00f6berl<\/strong>, Stuttgart<\/p>\n<\/div>\n<\/div>\n<\/div>\n<\/div>\n","protected":false},"excerpt":{"rendered":"<p>Ein Trupp Bauarbeiter arbeitet bei br\u00fctender Hitze in meiner Stra\u00dfe. Darunter ein gut aussehender, offenbar italienischst\u00e4mmiger junger Mann. Trotz der schweren Arbeit verbreitet er, \u00bbo sole mio\u00ab singend gute Laune. Da kommt eine Gruppe etwa zw\u00f6lfj\u00e4hriger Sch\u00fclerinnen vorbei. Sie unterhalten sich lautstark \u00fcber ihre grenzdebilen, doofen lehrer und stolzieren in Richtung Gymnasium davon. \u00bbAber Bambini, [&hellip;]<\/p>\n","protected":false},"author":265,"featured_media":0,"comment_status":"open","ping_status":"open","sticky":false,"template":"","format":"standard","meta":{"_jetpack_memberships_contains_paid_content":false,"footnotes":""},"categories":[1871],"tags":[],"class_list":["post-14166","post","type-post","status-publish","format-standard","hentry","category-was-mein-leben-reicher-macht"],"yoast_head":"<!-- This site is optimized with the Yoast SEO plugin v21.0 - https:\/\/yoast.com\/wordpress\/plugins\/seo\/ -->\n<title>Was mein Leben reicher macht - ZEIT der Leser<\/title>\n<meta name=\"robots\" content=\"index, follow, max-snippet:-1, max-image-preview:large, max-video-preview:-1\" \/>\n<link rel=\"canonical\" href=\"https:\/\/blog.zeit.de\/zeit-der-leser\/2013\/07\/10\/was-mein-leben-reicher-macht-1340\/\" \/>\n<meta property=\"og:locale\" content=\"de_DE\" \/>\n<meta property=\"og:type\" content=\"article\" \/>\n<meta property=\"og:title\" content=\"Was mein Leben reicher macht - ZEIT der Leser\" \/>\n<meta property=\"og:description\" content=\"Ein Trupp Bauarbeiter arbeitet bei br\u00fctender Hitze in meiner Stra\u00dfe. Darunter ein gut aussehender, offenbar italienischst\u00e4mmiger junger Mann. Trotz der schweren Arbeit verbreitet er, \u00bbo sole mio\u00ab singend gute Laune. Da kommt eine Gruppe etwa zw\u00f6lfj\u00e4hriger Sch\u00fclerinnen vorbei. Sie unterhalten sich lautstark \u00fcber ihre grenzdebilen, doofen lehrer und stolzieren in Richtung Gymnasium davon. \u00bbAber Bambini, [&hellip;]\" \/>\n<meta property=\"og:url\" content=\"https:\/\/blog.zeit.de\/zeit-der-leser\/2013\/07\/10\/was-mein-leben-reicher-macht-1340\/\" \/>\n<meta property=\"og:site_name\" content=\"ZEIT der Leser\" \/>\n<meta property=\"article:published_time\" content=\"2013-07-10T10:00:50+00:00\" \/>\n<meta property=\"article:modified_time\" content=\"2013-07-10T10:02:53+00:00\" \/>\n<meta name=\"author\" content=\"&quot;Zeit der Leser&quot;-Redaktion\" \/>\n<meta name=\"twitter:card\" content=\"summary_large_image\" \/>\n<meta name=\"twitter:label1\" content=\"Geschrieben von\" \/>\n\t<meta name=\"twitter:data1\" content=\"\"Zeit der Leser\"-Redaktion\" \/>\n<script type=\"application\/ld+json\" class=\"yoast-schema-graph\">{\"@context\":\"https:\/\/schema.org\",\"@graph\":[{\"@type\":\"WebPage\",\"@id\":\"https:\/\/blog.zeit.de\/zeit-der-leser\/2013\/07\/10\/was-mein-leben-reicher-macht-1340\/\",\"url\":\"https:\/\/blog.zeit.de\/zeit-der-leser\/2013\/07\/10\/was-mein-leben-reicher-macht-1340\/\",\"name\":\"Was mein Leben reicher macht - ZEIT der Leser\",\"isPartOf\":{\"@id\":\"https:\/\/blog.zeit.de\/zeit-der-leser\/#website\"},\"datePublished\":\"2013-07-10T10:00:50+00:00\",\"dateModified\":\"2013-07-10T10:02:53+00:00\",\"author\":{\"@id\":\"https:\/\/blog.zeit.de\/zeit-der-leser\/#\/schema\/person\/583b14e5ad6368c23af846ecbde9f20f\"},\"breadcrumb\":{\"@id\":\"https:\/\/blog.zeit.de\/zeit-der-leser\/2013\/07\/10\/was-mein-leben-reicher-macht-1340\/#breadcrumb\"},\"inLanguage\":\"de\",\"potentialAction\":[{\"@type\":\"ReadAction\",\"target\":[\"https:\/\/blog.zeit.de\/zeit-der-leser\/2013\/07\/10\/was-mein-leben-reicher-macht-1340\/\"]}]},{\"@type\":\"BreadcrumbList\",\"@id\":\"https:\/\/blog.zeit.de\/zeit-der-leser\/2013\/07\/10\/was-mein-leben-reicher-macht-1340\/#breadcrumb\",\"itemListElement\":[{\"@type\":\"ListItem\",\"position\":1,\"name\":\"Startseite\",\"item\":\"https:\/\/blog.zeit.de\/zeit-der-leser\/\"},{\"@type\":\"ListItem\",\"position\":2,\"name\":\"Was mein Leben reicher macht\"}]},{\"@type\":\"WebSite\",\"@id\":\"https:\/\/blog.zeit.de\/zeit-der-leser\/#website\",\"url\":\"https:\/\/blog.zeit.de\/zeit-der-leser\/\",\"name\":\"ZEIT der Leser\",\"description\":\"Ein Blog mit Ihren Notizen, Gedichten und Bildern f\u00fcr die gedruckte ZEIT\",\"potentialAction\":[{\"@type\":\"SearchAction\",\"target\":{\"@type\":\"EntryPoint\",\"urlTemplate\":\"https:\/\/blog.zeit.de\/zeit-der-leser\/?s={search_term_string}\"},\"query-input\":\"required name=search_term_string\"}],\"inLanguage\":\"de\"},{\"@type\":\"Person\",\"@id\":\"https:\/\/blog.zeit.de\/zeit-der-leser\/#\/schema\/person\/583b14e5ad6368c23af846ecbde9f20f\",\"name\":\"\\\"Zeit der Leser\\\"-Redaktion\",\"image\":{\"@type\":\"ImageObject\",\"inLanguage\":\"de\",\"@id\":\"https:\/\/blog.zeit.de\/zeit-der-leser\/#\/schema\/person\/image\/\",\"url\":\"https:\/\/secure.gravatar.com\/avatar\/e801a681bd3bbf2345131a815930b48d9f8e0a94de1346b624840dc850f67ad0?s=96&d=mm&r=g\",\"contentUrl\":\"https:\/\/secure.gravatar.com\/avatar\/e801a681bd3bbf2345131a815930b48d9f8e0a94de1346b624840dc850f67ad0?s=96&d=mm&r=g\",\"caption\":\"\\\"Zeit der Leser\\\"-Redaktion\"},\"url\":\"https:\/\/blog.zeit.de\/zeit-der-leser\/author\/zeit-der-leser-redaktion\/\"}]}<\/script>\n<!-- \/ Yoast SEO plugin. -->","yoast_head_json":{"title":"Was mein Leben reicher macht - ZEIT der Leser","robots":{"index":"index","follow":"follow","max-snippet":"max-snippet:-1","max-image-preview":"max-image-preview:large","max-video-preview":"max-video-preview:-1"},"canonical":"https:\/\/blog.zeit.de\/zeit-der-leser\/2013\/07\/10\/was-mein-leben-reicher-macht-1340\/","og_locale":"de_DE","og_type":"article","og_title":"Was mein Leben reicher macht - ZEIT der Leser","og_description":"Ein Trupp Bauarbeiter arbeitet bei br\u00fctender Hitze in meiner Stra\u00dfe. Darunter ein gut aussehender, offenbar italienischst\u00e4mmiger junger Mann. Trotz der schweren Arbeit verbreitet er, \u00bbo sole mio\u00ab singend gute Laune. Da kommt eine Gruppe etwa zw\u00f6lfj\u00e4hriger Sch\u00fclerinnen vorbei. Sie unterhalten sich lautstark \u00fcber ihre grenzdebilen, doofen lehrer und stolzieren in Richtung Gymnasium davon. \u00bbAber Bambini, [&hellip;]","og_url":"https:\/\/blog.zeit.de\/zeit-der-leser\/2013\/07\/10\/was-mein-leben-reicher-macht-1340\/","og_site_name":"ZEIT der Leser","article_published_time":"2013-07-10T10:00:50+00:00","article_modified_time":"2013-07-10T10:02:53+00:00","author":"\"Zeit der Leser\"-Redaktion","twitter_card":"summary_large_image","twitter_misc":{"Geschrieben von":"\"Zeit der Leser\"-Redaktion"},"schema":{"@context":"https:\/\/schema.org","@graph":[{"@type":"WebPage","@id":"https:\/\/blog.zeit.de\/zeit-der-leser\/2013\/07\/10\/was-mein-leben-reicher-macht-1340\/","url":"https:\/\/blog.zeit.de\/zeit-der-leser\/2013\/07\/10\/was-mein-leben-reicher-macht-1340\/","name":"Was mein Leben reicher macht - ZEIT der Leser","isPartOf":{"@id":"https:\/\/blog.zeit.de\/zeit-der-leser\/#website"},"datePublished":"2013-07-10T10:00:50+00:00","dateModified":"2013-07-10T10:02:53+00:00","author":{"@id":"https:\/\/blog.zeit.de\/zeit-der-leser\/#\/schema\/person\/583b14e5ad6368c23af846ecbde9f20f"},"breadcrumb":{"@id":"https:\/\/blog.zeit.de\/zeit-der-leser\/2013\/07\/10\/was-mein-leben-reicher-macht-1340\/#breadcrumb"},"inLanguage":"de","potentialAction":[{"@type":"ReadAction","target":["https:\/\/blog.zeit.de\/zeit-der-leser\/2013\/07\/10\/was-mein-leben-reicher-macht-1340\/"]}]},{"@type":"BreadcrumbList","@id":"https:\/\/blog.zeit.de\/zeit-der-leser\/2013\/07\/10\/was-mein-leben-reicher-macht-1340\/#breadcrumb","itemListElement":[{"@type":"ListItem","position":1,"name":"Startseite","item":"https:\/\/blog.zeit.de\/zeit-der-leser\/"},{"@type":"ListItem","position":2,"name":"Was mein Leben reicher macht"}]},{"@type":"WebSite","@id":"https:\/\/blog.zeit.de\/zeit-der-leser\/#website","url":"https:\/\/blog.zeit.de\/zeit-der-leser\/","name":"ZEIT der Leser","description":"Ein Blog mit Ihren Notizen, Gedichten und Bildern f\u00fcr die gedruckte ZEIT","potentialAction":[{"@type":"SearchAction","target":{"@type":"EntryPoint","urlTemplate":"https:\/\/blog.zeit.de\/zeit-der-leser\/?s={search_term_string}"},"query-input":"required name=search_term_string"}],"inLanguage":"de"},{"@type":"Person","@id":"https:\/\/blog.zeit.de\/zeit-der-leser\/#\/schema\/person\/583b14e5ad6368c23af846ecbde9f20f","name":"\"Zeit der Leser\"-Redaktion","image":{"@type":"ImageObject","inLanguage":"de","@id":"https:\/\/blog.zeit.de\/zeit-der-leser\/#\/schema\/person\/image\/","url":"https:\/\/secure.gravatar.com\/avatar\/e801a681bd3bbf2345131a815930b48d9f8e0a94de1346b624840dc850f67ad0?s=96&d=mm&r=g","contentUrl":"https:\/\/secure.gravatar.com\/avatar\/e801a681bd3bbf2345131a815930b48d9f8e0a94de1346b624840dc850f67ad0?s=96&d=mm&r=g","caption":"\"Zeit der Leser\"-Redaktion"},"url":"https:\/\/blog.zeit.de\/zeit-der-leser\/author\/zeit-der-leser-redaktion\/"}]}},"jetpack_featured_media_url":"","jetpack_sharing_enabled":true,"_links":{"self":[{"href":"https:\/\/blog.zeit.de\/zeit-der-leser\/wp-json\/wp\/v2\/posts\/14166","targetHints":{"allow":["GET"]}}],"collection":[{"href":"https:\/\/blog.zeit.de\/zeit-der-leser\/wp-json\/wp\/v2\/posts"}],"about":[{"href":"https:\/\/blog.zeit.de\/zeit-der-leser\/wp-json\/wp\/v2\/types\/post"}],"author":[{"embeddable":true,"href":"https:\/\/blog.zeit.de\/zeit-der-leser\/wp-json\/wp\/v2\/users\/265"}],"replies":[{"embeddable":true,"href":"https:\/\/blog.zeit.de\/zeit-der-leser\/wp-json\/wp\/v2\/comments?post=14166"}],"version-history":[{"count":2,"href":"https:\/\/blog.zeit.de\/zeit-der-leser\/wp-json\/wp\/v2\/posts\/14166\/revisions"}],"predecessor-version":[{"id":14204,"href":"https:\/\/blog.zeit.de\/zeit-der-leser\/wp-json\/wp\/v2\/posts\/14166\/revisions\/14204"}],"wp:attachment":[{"href":"https:\/\/blog.zeit.de\/zeit-der-leser\/wp-json\/wp\/v2\/media?parent=14166"}],"wp:term":[{"taxonomy":"category","embeddable":true,"href":"https:\/\/blog.zeit.de\/zeit-der-leser\/wp-json\/wp\/v2\/categories?post=14166"},{"taxonomy":"post_tag","embeddable":true,"href":"https:\/\/blog.zeit.de\/zeit-der-leser\/wp-json\/wp\/v2\/tags?post=14166"}],"curies":[{"name":"wp","href":"https:\/\/api.w.org\/{rel}","templated":true}]}}