{"id":14277,"date":"2013-07-21T15:00:04","date_gmt":"2013-07-21T13:00:04","guid":{"rendered":"http:\/\/blog.zeit.de\/zeit-der-leser\/?p=14277"},"modified":"2015-02-26T16:47:15","modified_gmt":"2015-02-26T15:47:15","slug":"mein-wort-schatz-ohnmachtshappen","status":"publish","type":"post","link":"https:\/\/blog.zeit.de\/zeit-der-leser\/2013\/07\/21\/mein-wort-schatz-ohnmachtshappen\/","title":{"rendered":"Ohnmachtshappen: Mein Wort-Schatz"},"content":{"rendered":"<div>\n<div>\n<div>\n<div>\n<p>Mein Wort-Schatz\u00a0ist <strong>Ohnmachtshappen<\/strong>. Meine Mutter (Jahrgang 1920) verga\u00df nie, entsprechende Vorr\u00e4te einzustecken, wenn wir einen Familienausflug machten. In der Nachkriegszeit hatte sie selbst viele Entbehrungen erlitten und wusste, wie es sich anf\u00fchlt, vor Hunger fast in Ohnmacht zu fallen.<\/p>\n<p>Sp\u00e4ter \u2013 in meiner Kindheit in den f\u00fcnfziger Jahren \u2013 bestand diese Gefahr zwar nicht mehr, aber es machte meine Mutter anscheinend froh, f\u00fcr den Fall der F\u00e4lle etwas dabei zu haben. Schlie\u00dflich gab es damals ja auch nicht so viele M\u00f6glichkeiten, unterwegs noch etwas zu kaufen.<\/p>\n<p>Obwohl die Happen niemals ihren eigentlichen Zweck erf\u00fcllen mussten, verzehrt wurden sie immer, denn als Ohnmachtshappen eignen sich am besten: kleine S\u00fc\u00dfigkeiten.<\/p>\n<p><strong>Gabriele Schaller<\/strong>, Weimar<\/p>\n<\/div>\n<\/div>\n<\/div>\n<\/div>\n","protected":false},"excerpt":{"rendered":"<p>Mein Wort-Schatz\u00a0ist Ohnmachtshappen. Meine Mutter (Jahrgang 1920) verga\u00df nie, entsprechende Vorr\u00e4te einzustecken, wenn wir einen Familienausflug machten. In der Nachkriegszeit hatte sie selbst viele Entbehrungen erlitten und wusste, wie es sich anf\u00fchlt, vor Hunger fast in Ohnmacht zu fallen. Sp\u00e4ter \u2013 in meiner Kindheit in den f\u00fcnfziger Jahren \u2013 bestand diese Gefahr zwar nicht mehr, [&hellip;]<\/p>\n","protected":false},"author":265,"featured_media":0,"comment_status":"open","ping_status":"open","sticky":false,"template":"","format":"standard","meta":{"_jetpack_memberships_contains_paid_content":false,"footnotes":""},"categories":[5687],"tags":[],"class_list":["post-14277","post","type-post","status-publish","format-standard","hentry","category-mein-wort-schatz"],"yoast_head":"<!-- This site is optimized with the Yoast SEO plugin v21.0 - https:\/\/yoast.com\/wordpress\/plugins\/seo\/ -->\n<title>Ohnmachtshappen: Mein Wort-Schatz - ZEIT der Leser<\/title>\n<meta name=\"robots\" content=\"index, follow, max-snippet:-1, max-image-preview:large, max-video-preview:-1\" \/>\n<link rel=\"canonical\" href=\"https:\/\/blog.zeit.de\/zeit-der-leser\/2013\/07\/21\/mein-wort-schatz-ohnmachtshappen\/\" \/>\n<meta property=\"og:locale\" content=\"de_DE\" \/>\n<meta property=\"og:type\" content=\"article\" \/>\n<meta property=\"og:title\" content=\"Ohnmachtshappen: Mein Wort-Schatz - ZEIT der Leser\" \/>\n<meta property=\"og:description\" content=\"Mein Wort-Schatz\u00a0ist Ohnmachtshappen. Meine Mutter (Jahrgang 1920) verga\u00df nie, entsprechende Vorr\u00e4te einzustecken, wenn wir einen Familienausflug machten. In der Nachkriegszeit hatte sie selbst viele Entbehrungen erlitten und wusste, wie es sich anf\u00fchlt, vor Hunger fast in Ohnmacht zu fallen. Sp\u00e4ter \u2013 in meiner Kindheit in den f\u00fcnfziger Jahren \u2013 bestand diese Gefahr zwar nicht mehr, [&hellip;]\" \/>\n<meta property=\"og:url\" content=\"https:\/\/blog.zeit.de\/zeit-der-leser\/2013\/07\/21\/mein-wort-schatz-ohnmachtshappen\/\" \/>\n<meta property=\"og:site_name\" content=\"ZEIT der Leser\" \/>\n<meta property=\"article:published_time\" content=\"2013-07-21T13:00:04+00:00\" \/>\n<meta property=\"article:modified_time\" content=\"2015-02-26T15:47:15+00:00\" \/>\n<meta name=\"author\" content=\"&quot;Zeit der Leser&quot;-Redaktion\" \/>\n<meta name=\"twitter:card\" content=\"summary_large_image\" \/>\n<meta name=\"twitter:label1\" content=\"Geschrieben von\" \/>\n\t<meta name=\"twitter:data1\" content=\"\"Zeit der Leser\"-Redaktion\" \/>\n\t<meta name=\"twitter:label2\" content=\"Gesch\u00e4tzte Lesezeit\" \/>\n\t<meta name=\"twitter:data2\" content=\"1\u00a0Minute\" \/>\n<script type=\"application\/ld+json\" class=\"yoast-schema-graph\">{\"@context\":\"https:\/\/schema.org\",\"@graph\":[{\"@type\":\"WebPage\",\"@id\":\"https:\/\/blog.zeit.de\/zeit-der-leser\/2013\/07\/21\/mein-wort-schatz-ohnmachtshappen\/\",\"url\":\"https:\/\/blog.zeit.de\/zeit-der-leser\/2013\/07\/21\/mein-wort-schatz-ohnmachtshappen\/\",\"name\":\"Ohnmachtshappen: Mein Wort-Schatz - ZEIT der Leser\",\"isPartOf\":{\"@id\":\"https:\/\/blog.zeit.de\/zeit-der-leser\/#website\"},\"datePublished\":\"2013-07-21T13:00:04+00:00\",\"dateModified\":\"2015-02-26T15:47:15+00:00\",\"author\":{\"@id\":\"https:\/\/blog.zeit.de\/zeit-der-leser\/#\/schema\/person\/583b14e5ad6368c23af846ecbde9f20f\"},\"breadcrumb\":{\"@id\":\"https:\/\/blog.zeit.de\/zeit-der-leser\/2013\/07\/21\/mein-wort-schatz-ohnmachtshappen\/#breadcrumb\"},\"inLanguage\":\"de\",\"potentialAction\":[{\"@type\":\"ReadAction\",\"target\":[\"https:\/\/blog.zeit.de\/zeit-der-leser\/2013\/07\/21\/mein-wort-schatz-ohnmachtshappen\/\"]}]},{\"@type\":\"BreadcrumbList\",\"@id\":\"https:\/\/blog.zeit.de\/zeit-der-leser\/2013\/07\/21\/mein-wort-schatz-ohnmachtshappen\/#breadcrumb\",\"itemListElement\":[{\"@type\":\"ListItem\",\"position\":1,\"name\":\"Startseite\",\"item\":\"https:\/\/blog.zeit.de\/zeit-der-leser\/\"},{\"@type\":\"ListItem\",\"position\":2,\"name\":\"Ohnmachtshappen: Mein Wort-Schatz\"}]},{\"@type\":\"WebSite\",\"@id\":\"https:\/\/blog.zeit.de\/zeit-der-leser\/#website\",\"url\":\"https:\/\/blog.zeit.de\/zeit-der-leser\/\",\"name\":\"ZEIT der Leser\",\"description\":\"Ein Blog mit Ihren Notizen, Gedichten und Bildern f\u00fcr die gedruckte ZEIT\",\"potentialAction\":[{\"@type\":\"SearchAction\",\"target\":{\"@type\":\"EntryPoint\",\"urlTemplate\":\"https:\/\/blog.zeit.de\/zeit-der-leser\/?s={search_term_string}\"},\"query-input\":\"required name=search_term_string\"}],\"inLanguage\":\"de\"},{\"@type\":\"Person\",\"@id\":\"https:\/\/blog.zeit.de\/zeit-der-leser\/#\/schema\/person\/583b14e5ad6368c23af846ecbde9f20f\",\"name\":\"\\\"Zeit der Leser\\\"-Redaktion\",\"image\":{\"@type\":\"ImageObject\",\"inLanguage\":\"de\",\"@id\":\"https:\/\/blog.zeit.de\/zeit-der-leser\/#\/schema\/person\/image\/\",\"url\":\"https:\/\/secure.gravatar.com\/avatar\/e801a681bd3bbf2345131a815930b48d9f8e0a94de1346b624840dc850f67ad0?s=96&d=mm&r=g\",\"contentUrl\":\"https:\/\/secure.gravatar.com\/avatar\/e801a681bd3bbf2345131a815930b48d9f8e0a94de1346b624840dc850f67ad0?s=96&d=mm&r=g\",\"caption\":\"\\\"Zeit der Leser\\\"-Redaktion\"},\"url\":\"https:\/\/blog.zeit.de\/zeit-der-leser\/author\/zeit-der-leser-redaktion\/\"}]}<\/script>\n<!-- \/ Yoast SEO plugin. -->","yoast_head_json":{"title":"Ohnmachtshappen: Mein Wort-Schatz - ZEIT der Leser","robots":{"index":"index","follow":"follow","max-snippet":"max-snippet:-1","max-image-preview":"max-image-preview:large","max-video-preview":"max-video-preview:-1"},"canonical":"https:\/\/blog.zeit.de\/zeit-der-leser\/2013\/07\/21\/mein-wort-schatz-ohnmachtshappen\/","og_locale":"de_DE","og_type":"article","og_title":"Ohnmachtshappen: Mein Wort-Schatz - ZEIT der Leser","og_description":"Mein Wort-Schatz\u00a0ist Ohnmachtshappen. Meine Mutter (Jahrgang 1920) verga\u00df nie, entsprechende Vorr\u00e4te einzustecken, wenn wir einen Familienausflug machten. In der Nachkriegszeit hatte sie selbst viele Entbehrungen erlitten und wusste, wie es sich anf\u00fchlt, vor Hunger fast in Ohnmacht zu fallen. Sp\u00e4ter \u2013 in meiner Kindheit in den f\u00fcnfziger Jahren \u2013 bestand diese Gefahr zwar nicht mehr, [&hellip;]","og_url":"https:\/\/blog.zeit.de\/zeit-der-leser\/2013\/07\/21\/mein-wort-schatz-ohnmachtshappen\/","og_site_name":"ZEIT der Leser","article_published_time":"2013-07-21T13:00:04+00:00","article_modified_time":"2015-02-26T15:47:15+00:00","author":"\"Zeit der Leser\"-Redaktion","twitter_card":"summary_large_image","twitter_misc":{"Geschrieben von":"\"Zeit der Leser\"-Redaktion","Gesch\u00e4tzte Lesezeit":"1\u00a0Minute"},"schema":{"@context":"https:\/\/schema.org","@graph":[{"@type":"WebPage","@id":"https:\/\/blog.zeit.de\/zeit-der-leser\/2013\/07\/21\/mein-wort-schatz-ohnmachtshappen\/","url":"https:\/\/blog.zeit.de\/zeit-der-leser\/2013\/07\/21\/mein-wort-schatz-ohnmachtshappen\/","name":"Ohnmachtshappen: Mein Wort-Schatz - ZEIT der Leser","isPartOf":{"@id":"https:\/\/blog.zeit.de\/zeit-der-leser\/#website"},"datePublished":"2013-07-21T13:00:04+00:00","dateModified":"2015-02-26T15:47:15+00:00","author":{"@id":"https:\/\/blog.zeit.de\/zeit-der-leser\/#\/schema\/person\/583b14e5ad6368c23af846ecbde9f20f"},"breadcrumb":{"@id":"https:\/\/blog.zeit.de\/zeit-der-leser\/2013\/07\/21\/mein-wort-schatz-ohnmachtshappen\/#breadcrumb"},"inLanguage":"de","potentialAction":[{"@type":"ReadAction","target":["https:\/\/blog.zeit.de\/zeit-der-leser\/2013\/07\/21\/mein-wort-schatz-ohnmachtshappen\/"]}]},{"@type":"BreadcrumbList","@id":"https:\/\/blog.zeit.de\/zeit-der-leser\/2013\/07\/21\/mein-wort-schatz-ohnmachtshappen\/#breadcrumb","itemListElement":[{"@type":"ListItem","position":1,"name":"Startseite","item":"https:\/\/blog.zeit.de\/zeit-der-leser\/"},{"@type":"ListItem","position":2,"name":"Ohnmachtshappen: Mein Wort-Schatz"}]},{"@type":"WebSite","@id":"https:\/\/blog.zeit.de\/zeit-der-leser\/#website","url":"https:\/\/blog.zeit.de\/zeit-der-leser\/","name":"ZEIT der Leser","description":"Ein Blog mit Ihren Notizen, Gedichten und Bildern f\u00fcr die gedruckte ZEIT","potentialAction":[{"@type":"SearchAction","target":{"@type":"EntryPoint","urlTemplate":"https:\/\/blog.zeit.de\/zeit-der-leser\/?s={search_term_string}"},"query-input":"required name=search_term_string"}],"inLanguage":"de"},{"@type":"Person","@id":"https:\/\/blog.zeit.de\/zeit-der-leser\/#\/schema\/person\/583b14e5ad6368c23af846ecbde9f20f","name":"\"Zeit der Leser\"-Redaktion","image":{"@type":"ImageObject","inLanguage":"de","@id":"https:\/\/blog.zeit.de\/zeit-der-leser\/#\/schema\/person\/image\/","url":"https:\/\/secure.gravatar.com\/avatar\/e801a681bd3bbf2345131a815930b48d9f8e0a94de1346b624840dc850f67ad0?s=96&d=mm&r=g","contentUrl":"https:\/\/secure.gravatar.com\/avatar\/e801a681bd3bbf2345131a815930b48d9f8e0a94de1346b624840dc850f67ad0?s=96&d=mm&r=g","caption":"\"Zeit der Leser\"-Redaktion"},"url":"https:\/\/blog.zeit.de\/zeit-der-leser\/author\/zeit-der-leser-redaktion\/"}]}},"jetpack_featured_media_url":"","jetpack_sharing_enabled":true,"_links":{"self":[{"href":"https:\/\/blog.zeit.de\/zeit-der-leser\/wp-json\/wp\/v2\/posts\/14277","targetHints":{"allow":["GET"]}}],"collection":[{"href":"https:\/\/blog.zeit.de\/zeit-der-leser\/wp-json\/wp\/v2\/posts"}],"about":[{"href":"https:\/\/blog.zeit.de\/zeit-der-leser\/wp-json\/wp\/v2\/types\/post"}],"author":[{"embeddable":true,"href":"https:\/\/blog.zeit.de\/zeit-der-leser\/wp-json\/wp\/v2\/users\/265"}],"replies":[{"embeddable":true,"href":"https:\/\/blog.zeit.de\/zeit-der-leser\/wp-json\/wp\/v2\/comments?post=14277"}],"version-history":[{"count":5,"href":"https:\/\/blog.zeit.de\/zeit-der-leser\/wp-json\/wp\/v2\/posts\/14277\/revisions"}],"predecessor-version":[{"id":19922,"href":"https:\/\/blog.zeit.de\/zeit-der-leser\/wp-json\/wp\/v2\/posts\/14277\/revisions\/19922"}],"wp:attachment":[{"href":"https:\/\/blog.zeit.de\/zeit-der-leser\/wp-json\/wp\/v2\/media?parent=14277"}],"wp:term":[{"taxonomy":"category","embeddable":true,"href":"https:\/\/blog.zeit.de\/zeit-der-leser\/wp-json\/wp\/v2\/categories?post=14277"},{"taxonomy":"post_tag","embeddable":true,"href":"https:\/\/blog.zeit.de\/zeit-der-leser\/wp-json\/wp\/v2\/tags?post=14277"}],"curies":[{"name":"wp","href":"https:\/\/api.w.org\/{rel}","templated":true}]}}