{"id":1430,"date":"2010-06-04T15:00:08","date_gmt":"2010-06-04T13:00:08","guid":{"rendered":"http:\/\/blog.zeit.de\/zeit-der-leser\/?p=1430"},"modified":"2010-06-04T14:00:20","modified_gmt":"2010-06-04T12:00:20","slug":"lasst-das-volk-wahlen","status":"publish","type":"post","link":"https:\/\/blog.zeit.de\/zeit-der-leser\/2010\/06\/04\/lasst-das-volk-wahlen\/","title":{"rendered":"Lasst das Volk w\u00e4hlen!"},"content":{"rendered":"<p>Ich sehe mir \u201eHart aber fair\u201c an. Es geht um den R\u00fccktritt Horst K\u00f6hlers, um die Frage der Nachfolge \u2013 und, gleichsam unweigerlich, kommt auch die Frage aufs Tapet, ob der Bundespr\u00e4sident nicht direkt vom Volk gew\u00e4hlt werden sollte anstatt von der Bundesversammlung. Partei\u00fcbergreifendes Entsetzen bei der anwesenden politischen Klasse: NEIN! Damit w\u00fcrde ein Gegenkanzler installiert werden. Gemeinsame Kandidaten von Regierung und Opposition w\u00e4ren dann unm\u00f6glich. Zudem k\u00f6nne man ein solches Amt nicht dem Wahlkampf und somit der Parteitaktik unterwerfen. Abgesehen von (welch Ironie!) J\u00fcrgen Trittins Einwurf, was an Wahlkampf verwerflich sei, stellen sich doch andere Fragen: Ist das Amt nicht Beute der Parteitaktik? Warum sollte ein gemeinsamer Kandidat nicht mehr m\u00f6glich sein? Woher soll ein direkt gew\u00e4hlter Pr\u00e4sident pl\u00f6tzlich die Kompetenzen eines Gegenkanzlers bekommen? Wird das Volk noch immer f\u00fcr dumm und undemokratisch genug gehalten, einen verfassungsfeindlichen Kandidaten zu w\u00e4hlen? Diese Scheinheiligkeit vieler Politiker regt mich auf.<\/p>\n<p><em>Philipp Deeg, Stuttgart<\/em><\/p>\n","protected":false},"excerpt":{"rendered":"<p>Ich sehe mir \u201eHart aber fair\u201c an. Es geht um den R\u00fccktritt Horst K\u00f6hlers, um die Frage der Nachfolge \u2013 und, gleichsam unweigerlich, kommt auch die Frage aufs Tapet, ob der Bundespr\u00e4sident nicht direkt vom Volk gew\u00e4hlt werden sollte anstatt von der Bundesversammlung. Partei\u00fcbergreifendes Entsetzen bei der anwesenden politischen Klasse: NEIN! Damit w\u00fcrde ein Gegenkanzler [&hellip;]<\/p>\n","protected":false},"author":264,"featured_media":0,"comment_status":"open","ping_status":"open","sticky":false,"template":"","format":"standard","meta":{"_jetpack_memberships_contains_paid_content":false,"footnotes":""},"categories":[1869],"tags":[],"class_list":["post-1430","post","type-post","status-publish","format-standard","hentry","category-das-regt-mich-auf"],"yoast_head":"<!-- This site is optimized with the Yoast SEO plugin v21.0 - https:\/\/yoast.com\/wordpress\/plugins\/seo\/ -->\n<title>Lasst das Volk w\u00e4hlen! - ZEIT der Leser<\/title>\n<meta name=\"robots\" content=\"index, follow, max-snippet:-1, max-image-preview:large, max-video-preview:-1\" \/>\n<link rel=\"canonical\" href=\"https:\/\/blog.zeit.de\/zeit-der-leser\/2010\/06\/04\/lasst-das-volk-wahlen\/\" \/>\n<meta property=\"og:locale\" content=\"de_DE\" \/>\n<meta property=\"og:type\" content=\"article\" \/>\n<meta property=\"og:title\" content=\"Lasst das Volk w\u00e4hlen! - ZEIT der Leser\" \/>\n<meta property=\"og:description\" content=\"Ich sehe mir \u201eHart aber fair\u201c an. Es geht um den R\u00fccktritt Horst K\u00f6hlers, um die Frage der Nachfolge \u2013 und, gleichsam unweigerlich, kommt auch die Frage aufs Tapet, ob der Bundespr\u00e4sident nicht direkt vom Volk gew\u00e4hlt werden sollte anstatt von der Bundesversammlung. Partei\u00fcbergreifendes Entsetzen bei der anwesenden politischen Klasse: NEIN! Damit w\u00fcrde ein Gegenkanzler [&hellip;]\" \/>\n<meta property=\"og:url\" content=\"https:\/\/blog.zeit.de\/zeit-der-leser\/2010\/06\/04\/lasst-das-volk-wahlen\/\" \/>\n<meta property=\"og:site_name\" content=\"ZEIT der Leser\" \/>\n<meta property=\"article:published_time\" content=\"2010-06-04T13:00:08+00:00\" \/>\n<meta property=\"article:modified_time\" content=\"2010-06-04T12:00:20+00:00\" \/>\n<meta name=\"author\" content=\"Zeit der Leser\" \/>\n<meta name=\"twitter:card\" content=\"summary_large_image\" \/>\n<meta name=\"twitter:label1\" content=\"Geschrieben von\" \/>\n\t<meta name=\"twitter:data1\" content=\"Zeit der Leser\" \/>\n\t<meta name=\"twitter:label2\" content=\"Gesch\u00e4tzte Lesezeit\" \/>\n\t<meta name=\"twitter:data2\" content=\"1\u00a0Minute\" \/>\n<script type=\"application\/ld+json\" class=\"yoast-schema-graph\">{\"@context\":\"https:\/\/schema.org\",\"@graph\":[{\"@type\":\"WebPage\",\"@id\":\"https:\/\/blog.zeit.de\/zeit-der-leser\/2010\/06\/04\/lasst-das-volk-wahlen\/\",\"url\":\"https:\/\/blog.zeit.de\/zeit-der-leser\/2010\/06\/04\/lasst-das-volk-wahlen\/\",\"name\":\"Lasst das Volk w\u00e4hlen! - ZEIT der Leser\",\"isPartOf\":{\"@id\":\"https:\/\/blog.zeit.de\/zeit-der-leser\/#website\"},\"datePublished\":\"2010-06-04T13:00:08+00:00\",\"dateModified\":\"2010-06-04T12:00:20+00:00\",\"author\":{\"@id\":\"https:\/\/blog.zeit.de\/zeit-der-leser\/#\/schema\/person\/e248c7ff5a10552f6a3bd5e9385b3667\"},\"breadcrumb\":{\"@id\":\"https:\/\/blog.zeit.de\/zeit-der-leser\/2010\/06\/04\/lasst-das-volk-wahlen\/#breadcrumb\"},\"inLanguage\":\"de\",\"potentialAction\":[{\"@type\":\"ReadAction\",\"target\":[\"https:\/\/blog.zeit.de\/zeit-der-leser\/2010\/06\/04\/lasst-das-volk-wahlen\/\"]}]},{\"@type\":\"BreadcrumbList\",\"@id\":\"https:\/\/blog.zeit.de\/zeit-der-leser\/2010\/06\/04\/lasst-das-volk-wahlen\/#breadcrumb\",\"itemListElement\":[{\"@type\":\"ListItem\",\"position\":1,\"name\":\"Startseite\",\"item\":\"https:\/\/blog.zeit.de\/zeit-der-leser\/\"},{\"@type\":\"ListItem\",\"position\":2,\"name\":\"Lasst das Volk w\u00e4hlen!\"}]},{\"@type\":\"WebSite\",\"@id\":\"https:\/\/blog.zeit.de\/zeit-der-leser\/#website\",\"url\":\"https:\/\/blog.zeit.de\/zeit-der-leser\/\",\"name\":\"ZEIT der Leser\",\"description\":\"Ein Blog mit Ihren Notizen, Gedichten und Bildern f\u00fcr die gedruckte ZEIT\",\"potentialAction\":[{\"@type\":\"SearchAction\",\"target\":{\"@type\":\"EntryPoint\",\"urlTemplate\":\"https:\/\/blog.zeit.de\/zeit-der-leser\/?s={search_term_string}\"},\"query-input\":\"required name=search_term_string\"}],\"inLanguage\":\"de\"},{\"@type\":\"Person\",\"@id\":\"https:\/\/blog.zeit.de\/zeit-der-leser\/#\/schema\/person\/e248c7ff5a10552f6a3bd5e9385b3667\",\"name\":\"Zeit der Leser\",\"image\":{\"@type\":\"ImageObject\",\"inLanguage\":\"de\",\"@id\":\"https:\/\/blog.zeit.de\/zeit-der-leser\/#\/schema\/person\/image\/\",\"url\":\"https:\/\/secure.gravatar.com\/avatar\/529bb2731085995bda6c8ba0e4da7e528ea8be4e6c7abdd217f176e2309035f6?s=96&d=mm&r=g\",\"contentUrl\":\"https:\/\/secure.gravatar.com\/avatar\/529bb2731085995bda6c8ba0e4da7e528ea8be4e6c7abdd217f176e2309035f6?s=96&d=mm&r=g\",\"caption\":\"Zeit der Leser\"},\"url\":\"https:\/\/blog.zeit.de\/zeit-der-leser\/author\/zeit-der-leser\/\"}]}<\/script>\n<!-- \/ Yoast SEO plugin. -->","yoast_head_json":{"title":"Lasst das Volk w\u00e4hlen! - ZEIT der Leser","robots":{"index":"index","follow":"follow","max-snippet":"max-snippet:-1","max-image-preview":"max-image-preview:large","max-video-preview":"max-video-preview:-1"},"canonical":"https:\/\/blog.zeit.de\/zeit-der-leser\/2010\/06\/04\/lasst-das-volk-wahlen\/","og_locale":"de_DE","og_type":"article","og_title":"Lasst das Volk w\u00e4hlen! - ZEIT der Leser","og_description":"Ich sehe mir \u201eHart aber fair\u201c an. Es geht um den R\u00fccktritt Horst K\u00f6hlers, um die Frage der Nachfolge \u2013 und, gleichsam unweigerlich, kommt auch die Frage aufs Tapet, ob der Bundespr\u00e4sident nicht direkt vom Volk gew\u00e4hlt werden sollte anstatt von der Bundesversammlung. Partei\u00fcbergreifendes Entsetzen bei der anwesenden politischen Klasse: NEIN! Damit w\u00fcrde ein Gegenkanzler [&hellip;]","og_url":"https:\/\/blog.zeit.de\/zeit-der-leser\/2010\/06\/04\/lasst-das-volk-wahlen\/","og_site_name":"ZEIT der Leser","article_published_time":"2010-06-04T13:00:08+00:00","article_modified_time":"2010-06-04T12:00:20+00:00","author":"Zeit der Leser","twitter_card":"summary_large_image","twitter_misc":{"Geschrieben von":"Zeit der Leser","Gesch\u00e4tzte Lesezeit":"1\u00a0Minute"},"schema":{"@context":"https:\/\/schema.org","@graph":[{"@type":"WebPage","@id":"https:\/\/blog.zeit.de\/zeit-der-leser\/2010\/06\/04\/lasst-das-volk-wahlen\/","url":"https:\/\/blog.zeit.de\/zeit-der-leser\/2010\/06\/04\/lasst-das-volk-wahlen\/","name":"Lasst das Volk w\u00e4hlen! - ZEIT der Leser","isPartOf":{"@id":"https:\/\/blog.zeit.de\/zeit-der-leser\/#website"},"datePublished":"2010-06-04T13:00:08+00:00","dateModified":"2010-06-04T12:00:20+00:00","author":{"@id":"https:\/\/blog.zeit.de\/zeit-der-leser\/#\/schema\/person\/e248c7ff5a10552f6a3bd5e9385b3667"},"breadcrumb":{"@id":"https:\/\/blog.zeit.de\/zeit-der-leser\/2010\/06\/04\/lasst-das-volk-wahlen\/#breadcrumb"},"inLanguage":"de","potentialAction":[{"@type":"ReadAction","target":["https:\/\/blog.zeit.de\/zeit-der-leser\/2010\/06\/04\/lasst-das-volk-wahlen\/"]}]},{"@type":"BreadcrumbList","@id":"https:\/\/blog.zeit.de\/zeit-der-leser\/2010\/06\/04\/lasst-das-volk-wahlen\/#breadcrumb","itemListElement":[{"@type":"ListItem","position":1,"name":"Startseite","item":"https:\/\/blog.zeit.de\/zeit-der-leser\/"},{"@type":"ListItem","position":2,"name":"Lasst das Volk w\u00e4hlen!"}]},{"@type":"WebSite","@id":"https:\/\/blog.zeit.de\/zeit-der-leser\/#website","url":"https:\/\/blog.zeit.de\/zeit-der-leser\/","name":"ZEIT der Leser","description":"Ein Blog mit Ihren Notizen, Gedichten und Bildern f\u00fcr die gedruckte ZEIT","potentialAction":[{"@type":"SearchAction","target":{"@type":"EntryPoint","urlTemplate":"https:\/\/blog.zeit.de\/zeit-der-leser\/?s={search_term_string}"},"query-input":"required name=search_term_string"}],"inLanguage":"de"},{"@type":"Person","@id":"https:\/\/blog.zeit.de\/zeit-der-leser\/#\/schema\/person\/e248c7ff5a10552f6a3bd5e9385b3667","name":"Zeit der Leser","image":{"@type":"ImageObject","inLanguage":"de","@id":"https:\/\/blog.zeit.de\/zeit-der-leser\/#\/schema\/person\/image\/","url":"https:\/\/secure.gravatar.com\/avatar\/529bb2731085995bda6c8ba0e4da7e528ea8be4e6c7abdd217f176e2309035f6?s=96&d=mm&r=g","contentUrl":"https:\/\/secure.gravatar.com\/avatar\/529bb2731085995bda6c8ba0e4da7e528ea8be4e6c7abdd217f176e2309035f6?s=96&d=mm&r=g","caption":"Zeit der Leser"},"url":"https:\/\/blog.zeit.de\/zeit-der-leser\/author\/zeit-der-leser\/"}]}},"jetpack_featured_media_url":"","jetpack_sharing_enabled":true,"_links":{"self":[{"href":"https:\/\/blog.zeit.de\/zeit-der-leser\/wp-json\/wp\/v2\/posts\/1430","targetHints":{"allow":["GET"]}}],"collection":[{"href":"https:\/\/blog.zeit.de\/zeit-der-leser\/wp-json\/wp\/v2\/posts"}],"about":[{"href":"https:\/\/blog.zeit.de\/zeit-der-leser\/wp-json\/wp\/v2\/types\/post"}],"author":[{"embeddable":true,"href":"https:\/\/blog.zeit.de\/zeit-der-leser\/wp-json\/wp\/v2\/users\/264"}],"replies":[{"embeddable":true,"href":"https:\/\/blog.zeit.de\/zeit-der-leser\/wp-json\/wp\/v2\/comments?post=1430"}],"version-history":[{"count":0,"href":"https:\/\/blog.zeit.de\/zeit-der-leser\/wp-json\/wp\/v2\/posts\/1430\/revisions"}],"wp:attachment":[{"href":"https:\/\/blog.zeit.de\/zeit-der-leser\/wp-json\/wp\/v2\/media?parent=1430"}],"wp:term":[{"taxonomy":"category","embeddable":true,"href":"https:\/\/blog.zeit.de\/zeit-der-leser\/wp-json\/wp\/v2\/categories?post=1430"},{"taxonomy":"post_tag","embeddable":true,"href":"https:\/\/blog.zeit.de\/zeit-der-leser\/wp-json\/wp\/v2\/tags?post=1430"}],"curies":[{"name":"wp","href":"https:\/\/api.w.org\/{rel}","templated":true}]}}