{"id":14334,"date":"2013-07-27T18:00:55","date_gmt":"2013-07-27T16:00:55","guid":{"rendered":"http:\/\/blog.zeit.de\/zeit-der-leser\/?p=14334"},"modified":"2013-07-27T18:00:59","modified_gmt":"2013-07-27T16:00:59","slug":"zeitsprung-flugs-flugge","status":"publish","type":"post","link":"https:\/\/blog.zeit.de\/zeit-der-leser\/2013\/07\/27\/zeitsprung-flugs-flugge\/","title":{"rendered":"Zeitsprung: Flugs Fl\u00fcgge"},"content":{"rendered":"<div>\n<div>\n<p><a href=\"https:\/\/blog.zeit.de\/zeit-der-leser\/?attachment_id=14335\" rel=\"attachment wp-att-14335\"><img loading=\"lazy\" decoding=\"async\" class=\"alignleft size-full wp-image-14335\" alt=\"s76-zeitsprung-juli-2\" src=\"https:\/\/blog.zeit.de\/zeit-der-leser\/files\/2013\/07\/s76-zeitsprung-juli-2.jpg\" width=\"580\" height=\"487\" srcset=\"https:\/\/blog.zeit.de\/zeit-der-leser\/files\/2013\/07\/s76-zeitsprung-juli-2.jpg 580w, https:\/\/blog.zeit.de\/zeit-der-leser\/files\/2013\/07\/s76-zeitsprung-juli-2-300x251.jpg 300w\" sizes=\"auto, (max-width: 580px) 100vw, 580px\" \/><\/a> <a href=\"https:\/\/blog.zeit.de\/zeit-der-leser\/?attachment_id=14336\" rel=\"attachment wp-att-14336\"><img loading=\"lazy\" decoding=\"async\" class=\"alignleft size-full wp-image-14336\" alt=\"s76-zeitsprung-juli\" src=\"https:\/\/blog.zeit.de\/zeit-der-leser\/files\/2013\/07\/s76-zeitsprung-juli.jpg\" width=\"580\" height=\"487\" srcset=\"https:\/\/blog.zeit.de\/zeit-der-leser\/files\/2013\/07\/s76-zeitsprung-juli.jpg 580w, https:\/\/blog.zeit.de\/zeit-der-leser\/files\/2013\/07\/s76-zeitsprung-juli-300x251.jpg 300w\" sizes=\"auto, (max-width: 580px) 100vw, 580px\" \/><\/a><\/p>\n<p>Vor vier Wochen fand unser Sohn ein heruntergefallenes Nest mit f\u00fcnf Vogeljungen. Drei der fast nackten Nestlinge lebten noch und bezogen zuerst einen Schuhkarton und sp\u00e4ter einen Vogelk\u00e4fig, dessen T\u00fcr dann bald offen stand. Erste Flug\u00fcbungen fanden in unserem Wohnzimmer statt. Von uns mit Eigelb, Hafer- und Hirseflocken aufgepeppelt (geklaute Nudeln und Tortenkr\u00fcmel kamen auch dazu), erweiterte sich der Aktionsradius der V\u00f6gelchen rasch bis in den Garten und ins Umland. Aber wenn ich den Balkon betrete, sind immer sofort zwei unserer Z\u00f6glinge da, um mich zu begr\u00fc\u00dfen. Ob der dritte endg\u00fcltig ausgeflogen ist oder im Magen einer Nachbarskatze landete, dar\u00fcber wage ich nicht nachzudenken. Jedenfalls entwickeln sich die beiden pr\u00e4chtig und \u00bbstudieren\u00ab inzwischen sogar schon die Zeitung.<\/p>\n<\/div>\n<p><strong>Ulrike Blatter<\/strong>, Gottmadingen, Baden-W\u00fcrttemberg<\/p>\n<\/div>\n","protected":false},"excerpt":{"rendered":"<p>Vor vier Wochen fand unser Sohn ein heruntergefallenes Nest mit f\u00fcnf Vogeljungen. Drei der fast nackten Nestlinge lebten noch und bezogen zuerst einen Schuhkarton und sp\u00e4ter einen Vogelk\u00e4fig, dessen T\u00fcr dann bald offen stand. Erste Flug\u00fcbungen fanden in unserem Wohnzimmer statt. Von uns mit Eigelb, Hafer- und Hirseflocken aufgepeppelt (geklaute Nudeln und Tortenkr\u00fcmel kamen auch [&hellip;]<\/p>\n","protected":false},"author":265,"featured_media":0,"comment_status":"open","ping_status":"open","sticky":false,"template":"","format":"standard","meta":{"_jetpack_memberships_contains_paid_content":false,"footnotes":""},"categories":[1878],"tags":[],"class_list":["post-14334","post","type-post","status-publish","format-standard","hentry","category-zeitsprung"],"yoast_head":"<!-- This site is optimized with the Yoast SEO plugin v21.0 - https:\/\/yoast.com\/wordpress\/plugins\/seo\/ -->\n<title>Zeitsprung: Flugs Fl\u00fcgge - ZEIT der Leser<\/title>\n<meta name=\"robots\" content=\"index, follow, max-snippet:-1, max-image-preview:large, max-video-preview:-1\" \/>\n<link rel=\"canonical\" href=\"https:\/\/blog.zeit.de\/zeit-der-leser\/2013\/07\/27\/zeitsprung-flugs-flugge\/\" \/>\n<meta property=\"og:locale\" content=\"de_DE\" \/>\n<meta property=\"og:type\" content=\"article\" \/>\n<meta property=\"og:title\" content=\"Zeitsprung: Flugs Fl\u00fcgge - ZEIT der Leser\" \/>\n<meta property=\"og:description\" content=\"Vor vier Wochen fand unser Sohn ein heruntergefallenes Nest mit f\u00fcnf Vogeljungen. Drei der fast nackten Nestlinge lebten noch und bezogen zuerst einen Schuhkarton und sp\u00e4ter einen Vogelk\u00e4fig, dessen T\u00fcr dann bald offen stand. Erste Flug\u00fcbungen fanden in unserem Wohnzimmer statt. Von uns mit Eigelb, Hafer- und Hirseflocken aufgepeppelt (geklaute Nudeln und Tortenkr\u00fcmel kamen auch [&hellip;]\" \/>\n<meta property=\"og:url\" content=\"https:\/\/blog.zeit.de\/zeit-der-leser\/2013\/07\/27\/zeitsprung-flugs-flugge\/\" \/>\n<meta property=\"og:site_name\" content=\"ZEIT der Leser\" \/>\n<meta property=\"article:published_time\" content=\"2013-07-27T16:00:55+00:00\" \/>\n<meta property=\"article:modified_time\" content=\"2013-07-27T16:00:59+00:00\" \/>\n<meta property=\"og:image\" content=\"https:\/\/blog.zeit.de\/zeit-der-leser\/files\/2013\/07\/s76-zeitsprung-juli-2.jpg\" \/>\n<meta name=\"author\" content=\"&quot;Zeit der Leser&quot;-Redaktion\" \/>\n<meta name=\"twitter:card\" content=\"summary_large_image\" \/>\n<meta name=\"twitter:label1\" content=\"Geschrieben von\" \/>\n\t<meta name=\"twitter:data1\" content=\"\"Zeit der Leser\"-Redaktion\" \/>\n\t<meta name=\"twitter:label2\" content=\"Gesch\u00e4tzte Lesezeit\" \/>\n\t<meta name=\"twitter:data2\" content=\"1\u00a0Minute\" \/>\n<script type=\"application\/ld+json\" class=\"yoast-schema-graph\">{\"@context\":\"https:\/\/schema.org\",\"@graph\":[{\"@type\":\"WebPage\",\"@id\":\"https:\/\/blog.zeit.de\/zeit-der-leser\/2013\/07\/27\/zeitsprung-flugs-flugge\/\",\"url\":\"https:\/\/blog.zeit.de\/zeit-der-leser\/2013\/07\/27\/zeitsprung-flugs-flugge\/\",\"name\":\"Zeitsprung: Flugs Fl\u00fcgge - ZEIT der Leser\",\"isPartOf\":{\"@id\":\"https:\/\/blog.zeit.de\/zeit-der-leser\/#website\"},\"datePublished\":\"2013-07-27T16:00:55+00:00\",\"dateModified\":\"2013-07-27T16:00:59+00:00\",\"author\":{\"@id\":\"https:\/\/blog.zeit.de\/zeit-der-leser\/#\/schema\/person\/583b14e5ad6368c23af846ecbde9f20f\"},\"breadcrumb\":{\"@id\":\"https:\/\/blog.zeit.de\/zeit-der-leser\/2013\/07\/27\/zeitsprung-flugs-flugge\/#breadcrumb\"},\"inLanguage\":\"de\",\"potentialAction\":[{\"@type\":\"ReadAction\",\"target\":[\"https:\/\/blog.zeit.de\/zeit-der-leser\/2013\/07\/27\/zeitsprung-flugs-flugge\/\"]}]},{\"@type\":\"BreadcrumbList\",\"@id\":\"https:\/\/blog.zeit.de\/zeit-der-leser\/2013\/07\/27\/zeitsprung-flugs-flugge\/#breadcrumb\",\"itemListElement\":[{\"@type\":\"ListItem\",\"position\":1,\"name\":\"Startseite\",\"item\":\"https:\/\/blog.zeit.de\/zeit-der-leser\/\"},{\"@type\":\"ListItem\",\"position\":2,\"name\":\"Zeitsprung: Flugs Fl\u00fcgge\"}]},{\"@type\":\"WebSite\",\"@id\":\"https:\/\/blog.zeit.de\/zeit-der-leser\/#website\",\"url\":\"https:\/\/blog.zeit.de\/zeit-der-leser\/\",\"name\":\"ZEIT der Leser\",\"description\":\"Ein Blog mit Ihren Notizen, Gedichten und Bildern f\u00fcr die gedruckte ZEIT\",\"potentialAction\":[{\"@type\":\"SearchAction\",\"target\":{\"@type\":\"EntryPoint\",\"urlTemplate\":\"https:\/\/blog.zeit.de\/zeit-der-leser\/?s={search_term_string}\"},\"query-input\":\"required name=search_term_string\"}],\"inLanguage\":\"de\"},{\"@type\":\"Person\",\"@id\":\"https:\/\/blog.zeit.de\/zeit-der-leser\/#\/schema\/person\/583b14e5ad6368c23af846ecbde9f20f\",\"name\":\"\\\"Zeit der Leser\\\"-Redaktion\",\"image\":{\"@type\":\"ImageObject\",\"inLanguage\":\"de\",\"@id\":\"https:\/\/blog.zeit.de\/zeit-der-leser\/#\/schema\/person\/image\/\",\"url\":\"https:\/\/secure.gravatar.com\/avatar\/e801a681bd3bbf2345131a815930b48d9f8e0a94de1346b624840dc850f67ad0?s=96&d=mm&r=g\",\"contentUrl\":\"https:\/\/secure.gravatar.com\/avatar\/e801a681bd3bbf2345131a815930b48d9f8e0a94de1346b624840dc850f67ad0?s=96&d=mm&r=g\",\"caption\":\"\\\"Zeit der Leser\\\"-Redaktion\"},\"url\":\"https:\/\/blog.zeit.de\/zeit-der-leser\/author\/zeit-der-leser-redaktion\/\"}]}<\/script>\n<!-- \/ Yoast SEO plugin. -->","yoast_head_json":{"title":"Zeitsprung: Flugs Fl\u00fcgge - ZEIT der Leser","robots":{"index":"index","follow":"follow","max-snippet":"max-snippet:-1","max-image-preview":"max-image-preview:large","max-video-preview":"max-video-preview:-1"},"canonical":"https:\/\/blog.zeit.de\/zeit-der-leser\/2013\/07\/27\/zeitsprung-flugs-flugge\/","og_locale":"de_DE","og_type":"article","og_title":"Zeitsprung: Flugs Fl\u00fcgge - ZEIT der Leser","og_description":"Vor vier Wochen fand unser Sohn ein heruntergefallenes Nest mit f\u00fcnf Vogeljungen. Drei der fast nackten Nestlinge lebten noch und bezogen zuerst einen Schuhkarton und sp\u00e4ter einen Vogelk\u00e4fig, dessen T\u00fcr dann bald offen stand. Erste Flug\u00fcbungen fanden in unserem Wohnzimmer statt. Von uns mit Eigelb, Hafer- und Hirseflocken aufgepeppelt (geklaute Nudeln und Tortenkr\u00fcmel kamen auch [&hellip;]","og_url":"https:\/\/blog.zeit.de\/zeit-der-leser\/2013\/07\/27\/zeitsprung-flugs-flugge\/","og_site_name":"ZEIT der Leser","article_published_time":"2013-07-27T16:00:55+00:00","article_modified_time":"2013-07-27T16:00:59+00:00","og_image":[{"url":"https:\/\/blog.zeit.de\/zeit-der-leser\/files\/2013\/07\/s76-zeitsprung-juli-2.jpg"}],"author":"\"Zeit der Leser\"-Redaktion","twitter_card":"summary_large_image","twitter_misc":{"Geschrieben von":"\"Zeit der Leser\"-Redaktion","Gesch\u00e4tzte Lesezeit":"1\u00a0Minute"},"schema":{"@context":"https:\/\/schema.org","@graph":[{"@type":"WebPage","@id":"https:\/\/blog.zeit.de\/zeit-der-leser\/2013\/07\/27\/zeitsprung-flugs-flugge\/","url":"https:\/\/blog.zeit.de\/zeit-der-leser\/2013\/07\/27\/zeitsprung-flugs-flugge\/","name":"Zeitsprung: Flugs Fl\u00fcgge - ZEIT der Leser","isPartOf":{"@id":"https:\/\/blog.zeit.de\/zeit-der-leser\/#website"},"datePublished":"2013-07-27T16:00:55+00:00","dateModified":"2013-07-27T16:00:59+00:00","author":{"@id":"https:\/\/blog.zeit.de\/zeit-der-leser\/#\/schema\/person\/583b14e5ad6368c23af846ecbde9f20f"},"breadcrumb":{"@id":"https:\/\/blog.zeit.de\/zeit-der-leser\/2013\/07\/27\/zeitsprung-flugs-flugge\/#breadcrumb"},"inLanguage":"de","potentialAction":[{"@type":"ReadAction","target":["https:\/\/blog.zeit.de\/zeit-der-leser\/2013\/07\/27\/zeitsprung-flugs-flugge\/"]}]},{"@type":"BreadcrumbList","@id":"https:\/\/blog.zeit.de\/zeit-der-leser\/2013\/07\/27\/zeitsprung-flugs-flugge\/#breadcrumb","itemListElement":[{"@type":"ListItem","position":1,"name":"Startseite","item":"https:\/\/blog.zeit.de\/zeit-der-leser\/"},{"@type":"ListItem","position":2,"name":"Zeitsprung: Flugs Fl\u00fcgge"}]},{"@type":"WebSite","@id":"https:\/\/blog.zeit.de\/zeit-der-leser\/#website","url":"https:\/\/blog.zeit.de\/zeit-der-leser\/","name":"ZEIT der Leser","description":"Ein Blog mit Ihren Notizen, Gedichten und Bildern f\u00fcr die gedruckte ZEIT","potentialAction":[{"@type":"SearchAction","target":{"@type":"EntryPoint","urlTemplate":"https:\/\/blog.zeit.de\/zeit-der-leser\/?s={search_term_string}"},"query-input":"required name=search_term_string"}],"inLanguage":"de"},{"@type":"Person","@id":"https:\/\/blog.zeit.de\/zeit-der-leser\/#\/schema\/person\/583b14e5ad6368c23af846ecbde9f20f","name":"\"Zeit der Leser\"-Redaktion","image":{"@type":"ImageObject","inLanguage":"de","@id":"https:\/\/blog.zeit.de\/zeit-der-leser\/#\/schema\/person\/image\/","url":"https:\/\/secure.gravatar.com\/avatar\/e801a681bd3bbf2345131a815930b48d9f8e0a94de1346b624840dc850f67ad0?s=96&d=mm&r=g","contentUrl":"https:\/\/secure.gravatar.com\/avatar\/e801a681bd3bbf2345131a815930b48d9f8e0a94de1346b624840dc850f67ad0?s=96&d=mm&r=g","caption":"\"Zeit der Leser\"-Redaktion"},"url":"https:\/\/blog.zeit.de\/zeit-der-leser\/author\/zeit-der-leser-redaktion\/"}]}},"jetpack_featured_media_url":"","jetpack_sharing_enabled":true,"_links":{"self":[{"href":"https:\/\/blog.zeit.de\/zeit-der-leser\/wp-json\/wp\/v2\/posts\/14334","targetHints":{"allow":["GET"]}}],"collection":[{"href":"https:\/\/blog.zeit.de\/zeit-der-leser\/wp-json\/wp\/v2\/posts"}],"about":[{"href":"https:\/\/blog.zeit.de\/zeit-der-leser\/wp-json\/wp\/v2\/types\/post"}],"author":[{"embeddable":true,"href":"https:\/\/blog.zeit.de\/zeit-der-leser\/wp-json\/wp\/v2\/users\/265"}],"replies":[{"embeddable":true,"href":"https:\/\/blog.zeit.de\/zeit-der-leser\/wp-json\/wp\/v2\/comments?post=14334"}],"version-history":[{"count":3,"href":"https:\/\/blog.zeit.de\/zeit-der-leser\/wp-json\/wp\/v2\/posts\/14334\/revisions"}],"predecessor-version":[{"id":14338,"href":"https:\/\/blog.zeit.de\/zeit-der-leser\/wp-json\/wp\/v2\/posts\/14334\/revisions\/14338"}],"wp:attachment":[{"href":"https:\/\/blog.zeit.de\/zeit-der-leser\/wp-json\/wp\/v2\/media?parent=14334"}],"wp:term":[{"taxonomy":"category","embeddable":true,"href":"https:\/\/blog.zeit.de\/zeit-der-leser\/wp-json\/wp\/v2\/categories?post=14334"},{"taxonomy":"post_tag","embeddable":true,"href":"https:\/\/blog.zeit.de\/zeit-der-leser\/wp-json\/wp\/v2\/tags?post=14334"}],"curies":[{"name":"wp","href":"https:\/\/api.w.org\/{rel}","templated":true}]}}