{"id":14434,"date":"2013-08-07T12:00:56","date_gmt":"2013-08-07T10:00:56","guid":{"rendered":"http:\/\/blog.zeit.de\/zeit-der-leser\/?p=14434"},"modified":"2013-08-07T12:00:56","modified_gmt":"2013-08-07T10:00:56","slug":"mein-wort-schatz-261","status":"publish","type":"post","link":"https:\/\/blog.zeit.de\/zeit-der-leser\/2013\/08\/07\/mein-wort-schatz-261\/","title":{"rendered":"Mein Wort-Schatz"},"content":{"rendered":"<div>\n<div>\n<div>\n<p>Neulich bei Italiener meines Vertrauens: Eine alte Dame betritt mit kleinen Schritten, abgest\u00fctzt auf einen Rollator, sichtlich ersch\u00f6pft das Restaurant. Sie steuert den ersten erreichbaren Tisch an und l\u00e4sst sich, noch mit Mantel und Kopftuch bekleidet, auf den Stuhl sacken. Der Kellner bringt ihr sofort die Speisekarte und fragt, ob er schon vorweg etwas bringen k\u00f6nne. \u00bbErst einmal eine <em>Kraftbr\u00fche<\/em>\u00ab, sagt die alte Dame. Wie sehr doch dieses Wort in einer solchen Situation Sinn hat! Die v\u00f6llig entkr\u00e4ftete Seniorin erhofft sich Kr\u00e4ftigung durch die Suppe. Ob der Name Kraftbr\u00fche tats\u00e4chlich etwas mit Kr\u00e4ftigung zu tun hat? Oder bezeichnet dieses Wort einfach eine kr\u00e4ftige Br\u00fche? Wie auch immer: Die alte Dame l\u00f6ffelte sichtlich zufrieden die ihr servierte Br\u00fche. Dadurch kam sie wieder zu Kr\u00e4ften, was man ihren sich immer mehr entspannenden Gesichtsz\u00fcgen deutlich anmerken konnte.<\/p>\n<p><strong>Helmut Schroeter<\/strong>, Baelen, Belgien<\/p>\n<\/div>\n<\/div>\n<\/div>\n","protected":false},"excerpt":{"rendered":"<p>Neulich bei Italiener meines Vertrauens: Eine alte Dame betritt mit kleinen Schritten, abgest\u00fctzt auf einen Rollator, sichtlich ersch\u00f6pft das Restaurant. Sie steuert den ersten erreichbaren Tisch an und l\u00e4sst sich, noch mit Mantel und Kopftuch bekleidet, auf den Stuhl sacken. Der Kellner bringt ihr sofort die Speisekarte und fragt, ob er schon vorweg etwas bringen [&hellip;]<\/p>\n","protected":false},"author":265,"featured_media":0,"comment_status":"open","ping_status":"open","sticky":false,"template":"","format":"standard","meta":{"_jetpack_memberships_contains_paid_content":false,"footnotes":""},"categories":[1871],"tags":[],"class_list":["post-14434","post","type-post","status-publish","format-standard","hentry","category-was-mein-leben-reicher-macht"],"yoast_head":"<!-- This site is optimized with the Yoast SEO plugin v21.0 - https:\/\/yoast.com\/wordpress\/plugins\/seo\/ -->\n<title>Mein Wort-Schatz - ZEIT der Leser<\/title>\n<meta name=\"robots\" content=\"index, follow, max-snippet:-1, max-image-preview:large, max-video-preview:-1\" \/>\n<link rel=\"canonical\" href=\"https:\/\/blog.zeit.de\/zeit-der-leser\/2013\/08\/07\/mein-wort-schatz-261\/\" \/>\n<meta property=\"og:locale\" content=\"de_DE\" \/>\n<meta property=\"og:type\" content=\"article\" \/>\n<meta property=\"og:title\" content=\"Mein Wort-Schatz - ZEIT der Leser\" \/>\n<meta property=\"og:description\" content=\"Neulich bei Italiener meines Vertrauens: Eine alte Dame betritt mit kleinen Schritten, abgest\u00fctzt auf einen Rollator, sichtlich ersch\u00f6pft das Restaurant. Sie steuert den ersten erreichbaren Tisch an und l\u00e4sst sich, noch mit Mantel und Kopftuch bekleidet, auf den Stuhl sacken. Der Kellner bringt ihr sofort die Speisekarte und fragt, ob er schon vorweg etwas bringen [&hellip;]\" \/>\n<meta property=\"og:url\" content=\"https:\/\/blog.zeit.de\/zeit-der-leser\/2013\/08\/07\/mein-wort-schatz-261\/\" \/>\n<meta property=\"og:site_name\" content=\"ZEIT der Leser\" \/>\n<meta property=\"article:published_time\" content=\"2013-08-07T10:00:56+00:00\" \/>\n<meta name=\"author\" content=\"&quot;Zeit der Leser&quot;-Redaktion\" \/>\n<meta name=\"twitter:card\" content=\"summary_large_image\" \/>\n<meta name=\"twitter:label1\" content=\"Geschrieben von\" \/>\n\t<meta name=\"twitter:data1\" content=\"\"Zeit der Leser\"-Redaktion\" \/>\n\t<meta name=\"twitter:label2\" content=\"Gesch\u00e4tzte Lesezeit\" \/>\n\t<meta name=\"twitter:data2\" content=\"1\u00a0Minute\" \/>\n<script type=\"application\/ld+json\" class=\"yoast-schema-graph\">{\"@context\":\"https:\/\/schema.org\",\"@graph\":[{\"@type\":\"WebPage\",\"@id\":\"https:\/\/blog.zeit.de\/zeit-der-leser\/2013\/08\/07\/mein-wort-schatz-261\/\",\"url\":\"https:\/\/blog.zeit.de\/zeit-der-leser\/2013\/08\/07\/mein-wort-schatz-261\/\",\"name\":\"Mein Wort-Schatz - ZEIT der Leser\",\"isPartOf\":{\"@id\":\"https:\/\/blog.zeit.de\/zeit-der-leser\/#website\"},\"datePublished\":\"2013-08-07T10:00:56+00:00\",\"dateModified\":\"2013-08-07T10:00:56+00:00\",\"author\":{\"@id\":\"https:\/\/blog.zeit.de\/zeit-der-leser\/#\/schema\/person\/583b14e5ad6368c23af846ecbde9f20f\"},\"breadcrumb\":{\"@id\":\"https:\/\/blog.zeit.de\/zeit-der-leser\/2013\/08\/07\/mein-wort-schatz-261\/#breadcrumb\"},\"inLanguage\":\"de\",\"potentialAction\":[{\"@type\":\"ReadAction\",\"target\":[\"https:\/\/blog.zeit.de\/zeit-der-leser\/2013\/08\/07\/mein-wort-schatz-261\/\"]}]},{\"@type\":\"BreadcrumbList\",\"@id\":\"https:\/\/blog.zeit.de\/zeit-der-leser\/2013\/08\/07\/mein-wort-schatz-261\/#breadcrumb\",\"itemListElement\":[{\"@type\":\"ListItem\",\"position\":1,\"name\":\"Startseite\",\"item\":\"https:\/\/blog.zeit.de\/zeit-der-leser\/\"},{\"@type\":\"ListItem\",\"position\":2,\"name\":\"Mein Wort-Schatz\"}]},{\"@type\":\"WebSite\",\"@id\":\"https:\/\/blog.zeit.de\/zeit-der-leser\/#website\",\"url\":\"https:\/\/blog.zeit.de\/zeit-der-leser\/\",\"name\":\"ZEIT der Leser\",\"description\":\"Ein Blog mit Ihren Notizen, Gedichten und Bildern f\u00fcr die gedruckte ZEIT\",\"potentialAction\":[{\"@type\":\"SearchAction\",\"target\":{\"@type\":\"EntryPoint\",\"urlTemplate\":\"https:\/\/blog.zeit.de\/zeit-der-leser\/?s={search_term_string}\"},\"query-input\":\"required name=search_term_string\"}],\"inLanguage\":\"de\"},{\"@type\":\"Person\",\"@id\":\"https:\/\/blog.zeit.de\/zeit-der-leser\/#\/schema\/person\/583b14e5ad6368c23af846ecbde9f20f\",\"name\":\"\\\"Zeit der Leser\\\"-Redaktion\",\"image\":{\"@type\":\"ImageObject\",\"inLanguage\":\"de\",\"@id\":\"https:\/\/blog.zeit.de\/zeit-der-leser\/#\/schema\/person\/image\/\",\"url\":\"https:\/\/secure.gravatar.com\/avatar\/e801a681bd3bbf2345131a815930b48d9f8e0a94de1346b624840dc850f67ad0?s=96&d=mm&r=g\",\"contentUrl\":\"https:\/\/secure.gravatar.com\/avatar\/e801a681bd3bbf2345131a815930b48d9f8e0a94de1346b624840dc850f67ad0?s=96&d=mm&r=g\",\"caption\":\"\\\"Zeit der Leser\\\"-Redaktion\"},\"url\":\"https:\/\/blog.zeit.de\/zeit-der-leser\/author\/zeit-der-leser-redaktion\/\"}]}<\/script>\n<!-- \/ Yoast SEO plugin. -->","yoast_head_json":{"title":"Mein Wort-Schatz - ZEIT der Leser","robots":{"index":"index","follow":"follow","max-snippet":"max-snippet:-1","max-image-preview":"max-image-preview:large","max-video-preview":"max-video-preview:-1"},"canonical":"https:\/\/blog.zeit.de\/zeit-der-leser\/2013\/08\/07\/mein-wort-schatz-261\/","og_locale":"de_DE","og_type":"article","og_title":"Mein Wort-Schatz - ZEIT der Leser","og_description":"Neulich bei Italiener meines Vertrauens: Eine alte Dame betritt mit kleinen Schritten, abgest\u00fctzt auf einen Rollator, sichtlich ersch\u00f6pft das Restaurant. Sie steuert den ersten erreichbaren Tisch an und l\u00e4sst sich, noch mit Mantel und Kopftuch bekleidet, auf den Stuhl sacken. Der Kellner bringt ihr sofort die Speisekarte und fragt, ob er schon vorweg etwas bringen [&hellip;]","og_url":"https:\/\/blog.zeit.de\/zeit-der-leser\/2013\/08\/07\/mein-wort-schatz-261\/","og_site_name":"ZEIT der Leser","article_published_time":"2013-08-07T10:00:56+00:00","author":"\"Zeit der Leser\"-Redaktion","twitter_card":"summary_large_image","twitter_misc":{"Geschrieben von":"\"Zeit der Leser\"-Redaktion","Gesch\u00e4tzte Lesezeit":"1\u00a0Minute"},"schema":{"@context":"https:\/\/schema.org","@graph":[{"@type":"WebPage","@id":"https:\/\/blog.zeit.de\/zeit-der-leser\/2013\/08\/07\/mein-wort-schatz-261\/","url":"https:\/\/blog.zeit.de\/zeit-der-leser\/2013\/08\/07\/mein-wort-schatz-261\/","name":"Mein Wort-Schatz - ZEIT der Leser","isPartOf":{"@id":"https:\/\/blog.zeit.de\/zeit-der-leser\/#website"},"datePublished":"2013-08-07T10:00:56+00:00","dateModified":"2013-08-07T10:00:56+00:00","author":{"@id":"https:\/\/blog.zeit.de\/zeit-der-leser\/#\/schema\/person\/583b14e5ad6368c23af846ecbde9f20f"},"breadcrumb":{"@id":"https:\/\/blog.zeit.de\/zeit-der-leser\/2013\/08\/07\/mein-wort-schatz-261\/#breadcrumb"},"inLanguage":"de","potentialAction":[{"@type":"ReadAction","target":["https:\/\/blog.zeit.de\/zeit-der-leser\/2013\/08\/07\/mein-wort-schatz-261\/"]}]},{"@type":"BreadcrumbList","@id":"https:\/\/blog.zeit.de\/zeit-der-leser\/2013\/08\/07\/mein-wort-schatz-261\/#breadcrumb","itemListElement":[{"@type":"ListItem","position":1,"name":"Startseite","item":"https:\/\/blog.zeit.de\/zeit-der-leser\/"},{"@type":"ListItem","position":2,"name":"Mein Wort-Schatz"}]},{"@type":"WebSite","@id":"https:\/\/blog.zeit.de\/zeit-der-leser\/#website","url":"https:\/\/blog.zeit.de\/zeit-der-leser\/","name":"ZEIT der Leser","description":"Ein Blog mit Ihren Notizen, Gedichten und Bildern f\u00fcr die gedruckte ZEIT","potentialAction":[{"@type":"SearchAction","target":{"@type":"EntryPoint","urlTemplate":"https:\/\/blog.zeit.de\/zeit-der-leser\/?s={search_term_string}"},"query-input":"required name=search_term_string"}],"inLanguage":"de"},{"@type":"Person","@id":"https:\/\/blog.zeit.de\/zeit-der-leser\/#\/schema\/person\/583b14e5ad6368c23af846ecbde9f20f","name":"\"Zeit der Leser\"-Redaktion","image":{"@type":"ImageObject","inLanguage":"de","@id":"https:\/\/blog.zeit.de\/zeit-der-leser\/#\/schema\/person\/image\/","url":"https:\/\/secure.gravatar.com\/avatar\/e801a681bd3bbf2345131a815930b48d9f8e0a94de1346b624840dc850f67ad0?s=96&d=mm&r=g","contentUrl":"https:\/\/secure.gravatar.com\/avatar\/e801a681bd3bbf2345131a815930b48d9f8e0a94de1346b624840dc850f67ad0?s=96&d=mm&r=g","caption":"\"Zeit der Leser\"-Redaktion"},"url":"https:\/\/blog.zeit.de\/zeit-der-leser\/author\/zeit-der-leser-redaktion\/"}]}},"jetpack_featured_media_url":"","jetpack_sharing_enabled":true,"_links":{"self":[{"href":"https:\/\/blog.zeit.de\/zeit-der-leser\/wp-json\/wp\/v2\/posts\/14434","targetHints":{"allow":["GET"]}}],"collection":[{"href":"https:\/\/blog.zeit.de\/zeit-der-leser\/wp-json\/wp\/v2\/posts"}],"about":[{"href":"https:\/\/blog.zeit.de\/zeit-der-leser\/wp-json\/wp\/v2\/types\/post"}],"author":[{"embeddable":true,"href":"https:\/\/blog.zeit.de\/zeit-der-leser\/wp-json\/wp\/v2\/users\/265"}],"replies":[{"embeddable":true,"href":"https:\/\/blog.zeit.de\/zeit-der-leser\/wp-json\/wp\/v2\/comments?post=14434"}],"version-history":[{"count":2,"href":"https:\/\/blog.zeit.de\/zeit-der-leser\/wp-json\/wp\/v2\/posts\/14434\/revisions"}],"predecessor-version":[{"id":14440,"href":"https:\/\/blog.zeit.de\/zeit-der-leser\/wp-json\/wp\/v2\/posts\/14434\/revisions\/14440"}],"wp:attachment":[{"href":"https:\/\/blog.zeit.de\/zeit-der-leser\/wp-json\/wp\/v2\/media?parent=14434"}],"wp:term":[{"taxonomy":"category","embeddable":true,"href":"https:\/\/blog.zeit.de\/zeit-der-leser\/wp-json\/wp\/v2\/categories?post=14434"},{"taxonomy":"post_tag","embeddable":true,"href":"https:\/\/blog.zeit.de\/zeit-der-leser\/wp-json\/wp\/v2\/tags?post=14434"}],"curies":[{"name":"wp","href":"https:\/\/api.w.org\/{rel}","templated":true}]}}