{"id":14503,"date":"2013-08-12T15:00:55","date_gmt":"2013-08-12T13:00:55","guid":{"rendered":"http:\/\/blog.zeit.de\/zeit-der-leser\/?p=14503"},"modified":"2013-08-12T15:01:18","modified_gmt":"2013-08-12T13:01:18","slug":"aus-meinem-garten-13","status":"publish","type":"post","link":"https:\/\/blog.zeit.de\/zeit-der-leser\/2013\/08\/12\/aus-meinem-garten-13\/","title":{"rendered":"Aus meinem Garten"},"content":{"rendered":"<div>\n<div>\n<div>\n<p>Ich bin gelernte G\u00e4rtnerin, mein Mann ist freischaffender K\u00fcnstler. Hier sieht man unser Projekt <em>Das Ackerrad<\/em> in unserem Garten. Es handelt sich um ein skulpturales Ackerbearbeitungsger\u00e4t und soll zum Nachdenken \u00fcber die moderne (?) Agrarproduktion anregen. Das Land Sachsen-Anhalt hat uns mit einem Arbeitsstipendium gef\u00f6rdert.<\/p>\n<p><strong>Mareike Arntz<\/strong>, Biesenthal, Sachsen-Anhalt<\/p>\n<\/div>\n<\/div>\n<\/div>\n","protected":false},"excerpt":{"rendered":"<p>Ich bin gelernte G\u00e4rtnerin, mein Mann ist freischaffender K\u00fcnstler. Hier sieht man unser Projekt Das Ackerrad in unserem Garten. Es handelt sich um ein skulpturales Ackerbearbeitungsger\u00e4t und soll zum Nachdenken \u00fcber die moderne (?) Agrarproduktion anregen. Das Land Sachsen-Anhalt hat uns mit einem Arbeitsstipendium gef\u00f6rdert. Mareike Arntz, Biesenthal, Sachsen-Anhalt<\/p>\n","protected":false},"author":265,"featured_media":0,"comment_status":"open","ping_status":"open","sticky":false,"template":"","format":"standard","meta":{"_jetpack_memberships_contains_paid_content":false,"footnotes":""},"categories":[5692],"tags":[],"class_list":["post-14503","post","type-post","status-publish","format-standard","hentry","category-aus-meinem-garten"],"yoast_head":"<!-- This site is optimized with the Yoast SEO plugin v21.0 - https:\/\/yoast.com\/wordpress\/plugins\/seo\/ -->\n<title>Aus meinem Garten - ZEIT der Leser<\/title>\n<meta name=\"robots\" content=\"index, follow, max-snippet:-1, max-image-preview:large, max-video-preview:-1\" \/>\n<link rel=\"canonical\" href=\"https:\/\/blog.zeit.de\/zeit-der-leser\/2013\/08\/12\/aus-meinem-garten-13\/\" \/>\n<meta property=\"og:locale\" content=\"de_DE\" \/>\n<meta property=\"og:type\" content=\"article\" \/>\n<meta property=\"og:title\" content=\"Aus meinem Garten - ZEIT der Leser\" \/>\n<meta property=\"og:description\" content=\"Ich bin gelernte G\u00e4rtnerin, mein Mann ist freischaffender K\u00fcnstler. Hier sieht man unser Projekt Das Ackerrad in unserem Garten. Es handelt sich um ein skulpturales Ackerbearbeitungsger\u00e4t und soll zum Nachdenken \u00fcber die moderne (?) Agrarproduktion anregen. Das Land Sachsen-Anhalt hat uns mit einem Arbeitsstipendium gef\u00f6rdert. Mareike Arntz, Biesenthal, Sachsen-Anhalt\" \/>\n<meta property=\"og:url\" content=\"https:\/\/blog.zeit.de\/zeit-der-leser\/2013\/08\/12\/aus-meinem-garten-13\/\" \/>\n<meta property=\"og:site_name\" content=\"ZEIT der Leser\" \/>\n<meta property=\"article:published_time\" content=\"2013-08-12T13:00:55+00:00\" \/>\n<meta property=\"article:modified_time\" content=\"2013-08-12T13:01:18+00:00\" \/>\n<meta name=\"author\" content=\"&quot;Zeit der Leser&quot;-Redaktion\" \/>\n<meta name=\"twitter:card\" content=\"summary_large_image\" \/>\n<meta name=\"twitter:label1\" content=\"Geschrieben von\" \/>\n\t<meta name=\"twitter:data1\" content=\"\"Zeit der Leser\"-Redaktion\" \/>\n<script type=\"application\/ld+json\" class=\"yoast-schema-graph\">{\"@context\":\"https:\/\/schema.org\",\"@graph\":[{\"@type\":\"WebPage\",\"@id\":\"https:\/\/blog.zeit.de\/zeit-der-leser\/2013\/08\/12\/aus-meinem-garten-13\/\",\"url\":\"https:\/\/blog.zeit.de\/zeit-der-leser\/2013\/08\/12\/aus-meinem-garten-13\/\",\"name\":\"Aus meinem Garten - ZEIT der Leser\",\"isPartOf\":{\"@id\":\"https:\/\/blog.zeit.de\/zeit-der-leser\/#website\"},\"datePublished\":\"2013-08-12T13:00:55+00:00\",\"dateModified\":\"2013-08-12T13:01:18+00:00\",\"author\":{\"@id\":\"https:\/\/blog.zeit.de\/zeit-der-leser\/#\/schema\/person\/583b14e5ad6368c23af846ecbde9f20f\"},\"breadcrumb\":{\"@id\":\"https:\/\/blog.zeit.de\/zeit-der-leser\/2013\/08\/12\/aus-meinem-garten-13\/#breadcrumb\"},\"inLanguage\":\"de\",\"potentialAction\":[{\"@type\":\"ReadAction\",\"target\":[\"https:\/\/blog.zeit.de\/zeit-der-leser\/2013\/08\/12\/aus-meinem-garten-13\/\"]}]},{\"@type\":\"BreadcrumbList\",\"@id\":\"https:\/\/blog.zeit.de\/zeit-der-leser\/2013\/08\/12\/aus-meinem-garten-13\/#breadcrumb\",\"itemListElement\":[{\"@type\":\"ListItem\",\"position\":1,\"name\":\"Startseite\",\"item\":\"https:\/\/blog.zeit.de\/zeit-der-leser\/\"},{\"@type\":\"ListItem\",\"position\":2,\"name\":\"Aus meinem Garten\"}]},{\"@type\":\"WebSite\",\"@id\":\"https:\/\/blog.zeit.de\/zeit-der-leser\/#website\",\"url\":\"https:\/\/blog.zeit.de\/zeit-der-leser\/\",\"name\":\"ZEIT der Leser\",\"description\":\"Ein Blog mit Ihren Notizen, Gedichten und Bildern f\u00fcr die gedruckte ZEIT\",\"potentialAction\":[{\"@type\":\"SearchAction\",\"target\":{\"@type\":\"EntryPoint\",\"urlTemplate\":\"https:\/\/blog.zeit.de\/zeit-der-leser\/?s={search_term_string}\"},\"query-input\":\"required name=search_term_string\"}],\"inLanguage\":\"de\"},{\"@type\":\"Person\",\"@id\":\"https:\/\/blog.zeit.de\/zeit-der-leser\/#\/schema\/person\/583b14e5ad6368c23af846ecbde9f20f\",\"name\":\"\\\"Zeit der Leser\\\"-Redaktion\",\"image\":{\"@type\":\"ImageObject\",\"inLanguage\":\"de\",\"@id\":\"https:\/\/blog.zeit.de\/zeit-der-leser\/#\/schema\/person\/image\/\",\"url\":\"https:\/\/secure.gravatar.com\/avatar\/e801a681bd3bbf2345131a815930b48d9f8e0a94de1346b624840dc850f67ad0?s=96&d=mm&r=g\",\"contentUrl\":\"https:\/\/secure.gravatar.com\/avatar\/e801a681bd3bbf2345131a815930b48d9f8e0a94de1346b624840dc850f67ad0?s=96&d=mm&r=g\",\"caption\":\"\\\"Zeit der Leser\\\"-Redaktion\"},\"url\":\"https:\/\/blog.zeit.de\/zeit-der-leser\/author\/zeit-der-leser-redaktion\/\"}]}<\/script>\n<!-- \/ Yoast SEO plugin. -->","yoast_head_json":{"title":"Aus meinem Garten - ZEIT der Leser","robots":{"index":"index","follow":"follow","max-snippet":"max-snippet:-1","max-image-preview":"max-image-preview:large","max-video-preview":"max-video-preview:-1"},"canonical":"https:\/\/blog.zeit.de\/zeit-der-leser\/2013\/08\/12\/aus-meinem-garten-13\/","og_locale":"de_DE","og_type":"article","og_title":"Aus meinem Garten - ZEIT der Leser","og_description":"Ich bin gelernte G\u00e4rtnerin, mein Mann ist freischaffender K\u00fcnstler. Hier sieht man unser Projekt Das Ackerrad in unserem Garten. Es handelt sich um ein skulpturales Ackerbearbeitungsger\u00e4t und soll zum Nachdenken \u00fcber die moderne (?) Agrarproduktion anregen. Das Land Sachsen-Anhalt hat uns mit einem Arbeitsstipendium gef\u00f6rdert. Mareike Arntz, Biesenthal, Sachsen-Anhalt","og_url":"https:\/\/blog.zeit.de\/zeit-der-leser\/2013\/08\/12\/aus-meinem-garten-13\/","og_site_name":"ZEIT der Leser","article_published_time":"2013-08-12T13:00:55+00:00","article_modified_time":"2013-08-12T13:01:18+00:00","author":"\"Zeit der Leser\"-Redaktion","twitter_card":"summary_large_image","twitter_misc":{"Geschrieben von":"\"Zeit der Leser\"-Redaktion"},"schema":{"@context":"https:\/\/schema.org","@graph":[{"@type":"WebPage","@id":"https:\/\/blog.zeit.de\/zeit-der-leser\/2013\/08\/12\/aus-meinem-garten-13\/","url":"https:\/\/blog.zeit.de\/zeit-der-leser\/2013\/08\/12\/aus-meinem-garten-13\/","name":"Aus meinem Garten - ZEIT der Leser","isPartOf":{"@id":"https:\/\/blog.zeit.de\/zeit-der-leser\/#website"},"datePublished":"2013-08-12T13:00:55+00:00","dateModified":"2013-08-12T13:01:18+00:00","author":{"@id":"https:\/\/blog.zeit.de\/zeit-der-leser\/#\/schema\/person\/583b14e5ad6368c23af846ecbde9f20f"},"breadcrumb":{"@id":"https:\/\/blog.zeit.de\/zeit-der-leser\/2013\/08\/12\/aus-meinem-garten-13\/#breadcrumb"},"inLanguage":"de","potentialAction":[{"@type":"ReadAction","target":["https:\/\/blog.zeit.de\/zeit-der-leser\/2013\/08\/12\/aus-meinem-garten-13\/"]}]},{"@type":"BreadcrumbList","@id":"https:\/\/blog.zeit.de\/zeit-der-leser\/2013\/08\/12\/aus-meinem-garten-13\/#breadcrumb","itemListElement":[{"@type":"ListItem","position":1,"name":"Startseite","item":"https:\/\/blog.zeit.de\/zeit-der-leser\/"},{"@type":"ListItem","position":2,"name":"Aus meinem Garten"}]},{"@type":"WebSite","@id":"https:\/\/blog.zeit.de\/zeit-der-leser\/#website","url":"https:\/\/blog.zeit.de\/zeit-der-leser\/","name":"ZEIT der Leser","description":"Ein Blog mit Ihren Notizen, Gedichten und Bildern f\u00fcr die gedruckte ZEIT","potentialAction":[{"@type":"SearchAction","target":{"@type":"EntryPoint","urlTemplate":"https:\/\/blog.zeit.de\/zeit-der-leser\/?s={search_term_string}"},"query-input":"required name=search_term_string"}],"inLanguage":"de"},{"@type":"Person","@id":"https:\/\/blog.zeit.de\/zeit-der-leser\/#\/schema\/person\/583b14e5ad6368c23af846ecbde9f20f","name":"\"Zeit der Leser\"-Redaktion","image":{"@type":"ImageObject","inLanguage":"de","@id":"https:\/\/blog.zeit.de\/zeit-der-leser\/#\/schema\/person\/image\/","url":"https:\/\/secure.gravatar.com\/avatar\/e801a681bd3bbf2345131a815930b48d9f8e0a94de1346b624840dc850f67ad0?s=96&d=mm&r=g","contentUrl":"https:\/\/secure.gravatar.com\/avatar\/e801a681bd3bbf2345131a815930b48d9f8e0a94de1346b624840dc850f67ad0?s=96&d=mm&r=g","caption":"\"Zeit der Leser\"-Redaktion"},"url":"https:\/\/blog.zeit.de\/zeit-der-leser\/author\/zeit-der-leser-redaktion\/"}]}},"jetpack_featured_media_url":"","jetpack_sharing_enabled":true,"_links":{"self":[{"href":"https:\/\/blog.zeit.de\/zeit-der-leser\/wp-json\/wp\/v2\/posts\/14503","targetHints":{"allow":["GET"]}}],"collection":[{"href":"https:\/\/blog.zeit.de\/zeit-der-leser\/wp-json\/wp\/v2\/posts"}],"about":[{"href":"https:\/\/blog.zeit.de\/zeit-der-leser\/wp-json\/wp\/v2\/types\/post"}],"author":[{"embeddable":true,"href":"https:\/\/blog.zeit.de\/zeit-der-leser\/wp-json\/wp\/v2\/users\/265"}],"replies":[{"embeddable":true,"href":"https:\/\/blog.zeit.de\/zeit-der-leser\/wp-json\/wp\/v2\/comments?post=14503"}],"version-history":[{"count":3,"href":"https:\/\/blog.zeit.de\/zeit-der-leser\/wp-json\/wp\/v2\/posts\/14503\/revisions"}],"predecessor-version":[{"id":14557,"href":"https:\/\/blog.zeit.de\/zeit-der-leser\/wp-json\/wp\/v2\/posts\/14503\/revisions\/14557"}],"wp:attachment":[{"href":"https:\/\/blog.zeit.de\/zeit-der-leser\/wp-json\/wp\/v2\/media?parent=14503"}],"wp:term":[{"taxonomy":"category","embeddable":true,"href":"https:\/\/blog.zeit.de\/zeit-der-leser\/wp-json\/wp\/v2\/categories?post=14503"},{"taxonomy":"post_tag","embeddable":true,"href":"https:\/\/blog.zeit.de\/zeit-der-leser\/wp-json\/wp\/v2\/tags?post=14503"}],"curies":[{"name":"wp","href":"https:\/\/api.w.org\/{rel}","templated":true}]}}