{"id":14511,"date":"2013-08-13T15:00:36","date_gmt":"2013-08-13T13:00:36","guid":{"rendered":"http:\/\/blog.zeit.de\/zeit-der-leser\/?p=14511"},"modified":"2013-08-13T15:01:08","modified_gmt":"2013-08-13T13:01:08","slug":"zeitsprung-die-kraft-der-natur","status":"publish","type":"post","link":"https:\/\/blog.zeit.de\/zeit-der-leser\/2013\/08\/13\/zeitsprung-die-kraft-der-natur\/","title":{"rendered":"Zeitsprung: Die Kraft der Natur"},"content":{"rendered":"<div>\n<p><a href=\"https:\/\/blog.zeit.de\/zeit-der-leser\/2013\/08\/11\/die-bezugskarte\/s70-zeitsprung-2-2\/\" rel=\"attachment wp-att-14496\"><img loading=\"lazy\" decoding=\"async\" class=\"alignleft size-full wp-image-14496\" alt=\"s70-zeitsprung-2\" src=\"https:\/\/blog.zeit.de\/zeit-der-leser\/files\/2013\/08\/s70-zeitsprung-2.jpg\" width=\"580\" height=\"750\" srcset=\"https:\/\/blog.zeit.de\/zeit-der-leser\/files\/2013\/08\/s70-zeitsprung-2.jpg 580w, https:\/\/blog.zeit.de\/zeit-der-leser\/files\/2013\/08\/s70-zeitsprung-2-232x300.jpg 232w\" sizes=\"auto, (max-width: 580px) 100vw, 580px\" \/><\/a> <a href=\"https:\/\/blog.zeit.de\/zeit-der-leser\/2013\/08\/11\/die-bezugskarte\/s70-zeitsprung-1-2\/\" rel=\"attachment wp-att-14495\"><img loading=\"lazy\" decoding=\"async\" class=\"alignleft size-full wp-image-14495\" alt=\"s70-zeitsprung-1\" src=\"https:\/\/blog.zeit.de\/zeit-der-leser\/files\/2013\/08\/s70-zeitsprung-1.jpg\" width=\"580\" height=\"750\" srcset=\"https:\/\/blog.zeit.de\/zeit-der-leser\/files\/2013\/08\/s70-zeitsprung-1.jpg 580w, https:\/\/blog.zeit.de\/zeit-der-leser\/files\/2013\/08\/s70-zeitsprung-1-232x300.jpg 232w\" sizes=\"auto, (max-width: 580px) 100vw, 580px\" \/><\/a><\/p>\n<p>Im Herbst 2012 haben Fachleute die Weide auf meiner Wiese beschnitten. Danach tat mir der Baum leid: Ich wollte nicht glauben, dass er schon bald wieder seine beeindruckende Krone tragen w\u00fcrde. Aber jetzt, neun Monate sp\u00e4ter, freue ich mich sehr dar\u00fcber, dass die Weide gesund ist und ein pr\u00e4chtiges Laubwerk gebildet hat. So dicht wird es nie wieder sein, wenn die \u00c4ste nachgewachsen sind. Daf\u00fcr wird der Baum zu alter Gr\u00f6\u00dfe finden.<\/p>\n<p><strong>Wolfgang Stein<\/strong>, Magdeburg<\/p>\n<\/div>\n","protected":false},"excerpt":{"rendered":"<p>Im Herbst 2012 haben Fachleute die Weide auf meiner Wiese beschnitten. Danach tat mir der Baum leid: Ich wollte nicht glauben, dass er schon bald wieder seine beeindruckende Krone tragen w\u00fcrde. Aber jetzt, neun Monate sp\u00e4ter, freue ich mich sehr dar\u00fcber, dass die Weide gesund ist und ein pr\u00e4chtiges Laubwerk gebildet hat. So dicht wird [&hellip;]<\/p>\n","protected":false},"author":265,"featured_media":0,"comment_status":"open","ping_status":"open","sticky":false,"template":"","format":"standard","meta":{"_jetpack_memberships_contains_paid_content":false,"footnotes":""},"categories":[1878],"tags":[],"class_list":["post-14511","post","type-post","status-publish","format-standard","hentry","category-zeitsprung"],"yoast_head":"<!-- This site is optimized with the Yoast SEO plugin v21.0 - https:\/\/yoast.com\/wordpress\/plugins\/seo\/ -->\n<title>Zeitsprung: Die Kraft der Natur - ZEIT der Leser<\/title>\n<meta name=\"robots\" content=\"index, follow, max-snippet:-1, max-image-preview:large, max-video-preview:-1\" \/>\n<link rel=\"canonical\" href=\"https:\/\/blog.zeit.de\/zeit-der-leser\/2013\/08\/13\/zeitsprung-die-kraft-der-natur\/\" \/>\n<meta property=\"og:locale\" content=\"de_DE\" \/>\n<meta property=\"og:type\" content=\"article\" \/>\n<meta property=\"og:title\" content=\"Zeitsprung: Die Kraft der Natur - ZEIT der Leser\" \/>\n<meta property=\"og:description\" content=\"Im Herbst 2012 haben Fachleute die Weide auf meiner Wiese beschnitten. Danach tat mir der Baum leid: Ich wollte nicht glauben, dass er schon bald wieder seine beeindruckende Krone tragen w\u00fcrde. Aber jetzt, neun Monate sp\u00e4ter, freue ich mich sehr dar\u00fcber, dass die Weide gesund ist und ein pr\u00e4chtiges Laubwerk gebildet hat. So dicht wird [&hellip;]\" \/>\n<meta property=\"og:url\" content=\"https:\/\/blog.zeit.de\/zeit-der-leser\/2013\/08\/13\/zeitsprung-die-kraft-der-natur\/\" \/>\n<meta property=\"og:site_name\" content=\"ZEIT der Leser\" \/>\n<meta property=\"article:published_time\" content=\"2013-08-13T13:00:36+00:00\" \/>\n<meta property=\"article:modified_time\" content=\"2013-08-13T13:01:08+00:00\" \/>\n<meta property=\"og:image\" content=\"https:\/\/blog.zeit.de\/zeit-der-leser\/files\/2013\/08\/s70-zeitsprung-2.jpg\" \/>\n<meta name=\"author\" content=\"&quot;Zeit der Leser&quot;-Redaktion\" \/>\n<meta name=\"twitter:card\" content=\"summary_large_image\" \/>\n<meta name=\"twitter:label1\" content=\"Geschrieben von\" \/>\n\t<meta name=\"twitter:data1\" content=\"\"Zeit der Leser\"-Redaktion\" \/>\n<script type=\"application\/ld+json\" class=\"yoast-schema-graph\">{\"@context\":\"https:\/\/schema.org\",\"@graph\":[{\"@type\":\"WebPage\",\"@id\":\"https:\/\/blog.zeit.de\/zeit-der-leser\/2013\/08\/13\/zeitsprung-die-kraft-der-natur\/\",\"url\":\"https:\/\/blog.zeit.de\/zeit-der-leser\/2013\/08\/13\/zeitsprung-die-kraft-der-natur\/\",\"name\":\"Zeitsprung: Die Kraft der Natur - ZEIT der Leser\",\"isPartOf\":{\"@id\":\"https:\/\/blog.zeit.de\/zeit-der-leser\/#website\"},\"datePublished\":\"2013-08-13T13:00:36+00:00\",\"dateModified\":\"2013-08-13T13:01:08+00:00\",\"author\":{\"@id\":\"https:\/\/blog.zeit.de\/zeit-der-leser\/#\/schema\/person\/583b14e5ad6368c23af846ecbde9f20f\"},\"breadcrumb\":{\"@id\":\"https:\/\/blog.zeit.de\/zeit-der-leser\/2013\/08\/13\/zeitsprung-die-kraft-der-natur\/#breadcrumb\"},\"inLanguage\":\"de\",\"potentialAction\":[{\"@type\":\"ReadAction\",\"target\":[\"https:\/\/blog.zeit.de\/zeit-der-leser\/2013\/08\/13\/zeitsprung-die-kraft-der-natur\/\"]}]},{\"@type\":\"BreadcrumbList\",\"@id\":\"https:\/\/blog.zeit.de\/zeit-der-leser\/2013\/08\/13\/zeitsprung-die-kraft-der-natur\/#breadcrumb\",\"itemListElement\":[{\"@type\":\"ListItem\",\"position\":1,\"name\":\"Startseite\",\"item\":\"https:\/\/blog.zeit.de\/zeit-der-leser\/\"},{\"@type\":\"ListItem\",\"position\":2,\"name\":\"Zeitsprung: Die Kraft der Natur\"}]},{\"@type\":\"WebSite\",\"@id\":\"https:\/\/blog.zeit.de\/zeit-der-leser\/#website\",\"url\":\"https:\/\/blog.zeit.de\/zeit-der-leser\/\",\"name\":\"ZEIT der Leser\",\"description\":\"Ein Blog mit Ihren Notizen, Gedichten und Bildern f\u00fcr die gedruckte ZEIT\",\"potentialAction\":[{\"@type\":\"SearchAction\",\"target\":{\"@type\":\"EntryPoint\",\"urlTemplate\":\"https:\/\/blog.zeit.de\/zeit-der-leser\/?s={search_term_string}\"},\"query-input\":\"required name=search_term_string\"}],\"inLanguage\":\"de\"},{\"@type\":\"Person\",\"@id\":\"https:\/\/blog.zeit.de\/zeit-der-leser\/#\/schema\/person\/583b14e5ad6368c23af846ecbde9f20f\",\"name\":\"\\\"Zeit der Leser\\\"-Redaktion\",\"image\":{\"@type\":\"ImageObject\",\"inLanguage\":\"de\",\"@id\":\"https:\/\/blog.zeit.de\/zeit-der-leser\/#\/schema\/person\/image\/\",\"url\":\"https:\/\/secure.gravatar.com\/avatar\/e801a681bd3bbf2345131a815930b48d9f8e0a94de1346b624840dc850f67ad0?s=96&d=mm&r=g\",\"contentUrl\":\"https:\/\/secure.gravatar.com\/avatar\/e801a681bd3bbf2345131a815930b48d9f8e0a94de1346b624840dc850f67ad0?s=96&d=mm&r=g\",\"caption\":\"\\\"Zeit der Leser\\\"-Redaktion\"},\"url\":\"https:\/\/blog.zeit.de\/zeit-der-leser\/author\/zeit-der-leser-redaktion\/\"}]}<\/script>\n<!-- \/ Yoast SEO plugin. -->","yoast_head_json":{"title":"Zeitsprung: Die Kraft der Natur - ZEIT der Leser","robots":{"index":"index","follow":"follow","max-snippet":"max-snippet:-1","max-image-preview":"max-image-preview:large","max-video-preview":"max-video-preview:-1"},"canonical":"https:\/\/blog.zeit.de\/zeit-der-leser\/2013\/08\/13\/zeitsprung-die-kraft-der-natur\/","og_locale":"de_DE","og_type":"article","og_title":"Zeitsprung: Die Kraft der Natur - ZEIT der Leser","og_description":"Im Herbst 2012 haben Fachleute die Weide auf meiner Wiese beschnitten. Danach tat mir der Baum leid: Ich wollte nicht glauben, dass er schon bald wieder seine beeindruckende Krone tragen w\u00fcrde. Aber jetzt, neun Monate sp\u00e4ter, freue ich mich sehr dar\u00fcber, dass die Weide gesund ist und ein pr\u00e4chtiges Laubwerk gebildet hat. So dicht wird [&hellip;]","og_url":"https:\/\/blog.zeit.de\/zeit-der-leser\/2013\/08\/13\/zeitsprung-die-kraft-der-natur\/","og_site_name":"ZEIT der Leser","article_published_time":"2013-08-13T13:00:36+00:00","article_modified_time":"2013-08-13T13:01:08+00:00","og_image":[{"url":"https:\/\/blog.zeit.de\/zeit-der-leser\/files\/2013\/08\/s70-zeitsprung-2.jpg"}],"author":"\"Zeit der Leser\"-Redaktion","twitter_card":"summary_large_image","twitter_misc":{"Geschrieben von":"\"Zeit der Leser\"-Redaktion"},"schema":{"@context":"https:\/\/schema.org","@graph":[{"@type":"WebPage","@id":"https:\/\/blog.zeit.de\/zeit-der-leser\/2013\/08\/13\/zeitsprung-die-kraft-der-natur\/","url":"https:\/\/blog.zeit.de\/zeit-der-leser\/2013\/08\/13\/zeitsprung-die-kraft-der-natur\/","name":"Zeitsprung: Die Kraft der Natur - ZEIT der Leser","isPartOf":{"@id":"https:\/\/blog.zeit.de\/zeit-der-leser\/#website"},"datePublished":"2013-08-13T13:00:36+00:00","dateModified":"2013-08-13T13:01:08+00:00","author":{"@id":"https:\/\/blog.zeit.de\/zeit-der-leser\/#\/schema\/person\/583b14e5ad6368c23af846ecbde9f20f"},"breadcrumb":{"@id":"https:\/\/blog.zeit.de\/zeit-der-leser\/2013\/08\/13\/zeitsprung-die-kraft-der-natur\/#breadcrumb"},"inLanguage":"de","potentialAction":[{"@type":"ReadAction","target":["https:\/\/blog.zeit.de\/zeit-der-leser\/2013\/08\/13\/zeitsprung-die-kraft-der-natur\/"]}]},{"@type":"BreadcrumbList","@id":"https:\/\/blog.zeit.de\/zeit-der-leser\/2013\/08\/13\/zeitsprung-die-kraft-der-natur\/#breadcrumb","itemListElement":[{"@type":"ListItem","position":1,"name":"Startseite","item":"https:\/\/blog.zeit.de\/zeit-der-leser\/"},{"@type":"ListItem","position":2,"name":"Zeitsprung: Die Kraft der Natur"}]},{"@type":"WebSite","@id":"https:\/\/blog.zeit.de\/zeit-der-leser\/#website","url":"https:\/\/blog.zeit.de\/zeit-der-leser\/","name":"ZEIT der Leser","description":"Ein Blog mit Ihren Notizen, Gedichten und Bildern f\u00fcr die gedruckte ZEIT","potentialAction":[{"@type":"SearchAction","target":{"@type":"EntryPoint","urlTemplate":"https:\/\/blog.zeit.de\/zeit-der-leser\/?s={search_term_string}"},"query-input":"required name=search_term_string"}],"inLanguage":"de"},{"@type":"Person","@id":"https:\/\/blog.zeit.de\/zeit-der-leser\/#\/schema\/person\/583b14e5ad6368c23af846ecbde9f20f","name":"\"Zeit der Leser\"-Redaktion","image":{"@type":"ImageObject","inLanguage":"de","@id":"https:\/\/blog.zeit.de\/zeit-der-leser\/#\/schema\/person\/image\/","url":"https:\/\/secure.gravatar.com\/avatar\/e801a681bd3bbf2345131a815930b48d9f8e0a94de1346b624840dc850f67ad0?s=96&d=mm&r=g","contentUrl":"https:\/\/secure.gravatar.com\/avatar\/e801a681bd3bbf2345131a815930b48d9f8e0a94de1346b624840dc850f67ad0?s=96&d=mm&r=g","caption":"\"Zeit der Leser\"-Redaktion"},"url":"https:\/\/blog.zeit.de\/zeit-der-leser\/author\/zeit-der-leser-redaktion\/"}]}},"jetpack_featured_media_url":"","jetpack_sharing_enabled":true,"_links":{"self":[{"href":"https:\/\/blog.zeit.de\/zeit-der-leser\/wp-json\/wp\/v2\/posts\/14511","targetHints":{"allow":["GET"]}}],"collection":[{"href":"https:\/\/blog.zeit.de\/zeit-der-leser\/wp-json\/wp\/v2\/posts"}],"about":[{"href":"https:\/\/blog.zeit.de\/zeit-der-leser\/wp-json\/wp\/v2\/types\/post"}],"author":[{"embeddable":true,"href":"https:\/\/blog.zeit.de\/zeit-der-leser\/wp-json\/wp\/v2\/users\/265"}],"replies":[{"embeddable":true,"href":"https:\/\/blog.zeit.de\/zeit-der-leser\/wp-json\/wp\/v2\/comments?post=14511"}],"version-history":[{"count":3,"href":"https:\/\/blog.zeit.de\/zeit-der-leser\/wp-json\/wp\/v2\/posts\/14511\/revisions"}],"predecessor-version":[{"id":14513,"href":"https:\/\/blog.zeit.de\/zeit-der-leser\/wp-json\/wp\/v2\/posts\/14511\/revisions\/14513"}],"wp:attachment":[{"href":"https:\/\/blog.zeit.de\/zeit-der-leser\/wp-json\/wp\/v2\/media?parent=14511"}],"wp:term":[{"taxonomy":"category","embeddable":true,"href":"https:\/\/blog.zeit.de\/zeit-der-leser\/wp-json\/wp\/v2\/categories?post=14511"},{"taxonomy":"post_tag","embeddable":true,"href":"https:\/\/blog.zeit.de\/zeit-der-leser\/wp-json\/wp\/v2\/tags?post=14511"}],"curies":[{"name":"wp","href":"https:\/\/api.w.org\/{rel}","templated":true}]}}