{"id":14544,"date":"2013-08-16T15:00:55","date_gmt":"2013-08-16T13:00:55","guid":{"rendered":"http:\/\/blog.zeit.de\/zeit-der-leser\/?p=14544"},"modified":"2013-08-16T15:01:09","modified_gmt":"2013-08-16T13:01:09","slug":"aus-meinem-garten-14","status":"publish","type":"post","link":"https:\/\/blog.zeit.de\/zeit-der-leser\/2013\/08\/16\/aus-meinem-garten-14\/","title":{"rendered":"Aus meinem Garten"},"content":{"rendered":"<div>\n<div>\n<div>\n<p><a href=\"https:\/\/blog.zeit.de\/zeit-der-leser\/2013\/08\/16\/aus-meinem-garten-14\/s78-blume\/\" rel=\"attachment wp-att-14553\"><img loading=\"lazy\" decoding=\"async\" class=\"alignleft size-full wp-image-14553\" alt=\"s78-blume\" src=\"https:\/\/blog.zeit.de\/zeit-der-leser\/files\/2013\/08\/s78-blume.jpg\" width=\"580\" height=\"387\" srcset=\"https:\/\/blog.zeit.de\/zeit-der-leser\/files\/2013\/08\/s78-blume.jpg 580w, https:\/\/blog.zeit.de\/zeit-der-leser\/files\/2013\/08\/s78-blume-300x200.jpg 300w\" sizes=\"auto, (max-width: 580px) 100vw, 580px\" \/><\/a><\/p>\n<p>Die Stockrosen bl\u00fchen! Mit ihren fein ge\u00e4derten, zartrosafarbenen Bl\u00e4ttern \u00f6ffnen sich die Bl\u00fcten ganz zur Sonne hin. Ich hatte die samen im garten meiner gro\u00df- mutter gesammelt \u2013 wohl wissend, wie krank sie ist und dass sie bald vergangen sein w\u00fcrde, zusammen mit ihrem wunderbaren Blumengarten. Im vergangenen Jahr habe ich die samen auf meinem Balkon in die Erde gegeben. Bald wuchsen die kleinen Spr\u00f6sslinge zu gr\u00fcnen Pfl\u00e4nzchen heran, und einige von ihnen \u00fcberstanden sogar den langen Winter drau\u00dfen, um schlie\u00dflich, in ihrem zweiten Jahr, zu bl\u00fchen \u2013 genau ein halbes Jahr nach dem Tod meiner Gro\u00dfmutter.<\/p>\n<p><strong>Franciska Klein<\/strong>, Freiburg im Breisgau<\/p>\n<\/div>\n<\/div>\n<\/div>\n","protected":false},"excerpt":{"rendered":"<p>Die Stockrosen bl\u00fchen! Mit ihren fein ge\u00e4derten, zartrosafarbenen Bl\u00e4ttern \u00f6ffnen sich die Bl\u00fcten ganz zur Sonne hin. Ich hatte die samen im garten meiner gro\u00df- mutter gesammelt \u2013 wohl wissend, wie krank sie ist und dass sie bald vergangen sein w\u00fcrde, zusammen mit ihrem wunderbaren Blumengarten. Im vergangenen Jahr habe ich die samen auf meinem [&hellip;]<\/p>\n","protected":false},"author":265,"featured_media":0,"comment_status":"open","ping_status":"open","sticky":false,"template":"","format":"standard","meta":{"_jetpack_memberships_contains_paid_content":false,"footnotes":""},"categories":[1871],"tags":[],"class_list":["post-14544","post","type-post","status-publish","format-standard","hentry","category-was-mein-leben-reicher-macht"],"yoast_head":"<!-- This site is optimized with the Yoast SEO plugin v21.0 - https:\/\/yoast.com\/wordpress\/plugins\/seo\/ -->\n<title>Aus meinem Garten - ZEIT der Leser<\/title>\n<meta name=\"robots\" content=\"index, follow, max-snippet:-1, max-image-preview:large, max-video-preview:-1\" \/>\n<link rel=\"canonical\" href=\"https:\/\/blog.zeit.de\/zeit-der-leser\/2013\/08\/16\/aus-meinem-garten-14\/\" \/>\n<meta property=\"og:locale\" content=\"de_DE\" \/>\n<meta property=\"og:type\" content=\"article\" \/>\n<meta property=\"og:title\" content=\"Aus meinem Garten - ZEIT der Leser\" \/>\n<meta property=\"og:description\" content=\"Die Stockrosen bl\u00fchen! Mit ihren fein ge\u00e4derten, zartrosafarbenen Bl\u00e4ttern \u00f6ffnen sich die Bl\u00fcten ganz zur Sonne hin. Ich hatte die samen im garten meiner gro\u00df- mutter gesammelt \u2013 wohl wissend, wie krank sie ist und dass sie bald vergangen sein w\u00fcrde, zusammen mit ihrem wunderbaren Blumengarten. Im vergangenen Jahr habe ich die samen auf meinem [&hellip;]\" \/>\n<meta property=\"og:url\" content=\"https:\/\/blog.zeit.de\/zeit-der-leser\/2013\/08\/16\/aus-meinem-garten-14\/\" \/>\n<meta property=\"og:site_name\" content=\"ZEIT der Leser\" \/>\n<meta property=\"article:published_time\" content=\"2013-08-16T13:00:55+00:00\" \/>\n<meta property=\"article:modified_time\" content=\"2013-08-16T13:01:09+00:00\" \/>\n<meta property=\"og:image\" content=\"https:\/\/blog.zeit.de\/zeit-der-leser\/files\/2013\/08\/s78-blume.jpg\" \/>\n<meta name=\"author\" content=\"&quot;Zeit der Leser&quot;-Redaktion\" \/>\n<meta name=\"twitter:card\" content=\"summary_large_image\" \/>\n<meta name=\"twitter:label1\" content=\"Geschrieben von\" \/>\n\t<meta name=\"twitter:data1\" content=\"\"Zeit der Leser\"-Redaktion\" \/>\n\t<meta name=\"twitter:label2\" content=\"Gesch\u00e4tzte Lesezeit\" \/>\n\t<meta name=\"twitter:data2\" content=\"1\u00a0Minute\" \/>\n<script type=\"application\/ld+json\" class=\"yoast-schema-graph\">{\"@context\":\"https:\/\/schema.org\",\"@graph\":[{\"@type\":\"WebPage\",\"@id\":\"https:\/\/blog.zeit.de\/zeit-der-leser\/2013\/08\/16\/aus-meinem-garten-14\/\",\"url\":\"https:\/\/blog.zeit.de\/zeit-der-leser\/2013\/08\/16\/aus-meinem-garten-14\/\",\"name\":\"Aus meinem Garten - ZEIT der Leser\",\"isPartOf\":{\"@id\":\"https:\/\/blog.zeit.de\/zeit-der-leser\/#website\"},\"datePublished\":\"2013-08-16T13:00:55+00:00\",\"dateModified\":\"2013-08-16T13:01:09+00:00\",\"author\":{\"@id\":\"https:\/\/blog.zeit.de\/zeit-der-leser\/#\/schema\/person\/583b14e5ad6368c23af846ecbde9f20f\"},\"breadcrumb\":{\"@id\":\"https:\/\/blog.zeit.de\/zeit-der-leser\/2013\/08\/16\/aus-meinem-garten-14\/#breadcrumb\"},\"inLanguage\":\"de\",\"potentialAction\":[{\"@type\":\"ReadAction\",\"target\":[\"https:\/\/blog.zeit.de\/zeit-der-leser\/2013\/08\/16\/aus-meinem-garten-14\/\"]}]},{\"@type\":\"BreadcrumbList\",\"@id\":\"https:\/\/blog.zeit.de\/zeit-der-leser\/2013\/08\/16\/aus-meinem-garten-14\/#breadcrumb\",\"itemListElement\":[{\"@type\":\"ListItem\",\"position\":1,\"name\":\"Startseite\",\"item\":\"https:\/\/blog.zeit.de\/zeit-der-leser\/\"},{\"@type\":\"ListItem\",\"position\":2,\"name\":\"Aus meinem Garten\"}]},{\"@type\":\"WebSite\",\"@id\":\"https:\/\/blog.zeit.de\/zeit-der-leser\/#website\",\"url\":\"https:\/\/blog.zeit.de\/zeit-der-leser\/\",\"name\":\"ZEIT der Leser\",\"description\":\"Ein Blog mit Ihren Notizen, Gedichten und Bildern f\u00fcr die gedruckte ZEIT\",\"potentialAction\":[{\"@type\":\"SearchAction\",\"target\":{\"@type\":\"EntryPoint\",\"urlTemplate\":\"https:\/\/blog.zeit.de\/zeit-der-leser\/?s={search_term_string}\"},\"query-input\":\"required name=search_term_string\"}],\"inLanguage\":\"de\"},{\"@type\":\"Person\",\"@id\":\"https:\/\/blog.zeit.de\/zeit-der-leser\/#\/schema\/person\/583b14e5ad6368c23af846ecbde9f20f\",\"name\":\"\\\"Zeit der Leser\\\"-Redaktion\",\"image\":{\"@type\":\"ImageObject\",\"inLanguage\":\"de\",\"@id\":\"https:\/\/blog.zeit.de\/zeit-der-leser\/#\/schema\/person\/image\/\",\"url\":\"https:\/\/secure.gravatar.com\/avatar\/e801a681bd3bbf2345131a815930b48d9f8e0a94de1346b624840dc850f67ad0?s=96&d=mm&r=g\",\"contentUrl\":\"https:\/\/secure.gravatar.com\/avatar\/e801a681bd3bbf2345131a815930b48d9f8e0a94de1346b624840dc850f67ad0?s=96&d=mm&r=g\",\"caption\":\"\\\"Zeit der Leser\\\"-Redaktion\"},\"url\":\"https:\/\/blog.zeit.de\/zeit-der-leser\/author\/zeit-der-leser-redaktion\/\"}]}<\/script>\n<!-- \/ Yoast SEO plugin. -->","yoast_head_json":{"title":"Aus meinem Garten - ZEIT der Leser","robots":{"index":"index","follow":"follow","max-snippet":"max-snippet:-1","max-image-preview":"max-image-preview:large","max-video-preview":"max-video-preview:-1"},"canonical":"https:\/\/blog.zeit.de\/zeit-der-leser\/2013\/08\/16\/aus-meinem-garten-14\/","og_locale":"de_DE","og_type":"article","og_title":"Aus meinem Garten - ZEIT der Leser","og_description":"Die Stockrosen bl\u00fchen! Mit ihren fein ge\u00e4derten, zartrosafarbenen Bl\u00e4ttern \u00f6ffnen sich die Bl\u00fcten ganz zur Sonne hin. Ich hatte die samen im garten meiner gro\u00df- mutter gesammelt \u2013 wohl wissend, wie krank sie ist und dass sie bald vergangen sein w\u00fcrde, zusammen mit ihrem wunderbaren Blumengarten. Im vergangenen Jahr habe ich die samen auf meinem [&hellip;]","og_url":"https:\/\/blog.zeit.de\/zeit-der-leser\/2013\/08\/16\/aus-meinem-garten-14\/","og_site_name":"ZEIT der Leser","article_published_time":"2013-08-16T13:00:55+00:00","article_modified_time":"2013-08-16T13:01:09+00:00","og_image":[{"url":"https:\/\/blog.zeit.de\/zeit-der-leser\/files\/2013\/08\/s78-blume.jpg"}],"author":"\"Zeit der Leser\"-Redaktion","twitter_card":"summary_large_image","twitter_misc":{"Geschrieben von":"\"Zeit der Leser\"-Redaktion","Gesch\u00e4tzte Lesezeit":"1\u00a0Minute"},"schema":{"@context":"https:\/\/schema.org","@graph":[{"@type":"WebPage","@id":"https:\/\/blog.zeit.de\/zeit-der-leser\/2013\/08\/16\/aus-meinem-garten-14\/","url":"https:\/\/blog.zeit.de\/zeit-der-leser\/2013\/08\/16\/aus-meinem-garten-14\/","name":"Aus meinem Garten - ZEIT der Leser","isPartOf":{"@id":"https:\/\/blog.zeit.de\/zeit-der-leser\/#website"},"datePublished":"2013-08-16T13:00:55+00:00","dateModified":"2013-08-16T13:01:09+00:00","author":{"@id":"https:\/\/blog.zeit.de\/zeit-der-leser\/#\/schema\/person\/583b14e5ad6368c23af846ecbde9f20f"},"breadcrumb":{"@id":"https:\/\/blog.zeit.de\/zeit-der-leser\/2013\/08\/16\/aus-meinem-garten-14\/#breadcrumb"},"inLanguage":"de","potentialAction":[{"@type":"ReadAction","target":["https:\/\/blog.zeit.de\/zeit-der-leser\/2013\/08\/16\/aus-meinem-garten-14\/"]}]},{"@type":"BreadcrumbList","@id":"https:\/\/blog.zeit.de\/zeit-der-leser\/2013\/08\/16\/aus-meinem-garten-14\/#breadcrumb","itemListElement":[{"@type":"ListItem","position":1,"name":"Startseite","item":"https:\/\/blog.zeit.de\/zeit-der-leser\/"},{"@type":"ListItem","position":2,"name":"Aus meinem Garten"}]},{"@type":"WebSite","@id":"https:\/\/blog.zeit.de\/zeit-der-leser\/#website","url":"https:\/\/blog.zeit.de\/zeit-der-leser\/","name":"ZEIT der Leser","description":"Ein Blog mit Ihren Notizen, Gedichten und Bildern f\u00fcr die gedruckte ZEIT","potentialAction":[{"@type":"SearchAction","target":{"@type":"EntryPoint","urlTemplate":"https:\/\/blog.zeit.de\/zeit-der-leser\/?s={search_term_string}"},"query-input":"required name=search_term_string"}],"inLanguage":"de"},{"@type":"Person","@id":"https:\/\/blog.zeit.de\/zeit-der-leser\/#\/schema\/person\/583b14e5ad6368c23af846ecbde9f20f","name":"\"Zeit der Leser\"-Redaktion","image":{"@type":"ImageObject","inLanguage":"de","@id":"https:\/\/blog.zeit.de\/zeit-der-leser\/#\/schema\/person\/image\/","url":"https:\/\/secure.gravatar.com\/avatar\/e801a681bd3bbf2345131a815930b48d9f8e0a94de1346b624840dc850f67ad0?s=96&d=mm&r=g","contentUrl":"https:\/\/secure.gravatar.com\/avatar\/e801a681bd3bbf2345131a815930b48d9f8e0a94de1346b624840dc850f67ad0?s=96&d=mm&r=g","caption":"\"Zeit der Leser\"-Redaktion"},"url":"https:\/\/blog.zeit.de\/zeit-der-leser\/author\/zeit-der-leser-redaktion\/"}]}},"jetpack_featured_media_url":"","jetpack_sharing_enabled":true,"_links":{"self":[{"href":"https:\/\/blog.zeit.de\/zeit-der-leser\/wp-json\/wp\/v2\/posts\/14544","targetHints":{"allow":["GET"]}}],"collection":[{"href":"https:\/\/blog.zeit.de\/zeit-der-leser\/wp-json\/wp\/v2\/posts"}],"about":[{"href":"https:\/\/blog.zeit.de\/zeit-der-leser\/wp-json\/wp\/v2\/types\/post"}],"author":[{"embeddable":true,"href":"https:\/\/blog.zeit.de\/zeit-der-leser\/wp-json\/wp\/v2\/users\/265"}],"replies":[{"embeddable":true,"href":"https:\/\/blog.zeit.de\/zeit-der-leser\/wp-json\/wp\/v2\/comments?post=14544"}],"version-history":[{"count":4,"href":"https:\/\/blog.zeit.de\/zeit-der-leser\/wp-json\/wp\/v2\/posts\/14544\/revisions"}],"predecessor-version":[{"id":14554,"href":"https:\/\/blog.zeit.de\/zeit-der-leser\/wp-json\/wp\/v2\/posts\/14544\/revisions\/14554"}],"wp:attachment":[{"href":"https:\/\/blog.zeit.de\/zeit-der-leser\/wp-json\/wp\/v2\/media?parent=14544"}],"wp:term":[{"taxonomy":"category","embeddable":true,"href":"https:\/\/blog.zeit.de\/zeit-der-leser\/wp-json\/wp\/v2\/categories?post=14544"},{"taxonomy":"post_tag","embeddable":true,"href":"https:\/\/blog.zeit.de\/zeit-der-leser\/wp-json\/wp\/v2\/tags?post=14544"}],"curies":[{"name":"wp","href":"https:\/\/api.w.org\/{rel}","templated":true}]}}