{"id":14558,"date":"2013-08-17T12:00:13","date_gmt":"2013-08-17T10:00:13","guid":{"rendered":"http:\/\/blog.zeit.de\/zeit-der-leser\/?p=14558"},"modified":"2015-02-20T12:54:46","modified_gmt":"2015-02-20T11:54:46","slug":"mein-wort-schatz-fabelschoen","status":"publish","type":"post","link":"https:\/\/blog.zeit.de\/zeit-der-leser\/2013\/08\/17\/mein-wort-schatz-fabelschoen\/","title":{"rendered":"Fabelsch\u00f6n: Mein Wort-Schatz"},"content":{"rendered":"<div>\n<div>\n<div>\n<p>Im Zimmer unserer zweij\u00e4hrigen Tochter ist es ungew\u00f6hnlich still. Ein Kontrollblick: Sie steht mit dem R\u00fccken zu mir, vor ihr die ausger\u00e4umte Kommode, hinter ihr auf dem Boden ein Kleiderchaos! Doch darin steckt Ordnung. Fein s\u00e4uberlich voneinander getrennt auf Stapeln liegen Hosen, Bodys, T-Shirts, Pullis und Socken. Das einzur\u00e4umen wird dauern. Da dreht sich Johanna strahlend zu mir um und sagt: \u00bbJohanna macht das <strong>fabelsch\u00f6n<\/strong>!\u00ab Mir bleibt nur ein lachendes: \u00bbJa!\u00ab Seither ist unser Wortschatz um dieses wundersch\u00f6ne Wort reicher, wie fabelhaft!<\/p>\n<p><strong>Christiane Raig<\/strong>, Walchwil, Schweiz<\/p>\n<\/div>\n<\/div>\n<\/div>\n","protected":false},"excerpt":{"rendered":"<p>Im Zimmer unserer zweij\u00e4hrigen Tochter ist es ungew\u00f6hnlich still. Ein Kontrollblick: Sie steht mit dem R\u00fccken zu mir, vor ihr die ausger\u00e4umte Kommode, hinter ihr auf dem Boden ein Kleiderchaos! Doch darin steckt Ordnung. Fein s\u00e4uberlich voneinander getrennt auf Stapeln liegen Hosen, Bodys, T-Shirts, Pullis und Socken. Das einzur\u00e4umen wird dauern. Da dreht sich Johanna [&hellip;]<\/p>\n","protected":false},"author":265,"featured_media":0,"comment_status":"open","ping_status":"open","sticky":false,"template":"","format":"standard","meta":{"_jetpack_memberships_contains_paid_content":false,"footnotes":""},"categories":[5687],"tags":[],"class_list":["post-14558","post","type-post","status-publish","format-standard","hentry","category-mein-wort-schatz"],"yoast_head":"<!-- This site is optimized with the Yoast SEO plugin v21.0 - https:\/\/yoast.com\/wordpress\/plugins\/seo\/ -->\n<title>Fabelsch\u00f6n: Mein Wort-Schatz - ZEIT der Leser<\/title>\n<meta name=\"robots\" content=\"index, follow, max-snippet:-1, max-image-preview:large, max-video-preview:-1\" \/>\n<link rel=\"canonical\" href=\"https:\/\/blog.zeit.de\/zeit-der-leser\/2013\/08\/17\/mein-wort-schatz-fabelschoen\/\" \/>\n<meta property=\"og:locale\" content=\"de_DE\" \/>\n<meta property=\"og:type\" content=\"article\" \/>\n<meta property=\"og:title\" content=\"Fabelsch\u00f6n: Mein Wort-Schatz - ZEIT der Leser\" \/>\n<meta property=\"og:description\" content=\"Im Zimmer unserer zweij\u00e4hrigen Tochter ist es ungew\u00f6hnlich still. Ein Kontrollblick: Sie steht mit dem R\u00fccken zu mir, vor ihr die ausger\u00e4umte Kommode, hinter ihr auf dem Boden ein Kleiderchaos! Doch darin steckt Ordnung. Fein s\u00e4uberlich voneinander getrennt auf Stapeln liegen Hosen, Bodys, T-Shirts, Pullis und Socken. Das einzur\u00e4umen wird dauern. Da dreht sich Johanna [&hellip;]\" \/>\n<meta property=\"og:url\" content=\"https:\/\/blog.zeit.de\/zeit-der-leser\/2013\/08\/17\/mein-wort-schatz-fabelschoen\/\" \/>\n<meta property=\"og:site_name\" content=\"ZEIT der Leser\" \/>\n<meta property=\"article:published_time\" content=\"2013-08-17T10:00:13+00:00\" \/>\n<meta property=\"article:modified_time\" content=\"2015-02-20T11:54:46+00:00\" \/>\n<meta name=\"author\" content=\"&quot;Zeit der Leser&quot;-Redaktion\" \/>\n<meta name=\"twitter:card\" content=\"summary_large_image\" \/>\n<meta name=\"twitter:label1\" content=\"Geschrieben von\" \/>\n\t<meta name=\"twitter:data1\" content=\"\"Zeit der Leser\"-Redaktion\" \/>\n<script type=\"application\/ld+json\" class=\"yoast-schema-graph\">{\"@context\":\"https:\/\/schema.org\",\"@graph\":[{\"@type\":\"WebPage\",\"@id\":\"https:\/\/blog.zeit.de\/zeit-der-leser\/2013\/08\/17\/mein-wort-schatz-fabelschoen\/\",\"url\":\"https:\/\/blog.zeit.de\/zeit-der-leser\/2013\/08\/17\/mein-wort-schatz-fabelschoen\/\",\"name\":\"Fabelsch\u00f6n: Mein Wort-Schatz - ZEIT der Leser\",\"isPartOf\":{\"@id\":\"https:\/\/blog.zeit.de\/zeit-der-leser\/#website\"},\"datePublished\":\"2013-08-17T10:00:13+00:00\",\"dateModified\":\"2015-02-20T11:54:46+00:00\",\"author\":{\"@id\":\"https:\/\/blog.zeit.de\/zeit-der-leser\/#\/schema\/person\/583b14e5ad6368c23af846ecbde9f20f\"},\"breadcrumb\":{\"@id\":\"https:\/\/blog.zeit.de\/zeit-der-leser\/2013\/08\/17\/mein-wort-schatz-fabelschoen\/#breadcrumb\"},\"inLanguage\":\"de\",\"potentialAction\":[{\"@type\":\"ReadAction\",\"target\":[\"https:\/\/blog.zeit.de\/zeit-der-leser\/2013\/08\/17\/mein-wort-schatz-fabelschoen\/\"]}]},{\"@type\":\"BreadcrumbList\",\"@id\":\"https:\/\/blog.zeit.de\/zeit-der-leser\/2013\/08\/17\/mein-wort-schatz-fabelschoen\/#breadcrumb\",\"itemListElement\":[{\"@type\":\"ListItem\",\"position\":1,\"name\":\"Startseite\",\"item\":\"https:\/\/blog.zeit.de\/zeit-der-leser\/\"},{\"@type\":\"ListItem\",\"position\":2,\"name\":\"Fabelsch\u00f6n: Mein Wort-Schatz\"}]},{\"@type\":\"WebSite\",\"@id\":\"https:\/\/blog.zeit.de\/zeit-der-leser\/#website\",\"url\":\"https:\/\/blog.zeit.de\/zeit-der-leser\/\",\"name\":\"ZEIT der Leser\",\"description\":\"Ein Blog mit Ihren Notizen, Gedichten und Bildern f\u00fcr die gedruckte ZEIT\",\"potentialAction\":[{\"@type\":\"SearchAction\",\"target\":{\"@type\":\"EntryPoint\",\"urlTemplate\":\"https:\/\/blog.zeit.de\/zeit-der-leser\/?s={search_term_string}\"},\"query-input\":\"required name=search_term_string\"}],\"inLanguage\":\"de\"},{\"@type\":\"Person\",\"@id\":\"https:\/\/blog.zeit.de\/zeit-der-leser\/#\/schema\/person\/583b14e5ad6368c23af846ecbde9f20f\",\"name\":\"\\\"Zeit der Leser\\\"-Redaktion\",\"image\":{\"@type\":\"ImageObject\",\"inLanguage\":\"de\",\"@id\":\"https:\/\/blog.zeit.de\/zeit-der-leser\/#\/schema\/person\/image\/\",\"url\":\"https:\/\/secure.gravatar.com\/avatar\/e801a681bd3bbf2345131a815930b48d9f8e0a94de1346b624840dc850f67ad0?s=96&d=mm&r=g\",\"contentUrl\":\"https:\/\/secure.gravatar.com\/avatar\/e801a681bd3bbf2345131a815930b48d9f8e0a94de1346b624840dc850f67ad0?s=96&d=mm&r=g\",\"caption\":\"\\\"Zeit der Leser\\\"-Redaktion\"},\"url\":\"https:\/\/blog.zeit.de\/zeit-der-leser\/author\/zeit-der-leser-redaktion\/\"}]}<\/script>\n<!-- \/ Yoast SEO plugin. -->","yoast_head_json":{"title":"Fabelsch\u00f6n: Mein Wort-Schatz - ZEIT der Leser","robots":{"index":"index","follow":"follow","max-snippet":"max-snippet:-1","max-image-preview":"max-image-preview:large","max-video-preview":"max-video-preview:-1"},"canonical":"https:\/\/blog.zeit.de\/zeit-der-leser\/2013\/08\/17\/mein-wort-schatz-fabelschoen\/","og_locale":"de_DE","og_type":"article","og_title":"Fabelsch\u00f6n: Mein Wort-Schatz - ZEIT der Leser","og_description":"Im Zimmer unserer zweij\u00e4hrigen Tochter ist es ungew\u00f6hnlich still. Ein Kontrollblick: Sie steht mit dem R\u00fccken zu mir, vor ihr die ausger\u00e4umte Kommode, hinter ihr auf dem Boden ein Kleiderchaos! Doch darin steckt Ordnung. Fein s\u00e4uberlich voneinander getrennt auf Stapeln liegen Hosen, Bodys, T-Shirts, Pullis und Socken. Das einzur\u00e4umen wird dauern. Da dreht sich Johanna [&hellip;]","og_url":"https:\/\/blog.zeit.de\/zeit-der-leser\/2013\/08\/17\/mein-wort-schatz-fabelschoen\/","og_site_name":"ZEIT der Leser","article_published_time":"2013-08-17T10:00:13+00:00","article_modified_time":"2015-02-20T11:54:46+00:00","author":"\"Zeit der Leser\"-Redaktion","twitter_card":"summary_large_image","twitter_misc":{"Geschrieben von":"\"Zeit der Leser\"-Redaktion"},"schema":{"@context":"https:\/\/schema.org","@graph":[{"@type":"WebPage","@id":"https:\/\/blog.zeit.de\/zeit-der-leser\/2013\/08\/17\/mein-wort-schatz-fabelschoen\/","url":"https:\/\/blog.zeit.de\/zeit-der-leser\/2013\/08\/17\/mein-wort-schatz-fabelschoen\/","name":"Fabelsch\u00f6n: Mein Wort-Schatz - ZEIT der Leser","isPartOf":{"@id":"https:\/\/blog.zeit.de\/zeit-der-leser\/#website"},"datePublished":"2013-08-17T10:00:13+00:00","dateModified":"2015-02-20T11:54:46+00:00","author":{"@id":"https:\/\/blog.zeit.de\/zeit-der-leser\/#\/schema\/person\/583b14e5ad6368c23af846ecbde9f20f"},"breadcrumb":{"@id":"https:\/\/blog.zeit.de\/zeit-der-leser\/2013\/08\/17\/mein-wort-schatz-fabelschoen\/#breadcrumb"},"inLanguage":"de","potentialAction":[{"@type":"ReadAction","target":["https:\/\/blog.zeit.de\/zeit-der-leser\/2013\/08\/17\/mein-wort-schatz-fabelschoen\/"]}]},{"@type":"BreadcrumbList","@id":"https:\/\/blog.zeit.de\/zeit-der-leser\/2013\/08\/17\/mein-wort-schatz-fabelschoen\/#breadcrumb","itemListElement":[{"@type":"ListItem","position":1,"name":"Startseite","item":"https:\/\/blog.zeit.de\/zeit-der-leser\/"},{"@type":"ListItem","position":2,"name":"Fabelsch\u00f6n: Mein Wort-Schatz"}]},{"@type":"WebSite","@id":"https:\/\/blog.zeit.de\/zeit-der-leser\/#website","url":"https:\/\/blog.zeit.de\/zeit-der-leser\/","name":"ZEIT der Leser","description":"Ein Blog mit Ihren Notizen, Gedichten und Bildern f\u00fcr die gedruckte ZEIT","potentialAction":[{"@type":"SearchAction","target":{"@type":"EntryPoint","urlTemplate":"https:\/\/blog.zeit.de\/zeit-der-leser\/?s={search_term_string}"},"query-input":"required name=search_term_string"}],"inLanguage":"de"},{"@type":"Person","@id":"https:\/\/blog.zeit.de\/zeit-der-leser\/#\/schema\/person\/583b14e5ad6368c23af846ecbde9f20f","name":"\"Zeit der Leser\"-Redaktion","image":{"@type":"ImageObject","inLanguage":"de","@id":"https:\/\/blog.zeit.de\/zeit-der-leser\/#\/schema\/person\/image\/","url":"https:\/\/secure.gravatar.com\/avatar\/e801a681bd3bbf2345131a815930b48d9f8e0a94de1346b624840dc850f67ad0?s=96&d=mm&r=g","contentUrl":"https:\/\/secure.gravatar.com\/avatar\/e801a681bd3bbf2345131a815930b48d9f8e0a94de1346b624840dc850f67ad0?s=96&d=mm&r=g","caption":"\"Zeit der Leser\"-Redaktion"},"url":"https:\/\/blog.zeit.de\/zeit-der-leser\/author\/zeit-der-leser-redaktion\/"}]}},"jetpack_featured_media_url":"","jetpack_sharing_enabled":true,"_links":{"self":[{"href":"https:\/\/blog.zeit.de\/zeit-der-leser\/wp-json\/wp\/v2\/posts\/14558","targetHints":{"allow":["GET"]}}],"collection":[{"href":"https:\/\/blog.zeit.de\/zeit-der-leser\/wp-json\/wp\/v2\/posts"}],"about":[{"href":"https:\/\/blog.zeit.de\/zeit-der-leser\/wp-json\/wp\/v2\/types\/post"}],"author":[{"embeddable":true,"href":"https:\/\/blog.zeit.de\/zeit-der-leser\/wp-json\/wp\/v2\/users\/265"}],"replies":[{"embeddable":true,"href":"https:\/\/blog.zeit.de\/zeit-der-leser\/wp-json\/wp\/v2\/comments?post=14558"}],"version-history":[{"count":4,"href":"https:\/\/blog.zeit.de\/zeit-der-leser\/wp-json\/wp\/v2\/posts\/14558\/revisions"}],"predecessor-version":[{"id":19639,"href":"https:\/\/blog.zeit.de\/zeit-der-leser\/wp-json\/wp\/v2\/posts\/14558\/revisions\/19639"}],"wp:attachment":[{"href":"https:\/\/blog.zeit.de\/zeit-der-leser\/wp-json\/wp\/v2\/media?parent=14558"}],"wp:term":[{"taxonomy":"category","embeddable":true,"href":"https:\/\/blog.zeit.de\/zeit-der-leser\/wp-json\/wp\/v2\/categories?post=14558"},{"taxonomy":"post_tag","embeddable":true,"href":"https:\/\/blog.zeit.de\/zeit-der-leser\/wp-json\/wp\/v2\/tags?post=14558"}],"curies":[{"name":"wp","href":"https:\/\/api.w.org\/{rel}","templated":true}]}}