{"id":14572,"date":"2013-08-19T15:00:53","date_gmt":"2013-08-19T13:00:53","guid":{"rendered":"http:\/\/blog.zeit.de\/zeit-der-leser\/?p=14572"},"modified":"2013-08-19T15:01:26","modified_gmt":"2013-08-19T13:01:26","slug":"zeitsprung-filmreif","status":"publish","type":"post","link":"https:\/\/blog.zeit.de\/zeit-der-leser\/2013\/08\/19\/zeitsprung-filmreif\/","title":{"rendered":"Zeitsprung: Filmreif"},"content":{"rendered":"<div>\n<p><a href=\"https:\/\/blog.zeit.de\/zeit-der-leser\/?attachment_id=14573\" rel=\"attachment wp-att-14573\"><img loading=\"lazy\" decoding=\"async\" class=\"alignleft size-full wp-image-14573\" alt=\"s78-1913\" src=\"https:\/\/blog.zeit.de\/zeit-der-leser\/files\/2013\/08\/s78-1913.jpg\" width=\"580\" height=\"385\" srcset=\"https:\/\/blog.zeit.de\/zeit-der-leser\/files\/2013\/08\/s78-1913.jpg 580w, https:\/\/blog.zeit.de\/zeit-der-leser\/files\/2013\/08\/s78-1913-300x199.jpg 300w\" sizes=\"auto, (max-width: 580px) 100vw, 580px\" \/><\/a> <a href=\"https:\/\/blog.zeit.de\/zeit-der-leser\/?attachment_id=14574\" rel=\"attachment wp-att-14574\"><img loading=\"lazy\" decoding=\"async\" class=\"alignleft size-full wp-image-14574\" alt=\"s78-2013\" src=\"https:\/\/blog.zeit.de\/zeit-der-leser\/files\/2013\/08\/s78-2013.jpg\" width=\"580\" height=\"385\" srcset=\"https:\/\/blog.zeit.de\/zeit-der-leser\/files\/2013\/08\/s78-2013.jpg 580w, https:\/\/blog.zeit.de\/zeit-der-leser\/files\/2013\/08\/s78-2013-300x199.jpg 300w\" sizes=\"auto, (max-width: 580px) 100vw, 580px\" \/><\/a><\/p>\n<p>Es ist schwer zu sagen, was meinem Urgro\u00dfvater Wilhelm Nagel bei der Er\u00f6ffnung seines ersten Kinos in Ludwigsburg durch den Kopf ging. Vermutlich war er sehr nerv\u00f6s durch die Anwesenheit des K\u00f6nigs Wilhelm II. von W\u00fcrttemberg. Urgro\u00dfvater war ein Filmpionier der ersten Stunde, begann mit einem Wanderkino, die Zuschauer zu begeistern. 1945 beschlagnahmte die US-Armee das Kino f\u00fcr ihre Soldaten. Aber auch hier half mein Vater Hasso Wollenschl\u00e4ger mit und durfte bei der einen oder anderen Vorstellung durch das Projektionsfenster sehen. Noch heute befindet sich das Unternehmen fest in Familienhand und wird mittlerweile von\u00a0der vierten Generation betrieben. Es hat nicht nur zwei Weltkriege und die Besatzungszeit \u00fcberstanden, sondern auch das Kinosterben Anfang der Achtziger Jahre sowie den Verdr\u00e4ngungswettbewerb durch die Multiplexwelle. Der Eingangsbereich hat sich stark ver\u00e4ndert \u2013 auch durch den Bau eines neuen B\u00fcrogeb\u00e4udes und eines weiteren Kinosaals. Das Kino ist l\u00e4ngst digitalisiert. Doch noch immer gehen die Zuschauer durch den Eingang, den einst seine Majest\u00e4t eingeweiht hat.<\/p>\n<div>\n<p><strong>Claus Wollenschl\u00e4ger<\/strong>, Ludwigsburg<\/p>\n<\/div>\n<\/div>\n","protected":false},"excerpt":{"rendered":"<p>Es ist schwer zu sagen, was meinem Urgro\u00dfvater Wilhelm Nagel bei der Er\u00f6ffnung seines ersten Kinos in Ludwigsburg durch den Kopf ging. Vermutlich war er sehr nerv\u00f6s durch die Anwesenheit des K\u00f6nigs Wilhelm II. von W\u00fcrttemberg. Urgro\u00dfvater war ein Filmpionier der ersten Stunde, begann mit einem Wanderkino, die Zuschauer zu begeistern. 1945 beschlagnahmte die US-Armee [&hellip;]<\/p>\n","protected":false},"author":265,"featured_media":0,"comment_status":"open","ping_status":"open","sticky":false,"template":"","format":"standard","meta":{"_jetpack_memberships_contains_paid_content":false,"footnotes":""},"categories":[1878],"tags":[],"class_list":["post-14572","post","type-post","status-publish","format-standard","hentry","category-zeitsprung"],"yoast_head":"<!-- This site is optimized with the Yoast SEO plugin v21.0 - https:\/\/yoast.com\/wordpress\/plugins\/seo\/ -->\n<title>Zeitsprung: Filmreif - ZEIT der Leser<\/title>\n<meta name=\"robots\" content=\"index, follow, max-snippet:-1, max-image-preview:large, max-video-preview:-1\" \/>\n<link rel=\"canonical\" href=\"https:\/\/blog.zeit.de\/zeit-der-leser\/2013\/08\/19\/zeitsprung-filmreif\/\" \/>\n<meta property=\"og:locale\" content=\"de_DE\" \/>\n<meta property=\"og:type\" content=\"article\" \/>\n<meta property=\"og:title\" content=\"Zeitsprung: Filmreif - ZEIT der Leser\" \/>\n<meta property=\"og:description\" content=\"Es ist schwer zu sagen, was meinem Urgro\u00dfvater Wilhelm Nagel bei der Er\u00f6ffnung seines ersten Kinos in Ludwigsburg durch den Kopf ging. Vermutlich war er sehr nerv\u00f6s durch die Anwesenheit des K\u00f6nigs Wilhelm II. von W\u00fcrttemberg. Urgro\u00dfvater war ein Filmpionier der ersten Stunde, begann mit einem Wanderkino, die Zuschauer zu begeistern. 1945 beschlagnahmte die US-Armee [&hellip;]\" \/>\n<meta property=\"og:url\" content=\"https:\/\/blog.zeit.de\/zeit-der-leser\/2013\/08\/19\/zeitsprung-filmreif\/\" \/>\n<meta property=\"og:site_name\" content=\"ZEIT der Leser\" \/>\n<meta property=\"article:published_time\" content=\"2013-08-19T13:00:53+00:00\" \/>\n<meta property=\"article:modified_time\" content=\"2013-08-19T13:01:26+00:00\" \/>\n<meta property=\"og:image\" content=\"https:\/\/blog.zeit.de\/zeit-der-leser\/files\/2013\/08\/s78-1913.jpg\" \/>\n<meta name=\"author\" content=\"&quot;Zeit der Leser&quot;-Redaktion\" \/>\n<meta name=\"twitter:card\" content=\"summary_large_image\" \/>\n<meta name=\"twitter:label1\" content=\"Geschrieben von\" \/>\n\t<meta name=\"twitter:data1\" content=\"\"Zeit der Leser\"-Redaktion\" \/>\n\t<meta name=\"twitter:label2\" content=\"Gesch\u00e4tzte Lesezeit\" \/>\n\t<meta name=\"twitter:data2\" content=\"1\u00a0Minute\" \/>\n<script type=\"application\/ld+json\" class=\"yoast-schema-graph\">{\"@context\":\"https:\/\/schema.org\",\"@graph\":[{\"@type\":\"WebPage\",\"@id\":\"https:\/\/blog.zeit.de\/zeit-der-leser\/2013\/08\/19\/zeitsprung-filmreif\/\",\"url\":\"https:\/\/blog.zeit.de\/zeit-der-leser\/2013\/08\/19\/zeitsprung-filmreif\/\",\"name\":\"Zeitsprung: Filmreif - ZEIT der Leser\",\"isPartOf\":{\"@id\":\"https:\/\/blog.zeit.de\/zeit-der-leser\/#website\"},\"datePublished\":\"2013-08-19T13:00:53+00:00\",\"dateModified\":\"2013-08-19T13:01:26+00:00\",\"author\":{\"@id\":\"https:\/\/blog.zeit.de\/zeit-der-leser\/#\/schema\/person\/583b14e5ad6368c23af846ecbde9f20f\"},\"breadcrumb\":{\"@id\":\"https:\/\/blog.zeit.de\/zeit-der-leser\/2013\/08\/19\/zeitsprung-filmreif\/#breadcrumb\"},\"inLanguage\":\"de\",\"potentialAction\":[{\"@type\":\"ReadAction\",\"target\":[\"https:\/\/blog.zeit.de\/zeit-der-leser\/2013\/08\/19\/zeitsprung-filmreif\/\"]}]},{\"@type\":\"BreadcrumbList\",\"@id\":\"https:\/\/blog.zeit.de\/zeit-der-leser\/2013\/08\/19\/zeitsprung-filmreif\/#breadcrumb\",\"itemListElement\":[{\"@type\":\"ListItem\",\"position\":1,\"name\":\"Startseite\",\"item\":\"https:\/\/blog.zeit.de\/zeit-der-leser\/\"},{\"@type\":\"ListItem\",\"position\":2,\"name\":\"Zeitsprung: Filmreif\"}]},{\"@type\":\"WebSite\",\"@id\":\"https:\/\/blog.zeit.de\/zeit-der-leser\/#website\",\"url\":\"https:\/\/blog.zeit.de\/zeit-der-leser\/\",\"name\":\"ZEIT der Leser\",\"description\":\"Ein Blog mit Ihren Notizen, Gedichten und Bildern f\u00fcr die gedruckte ZEIT\",\"potentialAction\":[{\"@type\":\"SearchAction\",\"target\":{\"@type\":\"EntryPoint\",\"urlTemplate\":\"https:\/\/blog.zeit.de\/zeit-der-leser\/?s={search_term_string}\"},\"query-input\":\"required name=search_term_string\"}],\"inLanguage\":\"de\"},{\"@type\":\"Person\",\"@id\":\"https:\/\/blog.zeit.de\/zeit-der-leser\/#\/schema\/person\/583b14e5ad6368c23af846ecbde9f20f\",\"name\":\"\\\"Zeit der Leser\\\"-Redaktion\",\"image\":{\"@type\":\"ImageObject\",\"inLanguage\":\"de\",\"@id\":\"https:\/\/blog.zeit.de\/zeit-der-leser\/#\/schema\/person\/image\/\",\"url\":\"https:\/\/secure.gravatar.com\/avatar\/e801a681bd3bbf2345131a815930b48d9f8e0a94de1346b624840dc850f67ad0?s=96&d=mm&r=g\",\"contentUrl\":\"https:\/\/secure.gravatar.com\/avatar\/e801a681bd3bbf2345131a815930b48d9f8e0a94de1346b624840dc850f67ad0?s=96&d=mm&r=g\",\"caption\":\"\\\"Zeit der Leser\\\"-Redaktion\"},\"url\":\"https:\/\/blog.zeit.de\/zeit-der-leser\/author\/zeit-der-leser-redaktion\/\"}]}<\/script>\n<!-- \/ Yoast SEO plugin. -->","yoast_head_json":{"title":"Zeitsprung: Filmreif - ZEIT der Leser","robots":{"index":"index","follow":"follow","max-snippet":"max-snippet:-1","max-image-preview":"max-image-preview:large","max-video-preview":"max-video-preview:-1"},"canonical":"https:\/\/blog.zeit.de\/zeit-der-leser\/2013\/08\/19\/zeitsprung-filmreif\/","og_locale":"de_DE","og_type":"article","og_title":"Zeitsprung: Filmreif - ZEIT der Leser","og_description":"Es ist schwer zu sagen, was meinem Urgro\u00dfvater Wilhelm Nagel bei der Er\u00f6ffnung seines ersten Kinos in Ludwigsburg durch den Kopf ging. Vermutlich war er sehr nerv\u00f6s durch die Anwesenheit des K\u00f6nigs Wilhelm II. von W\u00fcrttemberg. Urgro\u00dfvater war ein Filmpionier der ersten Stunde, begann mit einem Wanderkino, die Zuschauer zu begeistern. 1945 beschlagnahmte die US-Armee [&hellip;]","og_url":"https:\/\/blog.zeit.de\/zeit-der-leser\/2013\/08\/19\/zeitsprung-filmreif\/","og_site_name":"ZEIT der Leser","article_published_time":"2013-08-19T13:00:53+00:00","article_modified_time":"2013-08-19T13:01:26+00:00","og_image":[{"url":"https:\/\/blog.zeit.de\/zeit-der-leser\/files\/2013\/08\/s78-1913.jpg"}],"author":"\"Zeit der Leser\"-Redaktion","twitter_card":"summary_large_image","twitter_misc":{"Geschrieben von":"\"Zeit der Leser\"-Redaktion","Gesch\u00e4tzte Lesezeit":"1\u00a0Minute"},"schema":{"@context":"https:\/\/schema.org","@graph":[{"@type":"WebPage","@id":"https:\/\/blog.zeit.de\/zeit-der-leser\/2013\/08\/19\/zeitsprung-filmreif\/","url":"https:\/\/blog.zeit.de\/zeit-der-leser\/2013\/08\/19\/zeitsprung-filmreif\/","name":"Zeitsprung: Filmreif - ZEIT der Leser","isPartOf":{"@id":"https:\/\/blog.zeit.de\/zeit-der-leser\/#website"},"datePublished":"2013-08-19T13:00:53+00:00","dateModified":"2013-08-19T13:01:26+00:00","author":{"@id":"https:\/\/blog.zeit.de\/zeit-der-leser\/#\/schema\/person\/583b14e5ad6368c23af846ecbde9f20f"},"breadcrumb":{"@id":"https:\/\/blog.zeit.de\/zeit-der-leser\/2013\/08\/19\/zeitsprung-filmreif\/#breadcrumb"},"inLanguage":"de","potentialAction":[{"@type":"ReadAction","target":["https:\/\/blog.zeit.de\/zeit-der-leser\/2013\/08\/19\/zeitsprung-filmreif\/"]}]},{"@type":"BreadcrumbList","@id":"https:\/\/blog.zeit.de\/zeit-der-leser\/2013\/08\/19\/zeitsprung-filmreif\/#breadcrumb","itemListElement":[{"@type":"ListItem","position":1,"name":"Startseite","item":"https:\/\/blog.zeit.de\/zeit-der-leser\/"},{"@type":"ListItem","position":2,"name":"Zeitsprung: Filmreif"}]},{"@type":"WebSite","@id":"https:\/\/blog.zeit.de\/zeit-der-leser\/#website","url":"https:\/\/blog.zeit.de\/zeit-der-leser\/","name":"ZEIT der Leser","description":"Ein Blog mit Ihren Notizen, Gedichten und Bildern f\u00fcr die gedruckte ZEIT","potentialAction":[{"@type":"SearchAction","target":{"@type":"EntryPoint","urlTemplate":"https:\/\/blog.zeit.de\/zeit-der-leser\/?s={search_term_string}"},"query-input":"required name=search_term_string"}],"inLanguage":"de"},{"@type":"Person","@id":"https:\/\/blog.zeit.de\/zeit-der-leser\/#\/schema\/person\/583b14e5ad6368c23af846ecbde9f20f","name":"\"Zeit der Leser\"-Redaktion","image":{"@type":"ImageObject","inLanguage":"de","@id":"https:\/\/blog.zeit.de\/zeit-der-leser\/#\/schema\/person\/image\/","url":"https:\/\/secure.gravatar.com\/avatar\/e801a681bd3bbf2345131a815930b48d9f8e0a94de1346b624840dc850f67ad0?s=96&d=mm&r=g","contentUrl":"https:\/\/secure.gravatar.com\/avatar\/e801a681bd3bbf2345131a815930b48d9f8e0a94de1346b624840dc850f67ad0?s=96&d=mm&r=g","caption":"\"Zeit der Leser\"-Redaktion"},"url":"https:\/\/blog.zeit.de\/zeit-der-leser\/author\/zeit-der-leser-redaktion\/"}]}},"jetpack_featured_media_url":"","jetpack_sharing_enabled":true,"_links":{"self":[{"href":"https:\/\/blog.zeit.de\/zeit-der-leser\/wp-json\/wp\/v2\/posts\/14572","targetHints":{"allow":["GET"]}}],"collection":[{"href":"https:\/\/blog.zeit.de\/zeit-der-leser\/wp-json\/wp\/v2\/posts"}],"about":[{"href":"https:\/\/blog.zeit.de\/zeit-der-leser\/wp-json\/wp\/v2\/types\/post"}],"author":[{"embeddable":true,"href":"https:\/\/blog.zeit.de\/zeit-der-leser\/wp-json\/wp\/v2\/users\/265"}],"replies":[{"embeddable":true,"href":"https:\/\/blog.zeit.de\/zeit-der-leser\/wp-json\/wp\/v2\/comments?post=14572"}],"version-history":[{"count":4,"href":"https:\/\/blog.zeit.de\/zeit-der-leser\/wp-json\/wp\/v2\/posts\/14572\/revisions"}],"predecessor-version":[{"id":14577,"href":"https:\/\/blog.zeit.de\/zeit-der-leser\/wp-json\/wp\/v2\/posts\/14572\/revisions\/14577"}],"wp:attachment":[{"href":"https:\/\/blog.zeit.de\/zeit-der-leser\/wp-json\/wp\/v2\/media?parent=14572"}],"wp:term":[{"taxonomy":"category","embeddable":true,"href":"https:\/\/blog.zeit.de\/zeit-der-leser\/wp-json\/wp\/v2\/categories?post=14572"},{"taxonomy":"post_tag","embeddable":true,"href":"https:\/\/blog.zeit.de\/zeit-der-leser\/wp-json\/wp\/v2\/tags?post=14572"}],"curies":[{"name":"wp","href":"https:\/\/api.w.org\/{rel}","templated":true}]}}