{"id":1458,"date":"2010-06-10T11:32:18","date_gmt":"2010-06-10T09:32:18","guid":{"rendered":"http:\/\/blog.zeit.de\/zeit-der-leser\/?p=1458"},"modified":"2010-10-27T14:40:25","modified_gmt":"2010-10-27T12:40:25","slug":"lieber-reinhard-mey","status":"publish","type":"post","link":"https:\/\/blog.zeit.de\/zeit-der-leser\/2010\/06\/10\/lieber-reinhard-mey\/","title":{"rendered":"Lieber Reinhard Mey,"},"content":{"rendered":"<p><figure id=\"attachment_1497\" aria-describedby=\"caption-attachment-1497\" style=\"width: 180px\" class=\"wp-caption alignleft\"><a href=\"https:\/\/blog.zeit.de\/zeit-der-leser\/files\/2010\/06\/reinhard-mey.jpg\"><img loading=\"lazy\" decoding=\"async\" src=\"https:\/\/blog.zeit.de\/zeit-der-leser\/files\/2010\/06\/reinhard-mey.jpg\" alt=\"\" width=\"180\" height=\"131\" class=\"size-full wp-image-1497\" \/><\/a><figcaption id=\"caption-attachment-1497\" class=\"wp-caption-text\">\u00a9 J\u00f6rg Carstensen\/ dpa<\/figcaption><\/figure><\/p>\n<p>wir sind zusammen \u00e4lter geworden: 1970, mit dreizehn, h\u00f6rte ich zum ersten Mal Deine Chansons. K\u00fcrzlich ist Deine neue CD <em>Mairegen<\/em> erschienen. Klasse! Wieder einmal l\u00e4sst Du Deine Fans ganz nah an Dich heran. Bei einem Deiner n\u00e4chsten Konzerte werde ich dieses Mal in der ersten Reihe sitzen. <\/p>\n<p>Danke fu\u0308r die vielen emotionalen Momente, die Du mir u\u0308ber all die Jahre geschenkt hast.<\/p>\n<p><em>Claudia von Egan-Krieger, Pforzheim. <\/em>Mairegen<em> ist bei Odeon erschienen<\/em><\/p>\n","protected":false},"excerpt":{"rendered":"<p>wir sind zusammen \u00e4lter geworden: 1970, mit dreizehn, h\u00f6rte ich zum ersten Mal Deine Chansons. K\u00fcrzlich ist Deine neue CD Mairegen erschienen. Klasse! Wieder einmal l\u00e4sst Du Deine Fans ganz nah an Dich heran. Bei einem Deiner n\u00e4chsten Konzerte werde ich dieses Mal in der ersten Reihe sitzen. Danke fu\u0308r die vielen emotionalen Momente, die [&hellip;]<\/p>\n","protected":false},"author":264,"featured_media":0,"comment_status":"open","ping_status":"open","sticky":false,"template":"","format":"standard","meta":{"_jetpack_memberships_contains_paid_content":false,"footnotes":""},"categories":[1871],"tags":[],"class_list":["post-1458","post","type-post","status-publish","format-standard","hentry","category-was-mein-leben-reicher-macht"],"yoast_head":"<!-- This site is optimized with the Yoast SEO plugin v21.0 - https:\/\/yoast.com\/wordpress\/plugins\/seo\/ -->\n<title>Lieber Reinhard Mey, - ZEIT der Leser<\/title>\n<meta name=\"robots\" content=\"index, follow, max-snippet:-1, max-image-preview:large, max-video-preview:-1\" \/>\n<link rel=\"canonical\" href=\"https:\/\/blog.zeit.de\/zeit-der-leser\/2010\/06\/10\/lieber-reinhard-mey\/\" \/>\n<meta property=\"og:locale\" content=\"de_DE\" \/>\n<meta property=\"og:type\" content=\"article\" \/>\n<meta property=\"og:title\" content=\"Lieber Reinhard Mey, - ZEIT der Leser\" \/>\n<meta property=\"og:description\" content=\"wir sind zusammen \u00e4lter geworden: 1970, mit dreizehn, h\u00f6rte ich zum ersten Mal Deine Chansons. K\u00fcrzlich ist Deine neue CD Mairegen erschienen. Klasse! Wieder einmal l\u00e4sst Du Deine Fans ganz nah an Dich heran. Bei einem Deiner n\u00e4chsten Konzerte werde ich dieses Mal in der ersten Reihe sitzen. Danke fu\u0308r die vielen emotionalen Momente, die [&hellip;]\" \/>\n<meta property=\"og:url\" content=\"https:\/\/blog.zeit.de\/zeit-der-leser\/2010\/06\/10\/lieber-reinhard-mey\/\" \/>\n<meta property=\"og:site_name\" content=\"ZEIT der Leser\" \/>\n<meta property=\"article:published_time\" content=\"2010-06-10T09:32:18+00:00\" \/>\n<meta property=\"article:modified_time\" content=\"2010-10-27T12:40:25+00:00\" \/>\n<meta property=\"og:image\" content=\"https:\/\/blog.zeit.de\/zeit-der-leser\/files\/2010\/06\/reinhard-mey.jpg\" \/>\n<meta name=\"author\" content=\"Zeit der Leser\" \/>\n<meta name=\"twitter:card\" content=\"summary_large_image\" \/>\n<meta name=\"twitter:label1\" content=\"Geschrieben von\" \/>\n\t<meta name=\"twitter:data1\" content=\"Zeit der Leser\" \/>\n<script type=\"application\/ld+json\" class=\"yoast-schema-graph\">{\"@context\":\"https:\/\/schema.org\",\"@graph\":[{\"@type\":\"WebPage\",\"@id\":\"https:\/\/blog.zeit.de\/zeit-der-leser\/2010\/06\/10\/lieber-reinhard-mey\/\",\"url\":\"https:\/\/blog.zeit.de\/zeit-der-leser\/2010\/06\/10\/lieber-reinhard-mey\/\",\"name\":\"Lieber Reinhard Mey, - ZEIT der Leser\",\"isPartOf\":{\"@id\":\"https:\/\/blog.zeit.de\/zeit-der-leser\/#website\"},\"datePublished\":\"2010-06-10T09:32:18+00:00\",\"dateModified\":\"2010-10-27T12:40:25+00:00\",\"author\":{\"@id\":\"https:\/\/blog.zeit.de\/zeit-der-leser\/#\/schema\/person\/e248c7ff5a10552f6a3bd5e9385b3667\"},\"breadcrumb\":{\"@id\":\"https:\/\/blog.zeit.de\/zeit-der-leser\/2010\/06\/10\/lieber-reinhard-mey\/#breadcrumb\"},\"inLanguage\":\"de\",\"potentialAction\":[{\"@type\":\"ReadAction\",\"target\":[\"https:\/\/blog.zeit.de\/zeit-der-leser\/2010\/06\/10\/lieber-reinhard-mey\/\"]}]},{\"@type\":\"BreadcrumbList\",\"@id\":\"https:\/\/blog.zeit.de\/zeit-der-leser\/2010\/06\/10\/lieber-reinhard-mey\/#breadcrumb\",\"itemListElement\":[{\"@type\":\"ListItem\",\"position\":1,\"name\":\"Startseite\",\"item\":\"https:\/\/blog.zeit.de\/zeit-der-leser\/\"},{\"@type\":\"ListItem\",\"position\":2,\"name\":\"Lieber Reinhard Mey,\"}]},{\"@type\":\"WebSite\",\"@id\":\"https:\/\/blog.zeit.de\/zeit-der-leser\/#website\",\"url\":\"https:\/\/blog.zeit.de\/zeit-der-leser\/\",\"name\":\"ZEIT der Leser\",\"description\":\"Ein Blog mit Ihren Notizen, Gedichten und Bildern f\u00fcr die gedruckte ZEIT\",\"potentialAction\":[{\"@type\":\"SearchAction\",\"target\":{\"@type\":\"EntryPoint\",\"urlTemplate\":\"https:\/\/blog.zeit.de\/zeit-der-leser\/?s={search_term_string}\"},\"query-input\":\"required name=search_term_string\"}],\"inLanguage\":\"de\"},{\"@type\":\"Person\",\"@id\":\"https:\/\/blog.zeit.de\/zeit-der-leser\/#\/schema\/person\/e248c7ff5a10552f6a3bd5e9385b3667\",\"name\":\"Zeit der Leser\",\"image\":{\"@type\":\"ImageObject\",\"inLanguage\":\"de\",\"@id\":\"https:\/\/blog.zeit.de\/zeit-der-leser\/#\/schema\/person\/image\/\",\"url\":\"https:\/\/secure.gravatar.com\/avatar\/529bb2731085995bda6c8ba0e4da7e528ea8be4e6c7abdd217f176e2309035f6?s=96&d=mm&r=g\",\"contentUrl\":\"https:\/\/secure.gravatar.com\/avatar\/529bb2731085995bda6c8ba0e4da7e528ea8be4e6c7abdd217f176e2309035f6?s=96&d=mm&r=g\",\"caption\":\"Zeit der Leser\"},\"url\":\"https:\/\/blog.zeit.de\/zeit-der-leser\/author\/zeit-der-leser\/\"}]}<\/script>\n<!-- \/ Yoast SEO plugin. -->","yoast_head_json":{"title":"Lieber Reinhard Mey, - ZEIT der Leser","robots":{"index":"index","follow":"follow","max-snippet":"max-snippet:-1","max-image-preview":"max-image-preview:large","max-video-preview":"max-video-preview:-1"},"canonical":"https:\/\/blog.zeit.de\/zeit-der-leser\/2010\/06\/10\/lieber-reinhard-mey\/","og_locale":"de_DE","og_type":"article","og_title":"Lieber Reinhard Mey, - ZEIT der Leser","og_description":"wir sind zusammen \u00e4lter geworden: 1970, mit dreizehn, h\u00f6rte ich zum ersten Mal Deine Chansons. K\u00fcrzlich ist Deine neue CD Mairegen erschienen. Klasse! Wieder einmal l\u00e4sst Du Deine Fans ganz nah an Dich heran. Bei einem Deiner n\u00e4chsten Konzerte werde ich dieses Mal in der ersten Reihe sitzen. Danke fu\u0308r die vielen emotionalen Momente, die [&hellip;]","og_url":"https:\/\/blog.zeit.de\/zeit-der-leser\/2010\/06\/10\/lieber-reinhard-mey\/","og_site_name":"ZEIT der Leser","article_published_time":"2010-06-10T09:32:18+00:00","article_modified_time":"2010-10-27T12:40:25+00:00","og_image":[{"url":"https:\/\/blog.zeit.de\/zeit-der-leser\/files\/2010\/06\/reinhard-mey.jpg"}],"author":"Zeit der Leser","twitter_card":"summary_large_image","twitter_misc":{"Geschrieben von":"Zeit der Leser"},"schema":{"@context":"https:\/\/schema.org","@graph":[{"@type":"WebPage","@id":"https:\/\/blog.zeit.de\/zeit-der-leser\/2010\/06\/10\/lieber-reinhard-mey\/","url":"https:\/\/blog.zeit.de\/zeit-der-leser\/2010\/06\/10\/lieber-reinhard-mey\/","name":"Lieber Reinhard Mey, - ZEIT der Leser","isPartOf":{"@id":"https:\/\/blog.zeit.de\/zeit-der-leser\/#website"},"datePublished":"2010-06-10T09:32:18+00:00","dateModified":"2010-10-27T12:40:25+00:00","author":{"@id":"https:\/\/blog.zeit.de\/zeit-der-leser\/#\/schema\/person\/e248c7ff5a10552f6a3bd5e9385b3667"},"breadcrumb":{"@id":"https:\/\/blog.zeit.de\/zeit-der-leser\/2010\/06\/10\/lieber-reinhard-mey\/#breadcrumb"},"inLanguage":"de","potentialAction":[{"@type":"ReadAction","target":["https:\/\/blog.zeit.de\/zeit-der-leser\/2010\/06\/10\/lieber-reinhard-mey\/"]}]},{"@type":"BreadcrumbList","@id":"https:\/\/blog.zeit.de\/zeit-der-leser\/2010\/06\/10\/lieber-reinhard-mey\/#breadcrumb","itemListElement":[{"@type":"ListItem","position":1,"name":"Startseite","item":"https:\/\/blog.zeit.de\/zeit-der-leser\/"},{"@type":"ListItem","position":2,"name":"Lieber Reinhard Mey,"}]},{"@type":"WebSite","@id":"https:\/\/blog.zeit.de\/zeit-der-leser\/#website","url":"https:\/\/blog.zeit.de\/zeit-der-leser\/","name":"ZEIT der Leser","description":"Ein Blog mit Ihren Notizen, Gedichten und Bildern f\u00fcr die gedruckte ZEIT","potentialAction":[{"@type":"SearchAction","target":{"@type":"EntryPoint","urlTemplate":"https:\/\/blog.zeit.de\/zeit-der-leser\/?s={search_term_string}"},"query-input":"required name=search_term_string"}],"inLanguage":"de"},{"@type":"Person","@id":"https:\/\/blog.zeit.de\/zeit-der-leser\/#\/schema\/person\/e248c7ff5a10552f6a3bd5e9385b3667","name":"Zeit der Leser","image":{"@type":"ImageObject","inLanguage":"de","@id":"https:\/\/blog.zeit.de\/zeit-der-leser\/#\/schema\/person\/image\/","url":"https:\/\/secure.gravatar.com\/avatar\/529bb2731085995bda6c8ba0e4da7e528ea8be4e6c7abdd217f176e2309035f6?s=96&d=mm&r=g","contentUrl":"https:\/\/secure.gravatar.com\/avatar\/529bb2731085995bda6c8ba0e4da7e528ea8be4e6c7abdd217f176e2309035f6?s=96&d=mm&r=g","caption":"Zeit der Leser"},"url":"https:\/\/blog.zeit.de\/zeit-der-leser\/author\/zeit-der-leser\/"}]}},"jetpack_featured_media_url":"","jetpack_sharing_enabled":true,"_links":{"self":[{"href":"https:\/\/blog.zeit.de\/zeit-der-leser\/wp-json\/wp\/v2\/posts\/1458","targetHints":{"allow":["GET"]}}],"collection":[{"href":"https:\/\/blog.zeit.de\/zeit-der-leser\/wp-json\/wp\/v2\/posts"}],"about":[{"href":"https:\/\/blog.zeit.de\/zeit-der-leser\/wp-json\/wp\/v2\/types\/post"}],"author":[{"embeddable":true,"href":"https:\/\/blog.zeit.de\/zeit-der-leser\/wp-json\/wp\/v2\/users\/264"}],"replies":[{"embeddable":true,"href":"https:\/\/blog.zeit.de\/zeit-der-leser\/wp-json\/wp\/v2\/comments?post=1458"}],"version-history":[{"count":1,"href":"https:\/\/blog.zeit.de\/zeit-der-leser\/wp-json\/wp\/v2\/posts\/1458\/revisions"}],"predecessor-version":[{"id":2841,"href":"https:\/\/blog.zeit.de\/zeit-der-leser\/wp-json\/wp\/v2\/posts\/1458\/revisions\/2841"}],"wp:attachment":[{"href":"https:\/\/blog.zeit.de\/zeit-der-leser\/wp-json\/wp\/v2\/media?parent=1458"}],"wp:term":[{"taxonomy":"category","embeddable":true,"href":"https:\/\/blog.zeit.de\/zeit-der-leser\/wp-json\/wp\/v2\/categories?post=1458"},{"taxonomy":"post_tag","embeddable":true,"href":"https:\/\/blog.zeit.de\/zeit-der-leser\/wp-json\/wp\/v2\/tags?post=1458"}],"curies":[{"name":"wp","href":"https:\/\/api.w.org\/{rel}","templated":true}]}}