{"id":14650,"date":"2013-08-26T15:00:13","date_gmt":"2013-08-26T13:00:13","guid":{"rendered":"http:\/\/blog.zeit.de\/zeit-der-leser\/?p=14650"},"modified":"2013-08-26T15:00:25","modified_gmt":"2013-08-26T13:00:25","slug":"14650","status":"publish","type":"post","link":"https:\/\/blog.zeit.de\/zeit-der-leser\/2013\/08\/26\/14650\/","title":{"rendered":"Zeitsprung: Wir Br\u00fcder"},"content":{"rendered":"<div>\n<p><a href=\"https:\/\/blog.zeit.de\/zeit-der-leser\/2013\/08\/23\/strasenbild-16\/s80-zeitsprung-1993\/\" rel=\"attachment wp-att-14624\"><img loading=\"lazy\" decoding=\"async\" class=\"alignleft size-full wp-image-14624\" alt=\"s80-zeitsprung-1993\" src=\"https:\/\/blog.zeit.de\/zeit-der-leser\/files\/2013\/08\/s80-zeitsprung-1993.jpg\" width=\"580\" height=\"457\" srcset=\"https:\/\/blog.zeit.de\/zeit-der-leser\/files\/2013\/08\/s80-zeitsprung-1993.jpg 580w, https:\/\/blog.zeit.de\/zeit-der-leser\/files\/2013\/08\/s80-zeitsprung-1993-300x236.jpg 300w\" sizes=\"auto, (max-width: 580px) 100vw, 580px\" \/><\/a> <a href=\"https:\/\/blog.zeit.de\/zeit-der-leser\/2013\/08\/23\/strasenbild-16\/s80-zeitsprung-2012-2\/\" rel=\"attachment wp-att-14625\"><img loading=\"lazy\" decoding=\"async\" class=\"alignleft size-full wp-image-14625\" alt=\"s80-zeitsprung-2012\" src=\"https:\/\/blog.zeit.de\/zeit-der-leser\/files\/2013\/08\/s80-zeitsprung-2012.jpg\" width=\"580\" height=\"457\" srcset=\"https:\/\/blog.zeit.de\/zeit-der-leser\/files\/2013\/08\/s80-zeitsprung-2012.jpg 580w, https:\/\/blog.zeit.de\/zeit-der-leser\/files\/2013\/08\/s80-zeitsprung-2012-300x236.jpg 300w\" sizes=\"auto, (max-width: 580px) 100vw, 580px\" \/><\/a><\/p>\n<p>Unsere Eltern waren Landwirte in der N\u00e4he von Karlsruhe. Zwischen 1952 und 1969 bekamen sie vier S\u00f6hne und waren froh, dass wir als Helfer in der Landwirtschaft auch lange Zeit verf\u00fcgbar waren. Als wir alle auf weiterf\u00fchrende Schulen gehen und schlie\u00dflich studieren wollten, da ahnten die Eltern wohl, dass es mit dem Nachfolger f\u00fcr den Hof schwierig werden w\u00fcrde. Aber dass wir uns auf der ganzen Welt verstreuen w\u00fcrden? Karlfried, der \u00c4lteste, ging direkt nach dem Studium in die USA, wo er seit 36 Jahren mit seinem Wohnmobil durch die Lande zieht. Ich als Zweiter studierte zumindest Landwirtschaft, aber auch mich zog es in die Ferne, \u00fcber Japan, Hongkong und Polen nach Hamburg. Nur der Dritte, Martin, ist in der\u00a0N\u00e4he der Eltern geblieben, und Andreas, der J\u00fcngste, landete in M\u00fcnchen. Wir vier treffen uns selten. Das erste Bild entstand bei einem der wenigen Besuche von Karlfried in Deutschland. 2012 sind wir anderen drei Br\u00fcder zu ihm gereist, um mit ihm seinen 60. Geburtstag zu feiern. Von Las Vegas ging\u2019s mit dem Wohnmobil durch den Wilden Westen. Am Lagerfeuer gab\u2019s viele lange Diskussionen \u00fcber die gemeinsame Kindheit und die verschiedenen Lebenskonzepte. Auf einer Viehweide entstand das zweite Bild, das uns wie das erste dem Alter nach von rechts nach links zeigt.<\/p>\n<div>\n<div>\n<div>\n<p><strong>Hartmut Glaser<\/strong>, Hamburg<\/p>\n<\/div>\n<\/div>\n<\/div>\n<\/div>\n","protected":false},"excerpt":{"rendered":"<p>Unsere Eltern waren Landwirte in der N\u00e4he von Karlsruhe. Zwischen 1952 und 1969 bekamen sie vier S\u00f6hne und waren froh, dass wir als Helfer in der Landwirtschaft auch lange Zeit verf\u00fcgbar waren. Als wir alle auf weiterf\u00fchrende Schulen gehen und schlie\u00dflich studieren wollten, da ahnten die Eltern wohl, dass es mit dem Nachfolger f\u00fcr den [&hellip;]<\/p>\n","protected":false},"author":265,"featured_media":0,"comment_status":"open","ping_status":"open","sticky":false,"template":"","format":"standard","meta":{"_jetpack_memberships_contains_paid_content":false,"footnotes":""},"categories":[1878],"tags":[],"class_list":["post-14650","post","type-post","status-publish","format-standard","hentry","category-zeitsprung"],"yoast_head":"<!-- This site is optimized with the Yoast SEO plugin v21.0 - https:\/\/yoast.com\/wordpress\/plugins\/seo\/ -->\n<title>Zeitsprung: Wir Br\u00fcder - ZEIT der Leser<\/title>\n<meta name=\"robots\" content=\"index, follow, max-snippet:-1, max-image-preview:large, max-video-preview:-1\" \/>\n<link rel=\"canonical\" href=\"https:\/\/blog.zeit.de\/zeit-der-leser\/2013\/08\/26\/14650\/\" \/>\n<meta property=\"og:locale\" content=\"de_DE\" \/>\n<meta property=\"og:type\" content=\"article\" \/>\n<meta property=\"og:title\" content=\"Zeitsprung: Wir Br\u00fcder - ZEIT der Leser\" \/>\n<meta property=\"og:description\" content=\"Unsere Eltern waren Landwirte in der N\u00e4he von Karlsruhe. Zwischen 1952 und 1969 bekamen sie vier S\u00f6hne und waren froh, dass wir als Helfer in der Landwirtschaft auch lange Zeit verf\u00fcgbar waren. Als wir alle auf weiterf\u00fchrende Schulen gehen und schlie\u00dflich studieren wollten, da ahnten die Eltern wohl, dass es mit dem Nachfolger f\u00fcr den [&hellip;]\" \/>\n<meta property=\"og:url\" content=\"https:\/\/blog.zeit.de\/zeit-der-leser\/2013\/08\/26\/14650\/\" \/>\n<meta property=\"og:site_name\" content=\"ZEIT der Leser\" \/>\n<meta property=\"article:published_time\" content=\"2013-08-26T13:00:13+00:00\" \/>\n<meta property=\"article:modified_time\" content=\"2013-08-26T13:00:25+00:00\" \/>\n<meta property=\"og:image\" content=\"https:\/\/blog.zeit.de\/zeit-der-leser\/files\/2013\/08\/s80-zeitsprung-1993.jpg\" \/>\n<meta name=\"author\" content=\"&quot;Zeit der Leser&quot;-Redaktion\" \/>\n<meta name=\"twitter:card\" content=\"summary_large_image\" \/>\n<meta name=\"twitter:label1\" content=\"Geschrieben von\" \/>\n\t<meta name=\"twitter:data1\" content=\"\"Zeit der Leser\"-Redaktion\" \/>\n\t<meta name=\"twitter:label2\" content=\"Gesch\u00e4tzte Lesezeit\" \/>\n\t<meta name=\"twitter:data2\" content=\"1\u00a0Minute\" \/>\n<script type=\"application\/ld+json\" class=\"yoast-schema-graph\">{\"@context\":\"https:\/\/schema.org\",\"@graph\":[{\"@type\":\"WebPage\",\"@id\":\"https:\/\/blog.zeit.de\/zeit-der-leser\/2013\/08\/26\/14650\/\",\"url\":\"https:\/\/blog.zeit.de\/zeit-der-leser\/2013\/08\/26\/14650\/\",\"name\":\"Zeitsprung: Wir Br\u00fcder - ZEIT der Leser\",\"isPartOf\":{\"@id\":\"https:\/\/blog.zeit.de\/zeit-der-leser\/#website\"},\"datePublished\":\"2013-08-26T13:00:13+00:00\",\"dateModified\":\"2013-08-26T13:00:25+00:00\",\"author\":{\"@id\":\"https:\/\/blog.zeit.de\/zeit-der-leser\/#\/schema\/person\/583b14e5ad6368c23af846ecbde9f20f\"},\"breadcrumb\":{\"@id\":\"https:\/\/blog.zeit.de\/zeit-der-leser\/2013\/08\/26\/14650\/#breadcrumb\"},\"inLanguage\":\"de\",\"potentialAction\":[{\"@type\":\"ReadAction\",\"target\":[\"https:\/\/blog.zeit.de\/zeit-der-leser\/2013\/08\/26\/14650\/\"]}]},{\"@type\":\"BreadcrumbList\",\"@id\":\"https:\/\/blog.zeit.de\/zeit-der-leser\/2013\/08\/26\/14650\/#breadcrumb\",\"itemListElement\":[{\"@type\":\"ListItem\",\"position\":1,\"name\":\"Startseite\",\"item\":\"https:\/\/blog.zeit.de\/zeit-der-leser\/\"},{\"@type\":\"ListItem\",\"position\":2,\"name\":\"Zeitsprung: Wir Br\u00fcder\"}]},{\"@type\":\"WebSite\",\"@id\":\"https:\/\/blog.zeit.de\/zeit-der-leser\/#website\",\"url\":\"https:\/\/blog.zeit.de\/zeit-der-leser\/\",\"name\":\"ZEIT der Leser\",\"description\":\"Ein Blog mit Ihren Notizen, Gedichten und Bildern f\u00fcr die gedruckte ZEIT\",\"potentialAction\":[{\"@type\":\"SearchAction\",\"target\":{\"@type\":\"EntryPoint\",\"urlTemplate\":\"https:\/\/blog.zeit.de\/zeit-der-leser\/?s={search_term_string}\"},\"query-input\":\"required name=search_term_string\"}],\"inLanguage\":\"de\"},{\"@type\":\"Person\",\"@id\":\"https:\/\/blog.zeit.de\/zeit-der-leser\/#\/schema\/person\/583b14e5ad6368c23af846ecbde9f20f\",\"name\":\"\\\"Zeit der Leser\\\"-Redaktion\",\"image\":{\"@type\":\"ImageObject\",\"inLanguage\":\"de\",\"@id\":\"https:\/\/blog.zeit.de\/zeit-der-leser\/#\/schema\/person\/image\/\",\"url\":\"https:\/\/secure.gravatar.com\/avatar\/e801a681bd3bbf2345131a815930b48d9f8e0a94de1346b624840dc850f67ad0?s=96&d=mm&r=g\",\"contentUrl\":\"https:\/\/secure.gravatar.com\/avatar\/e801a681bd3bbf2345131a815930b48d9f8e0a94de1346b624840dc850f67ad0?s=96&d=mm&r=g\",\"caption\":\"\\\"Zeit der Leser\\\"-Redaktion\"},\"url\":\"https:\/\/blog.zeit.de\/zeit-der-leser\/author\/zeit-der-leser-redaktion\/\"}]}<\/script>\n<!-- \/ Yoast SEO plugin. -->","yoast_head_json":{"title":"Zeitsprung: Wir Br\u00fcder - ZEIT der Leser","robots":{"index":"index","follow":"follow","max-snippet":"max-snippet:-1","max-image-preview":"max-image-preview:large","max-video-preview":"max-video-preview:-1"},"canonical":"https:\/\/blog.zeit.de\/zeit-der-leser\/2013\/08\/26\/14650\/","og_locale":"de_DE","og_type":"article","og_title":"Zeitsprung: Wir Br\u00fcder - ZEIT der Leser","og_description":"Unsere Eltern waren Landwirte in der N\u00e4he von Karlsruhe. Zwischen 1952 und 1969 bekamen sie vier S\u00f6hne und waren froh, dass wir als Helfer in der Landwirtschaft auch lange Zeit verf\u00fcgbar waren. Als wir alle auf weiterf\u00fchrende Schulen gehen und schlie\u00dflich studieren wollten, da ahnten die Eltern wohl, dass es mit dem Nachfolger f\u00fcr den [&hellip;]","og_url":"https:\/\/blog.zeit.de\/zeit-der-leser\/2013\/08\/26\/14650\/","og_site_name":"ZEIT der Leser","article_published_time":"2013-08-26T13:00:13+00:00","article_modified_time":"2013-08-26T13:00:25+00:00","og_image":[{"url":"https:\/\/blog.zeit.de\/zeit-der-leser\/files\/2013\/08\/s80-zeitsprung-1993.jpg"}],"author":"\"Zeit der Leser\"-Redaktion","twitter_card":"summary_large_image","twitter_misc":{"Geschrieben von":"\"Zeit der Leser\"-Redaktion","Gesch\u00e4tzte Lesezeit":"1\u00a0Minute"},"schema":{"@context":"https:\/\/schema.org","@graph":[{"@type":"WebPage","@id":"https:\/\/blog.zeit.de\/zeit-der-leser\/2013\/08\/26\/14650\/","url":"https:\/\/blog.zeit.de\/zeit-der-leser\/2013\/08\/26\/14650\/","name":"Zeitsprung: Wir Br\u00fcder - ZEIT der Leser","isPartOf":{"@id":"https:\/\/blog.zeit.de\/zeit-der-leser\/#website"},"datePublished":"2013-08-26T13:00:13+00:00","dateModified":"2013-08-26T13:00:25+00:00","author":{"@id":"https:\/\/blog.zeit.de\/zeit-der-leser\/#\/schema\/person\/583b14e5ad6368c23af846ecbde9f20f"},"breadcrumb":{"@id":"https:\/\/blog.zeit.de\/zeit-der-leser\/2013\/08\/26\/14650\/#breadcrumb"},"inLanguage":"de","potentialAction":[{"@type":"ReadAction","target":["https:\/\/blog.zeit.de\/zeit-der-leser\/2013\/08\/26\/14650\/"]}]},{"@type":"BreadcrumbList","@id":"https:\/\/blog.zeit.de\/zeit-der-leser\/2013\/08\/26\/14650\/#breadcrumb","itemListElement":[{"@type":"ListItem","position":1,"name":"Startseite","item":"https:\/\/blog.zeit.de\/zeit-der-leser\/"},{"@type":"ListItem","position":2,"name":"Zeitsprung: Wir Br\u00fcder"}]},{"@type":"WebSite","@id":"https:\/\/blog.zeit.de\/zeit-der-leser\/#website","url":"https:\/\/blog.zeit.de\/zeit-der-leser\/","name":"ZEIT der Leser","description":"Ein Blog mit Ihren Notizen, Gedichten und Bildern f\u00fcr die gedruckte ZEIT","potentialAction":[{"@type":"SearchAction","target":{"@type":"EntryPoint","urlTemplate":"https:\/\/blog.zeit.de\/zeit-der-leser\/?s={search_term_string}"},"query-input":"required name=search_term_string"}],"inLanguage":"de"},{"@type":"Person","@id":"https:\/\/blog.zeit.de\/zeit-der-leser\/#\/schema\/person\/583b14e5ad6368c23af846ecbde9f20f","name":"\"Zeit der Leser\"-Redaktion","image":{"@type":"ImageObject","inLanguage":"de","@id":"https:\/\/blog.zeit.de\/zeit-der-leser\/#\/schema\/person\/image\/","url":"https:\/\/secure.gravatar.com\/avatar\/e801a681bd3bbf2345131a815930b48d9f8e0a94de1346b624840dc850f67ad0?s=96&d=mm&r=g","contentUrl":"https:\/\/secure.gravatar.com\/avatar\/e801a681bd3bbf2345131a815930b48d9f8e0a94de1346b624840dc850f67ad0?s=96&d=mm&r=g","caption":"\"Zeit der Leser\"-Redaktion"},"url":"https:\/\/blog.zeit.de\/zeit-der-leser\/author\/zeit-der-leser-redaktion\/"}]}},"jetpack_featured_media_url":"","jetpack_sharing_enabled":true,"_links":{"self":[{"href":"https:\/\/blog.zeit.de\/zeit-der-leser\/wp-json\/wp\/v2\/posts\/14650","targetHints":{"allow":["GET"]}}],"collection":[{"href":"https:\/\/blog.zeit.de\/zeit-der-leser\/wp-json\/wp\/v2\/posts"}],"about":[{"href":"https:\/\/blog.zeit.de\/zeit-der-leser\/wp-json\/wp\/v2\/types\/post"}],"author":[{"embeddable":true,"href":"https:\/\/blog.zeit.de\/zeit-der-leser\/wp-json\/wp\/v2\/users\/265"}],"replies":[{"embeddable":true,"href":"https:\/\/blog.zeit.de\/zeit-der-leser\/wp-json\/wp\/v2\/comments?post=14650"}],"version-history":[{"count":3,"href":"https:\/\/blog.zeit.de\/zeit-der-leser\/wp-json\/wp\/v2\/posts\/14650\/revisions"}],"predecessor-version":[{"id":14675,"href":"https:\/\/blog.zeit.de\/zeit-der-leser\/wp-json\/wp\/v2\/posts\/14650\/revisions\/14675"}],"wp:attachment":[{"href":"https:\/\/blog.zeit.de\/zeit-der-leser\/wp-json\/wp\/v2\/media?parent=14650"}],"wp:term":[{"taxonomy":"category","embeddable":true,"href":"https:\/\/blog.zeit.de\/zeit-der-leser\/wp-json\/wp\/v2\/categories?post=14650"},{"taxonomy":"post_tag","embeddable":true,"href":"https:\/\/blog.zeit.de\/zeit-der-leser\/wp-json\/wp\/v2\/tags?post=14650"}],"curies":[{"name":"wp","href":"https:\/\/api.w.org\/{rel}","templated":true}]}}