{"id":14681,"date":"2013-08-27T18:00:39","date_gmt":"2013-08-27T16:00:39","guid":{"rendered":"http:\/\/blog.zeit.de\/zeit-der-leser\/?p=14681"},"modified":"2015-02-20T12:52:16","modified_gmt":"2015-02-20T11:52:16","slug":"mein-wort-schatz-froh","status":"publish","type":"post","link":"https:\/\/blog.zeit.de\/zeit-der-leser\/2013\/08\/27\/mein-wort-schatz-froh\/","title":{"rendered":"Froh: Mein Wort-Schatz"},"content":{"rendered":"<div>\n<div>\n<div>\n<div>\n<p>Als Kinder haben wir gesungen: \u00bb<strong>Froh<\/strong> zu sein bedarf es wenig, und wer froh ist, ist ein K\u00f6nig.\u00ab so richtig verstanden haben wir das Lied wohl nicht, aber wenn wir gesungen haben, dann waren wir froh. \u00bbFroh\u00ab, nicht nach einem Sieg, sondern nach Errettung. Nicht der laute Ausruf \u00bbGeil\u00ab, \u00bbMega\u00ab oder \u00bbHammer\u00ab, sondern das stille Gl\u00fcck, ein bescheidenes, einfaches Gl\u00fcck, gepaart mit Dankbarkeit. Manchmal sag ich zu meiner Frau: \u00bbBin ich froh, dass ich dich hab!\u00ab L\u00e4ngst haben wir beide Runzeln und sie auch noch ein paar Beschwerden. \u00bbFroh\u00ab, die Sicherheit, angenommen zu sein von einem lieben Freund, einem Partner f\u00fcrs Leben. Wenn nicht die Leistung z\u00e4hlt, sondern das ehrliche Bem\u00fchen, dann sind wir ja so froh. Wenn man uns kennt und mit unseren Schw\u00e4chen akzeptiert, dann stimmt uns das froh. Instrumente stimmt man, damit sie im Zusammenspiel harmonisch klingen. Frohe Menschen findet man dort, wo das Zusammenleben harmonisch ist. Da werden die Schwachen getragen, und man freut sich \u00fcber das Gl\u00fcck und die gaben der andern. Manche Gasth\u00e4user tragen den Namen \u00bbFrohsinn\u00ab. Ich bin froh, dass geduldige Lehrer und Lehrerinnen mir lesen und schreiben beigebracht haben. So kann ich jede Woche die Rubrik \u00bbWas mein Leben reicher macht\u00ab lesen und werde froh, weil es viele Menschen gibt, die f\u00fchlen wie ich. \u00bbFroh\u00ab: ein k\u00f6nigliches Gef\u00fchl, das so manchem K\u00f6nig vorenthalten blieb.<\/p>\n<p><strong>Hans Graf<\/strong>, Z\u00fcrich, Schweiz<\/p>\n<\/div>\n<\/div>\n<\/div>\n<\/div>\n","protected":false},"excerpt":{"rendered":"<p>Als Kinder haben wir gesungen: \u00bbFroh zu sein bedarf es wenig, und wer froh ist, ist ein K\u00f6nig.\u00ab so richtig verstanden haben wir das Lied wohl nicht, aber wenn wir gesungen haben, dann waren wir froh. \u00bbFroh\u00ab, nicht nach einem Sieg, sondern nach Errettung. Nicht der laute Ausruf \u00bbGeil\u00ab, \u00bbMega\u00ab oder \u00bbHammer\u00ab, sondern das stille [&hellip;]<\/p>\n","protected":false},"author":265,"featured_media":0,"comment_status":"open","ping_status":"open","sticky":false,"template":"","format":"standard","meta":{"_jetpack_memberships_contains_paid_content":false,"footnotes":""},"categories":[5687],"tags":[],"class_list":["post-14681","post","type-post","status-publish","format-standard","hentry","category-mein-wort-schatz"],"yoast_head":"<!-- This site is optimized with the Yoast SEO plugin v21.0 - https:\/\/yoast.com\/wordpress\/plugins\/seo\/ -->\n<title>Froh: Mein Wort-Schatz - ZEIT der Leser<\/title>\n<meta name=\"robots\" content=\"index, follow, max-snippet:-1, max-image-preview:large, max-video-preview:-1\" \/>\n<link rel=\"canonical\" href=\"https:\/\/blog.zeit.de\/zeit-der-leser\/2013\/08\/27\/mein-wort-schatz-froh\/\" \/>\n<meta property=\"og:locale\" content=\"de_DE\" \/>\n<meta property=\"og:type\" content=\"article\" \/>\n<meta property=\"og:title\" content=\"Froh: Mein Wort-Schatz - ZEIT der Leser\" \/>\n<meta property=\"og:description\" content=\"Als Kinder haben wir gesungen: \u00bbFroh zu sein bedarf es wenig, und wer froh ist, ist ein K\u00f6nig.\u00ab so richtig verstanden haben wir das Lied wohl nicht, aber wenn wir gesungen haben, dann waren wir froh. \u00bbFroh\u00ab, nicht nach einem Sieg, sondern nach Errettung. Nicht der laute Ausruf \u00bbGeil\u00ab, \u00bbMega\u00ab oder \u00bbHammer\u00ab, sondern das stille [&hellip;]\" \/>\n<meta property=\"og:url\" content=\"https:\/\/blog.zeit.de\/zeit-der-leser\/2013\/08\/27\/mein-wort-schatz-froh\/\" \/>\n<meta property=\"og:site_name\" content=\"ZEIT der Leser\" \/>\n<meta property=\"article:published_time\" content=\"2013-08-27T16:00:39+00:00\" \/>\n<meta property=\"article:modified_time\" content=\"2015-02-20T11:52:16+00:00\" \/>\n<meta name=\"author\" content=\"&quot;Zeit der Leser&quot;-Redaktion\" \/>\n<meta name=\"twitter:card\" content=\"summary_large_image\" \/>\n<meta name=\"twitter:label1\" content=\"Geschrieben von\" \/>\n\t<meta name=\"twitter:data1\" content=\"\"Zeit der Leser\"-Redaktion\" \/>\n\t<meta name=\"twitter:label2\" content=\"Gesch\u00e4tzte Lesezeit\" \/>\n\t<meta name=\"twitter:data2\" content=\"1\u00a0Minute\" \/>\n<script type=\"application\/ld+json\" class=\"yoast-schema-graph\">{\"@context\":\"https:\/\/schema.org\",\"@graph\":[{\"@type\":\"WebPage\",\"@id\":\"https:\/\/blog.zeit.de\/zeit-der-leser\/2013\/08\/27\/mein-wort-schatz-froh\/\",\"url\":\"https:\/\/blog.zeit.de\/zeit-der-leser\/2013\/08\/27\/mein-wort-schatz-froh\/\",\"name\":\"Froh: Mein Wort-Schatz - ZEIT der Leser\",\"isPartOf\":{\"@id\":\"https:\/\/blog.zeit.de\/zeit-der-leser\/#website\"},\"datePublished\":\"2013-08-27T16:00:39+00:00\",\"dateModified\":\"2015-02-20T11:52:16+00:00\",\"author\":{\"@id\":\"https:\/\/blog.zeit.de\/zeit-der-leser\/#\/schema\/person\/583b14e5ad6368c23af846ecbde9f20f\"},\"breadcrumb\":{\"@id\":\"https:\/\/blog.zeit.de\/zeit-der-leser\/2013\/08\/27\/mein-wort-schatz-froh\/#breadcrumb\"},\"inLanguage\":\"de\",\"potentialAction\":[{\"@type\":\"ReadAction\",\"target\":[\"https:\/\/blog.zeit.de\/zeit-der-leser\/2013\/08\/27\/mein-wort-schatz-froh\/\"]}]},{\"@type\":\"BreadcrumbList\",\"@id\":\"https:\/\/blog.zeit.de\/zeit-der-leser\/2013\/08\/27\/mein-wort-schatz-froh\/#breadcrumb\",\"itemListElement\":[{\"@type\":\"ListItem\",\"position\":1,\"name\":\"Startseite\",\"item\":\"https:\/\/blog.zeit.de\/zeit-der-leser\/\"},{\"@type\":\"ListItem\",\"position\":2,\"name\":\"Froh: Mein Wort-Schatz\"}]},{\"@type\":\"WebSite\",\"@id\":\"https:\/\/blog.zeit.de\/zeit-der-leser\/#website\",\"url\":\"https:\/\/blog.zeit.de\/zeit-der-leser\/\",\"name\":\"ZEIT der Leser\",\"description\":\"Ein Blog mit Ihren Notizen, Gedichten und Bildern f\u00fcr die gedruckte ZEIT\",\"potentialAction\":[{\"@type\":\"SearchAction\",\"target\":{\"@type\":\"EntryPoint\",\"urlTemplate\":\"https:\/\/blog.zeit.de\/zeit-der-leser\/?s={search_term_string}\"},\"query-input\":\"required name=search_term_string\"}],\"inLanguage\":\"de\"},{\"@type\":\"Person\",\"@id\":\"https:\/\/blog.zeit.de\/zeit-der-leser\/#\/schema\/person\/583b14e5ad6368c23af846ecbde9f20f\",\"name\":\"\\\"Zeit der Leser\\\"-Redaktion\",\"image\":{\"@type\":\"ImageObject\",\"inLanguage\":\"de\",\"@id\":\"https:\/\/blog.zeit.de\/zeit-der-leser\/#\/schema\/person\/image\/\",\"url\":\"https:\/\/secure.gravatar.com\/avatar\/e801a681bd3bbf2345131a815930b48d9f8e0a94de1346b624840dc850f67ad0?s=96&d=mm&r=g\",\"contentUrl\":\"https:\/\/secure.gravatar.com\/avatar\/e801a681bd3bbf2345131a815930b48d9f8e0a94de1346b624840dc850f67ad0?s=96&d=mm&r=g\",\"caption\":\"\\\"Zeit der Leser\\\"-Redaktion\"},\"url\":\"https:\/\/blog.zeit.de\/zeit-der-leser\/author\/zeit-der-leser-redaktion\/\"}]}<\/script>\n<!-- \/ Yoast SEO plugin. -->","yoast_head_json":{"title":"Froh: Mein Wort-Schatz - ZEIT der Leser","robots":{"index":"index","follow":"follow","max-snippet":"max-snippet:-1","max-image-preview":"max-image-preview:large","max-video-preview":"max-video-preview:-1"},"canonical":"https:\/\/blog.zeit.de\/zeit-der-leser\/2013\/08\/27\/mein-wort-schatz-froh\/","og_locale":"de_DE","og_type":"article","og_title":"Froh: Mein Wort-Schatz - ZEIT der Leser","og_description":"Als Kinder haben wir gesungen: \u00bbFroh zu sein bedarf es wenig, und wer froh ist, ist ein K\u00f6nig.\u00ab so richtig verstanden haben wir das Lied wohl nicht, aber wenn wir gesungen haben, dann waren wir froh. \u00bbFroh\u00ab, nicht nach einem Sieg, sondern nach Errettung. Nicht der laute Ausruf \u00bbGeil\u00ab, \u00bbMega\u00ab oder \u00bbHammer\u00ab, sondern das stille [&hellip;]","og_url":"https:\/\/blog.zeit.de\/zeit-der-leser\/2013\/08\/27\/mein-wort-schatz-froh\/","og_site_name":"ZEIT der Leser","article_published_time":"2013-08-27T16:00:39+00:00","article_modified_time":"2015-02-20T11:52:16+00:00","author":"\"Zeit der Leser\"-Redaktion","twitter_card":"summary_large_image","twitter_misc":{"Geschrieben von":"\"Zeit der Leser\"-Redaktion","Gesch\u00e4tzte Lesezeit":"1\u00a0Minute"},"schema":{"@context":"https:\/\/schema.org","@graph":[{"@type":"WebPage","@id":"https:\/\/blog.zeit.de\/zeit-der-leser\/2013\/08\/27\/mein-wort-schatz-froh\/","url":"https:\/\/blog.zeit.de\/zeit-der-leser\/2013\/08\/27\/mein-wort-schatz-froh\/","name":"Froh: Mein Wort-Schatz - ZEIT der Leser","isPartOf":{"@id":"https:\/\/blog.zeit.de\/zeit-der-leser\/#website"},"datePublished":"2013-08-27T16:00:39+00:00","dateModified":"2015-02-20T11:52:16+00:00","author":{"@id":"https:\/\/blog.zeit.de\/zeit-der-leser\/#\/schema\/person\/583b14e5ad6368c23af846ecbde9f20f"},"breadcrumb":{"@id":"https:\/\/blog.zeit.de\/zeit-der-leser\/2013\/08\/27\/mein-wort-schatz-froh\/#breadcrumb"},"inLanguage":"de","potentialAction":[{"@type":"ReadAction","target":["https:\/\/blog.zeit.de\/zeit-der-leser\/2013\/08\/27\/mein-wort-schatz-froh\/"]}]},{"@type":"BreadcrumbList","@id":"https:\/\/blog.zeit.de\/zeit-der-leser\/2013\/08\/27\/mein-wort-schatz-froh\/#breadcrumb","itemListElement":[{"@type":"ListItem","position":1,"name":"Startseite","item":"https:\/\/blog.zeit.de\/zeit-der-leser\/"},{"@type":"ListItem","position":2,"name":"Froh: Mein Wort-Schatz"}]},{"@type":"WebSite","@id":"https:\/\/blog.zeit.de\/zeit-der-leser\/#website","url":"https:\/\/blog.zeit.de\/zeit-der-leser\/","name":"ZEIT der Leser","description":"Ein Blog mit Ihren Notizen, Gedichten und Bildern f\u00fcr die gedruckte ZEIT","potentialAction":[{"@type":"SearchAction","target":{"@type":"EntryPoint","urlTemplate":"https:\/\/blog.zeit.de\/zeit-der-leser\/?s={search_term_string}"},"query-input":"required name=search_term_string"}],"inLanguage":"de"},{"@type":"Person","@id":"https:\/\/blog.zeit.de\/zeit-der-leser\/#\/schema\/person\/583b14e5ad6368c23af846ecbde9f20f","name":"\"Zeit der Leser\"-Redaktion","image":{"@type":"ImageObject","inLanguage":"de","@id":"https:\/\/blog.zeit.de\/zeit-der-leser\/#\/schema\/person\/image\/","url":"https:\/\/secure.gravatar.com\/avatar\/e801a681bd3bbf2345131a815930b48d9f8e0a94de1346b624840dc850f67ad0?s=96&d=mm&r=g","contentUrl":"https:\/\/secure.gravatar.com\/avatar\/e801a681bd3bbf2345131a815930b48d9f8e0a94de1346b624840dc850f67ad0?s=96&d=mm&r=g","caption":"\"Zeit der Leser\"-Redaktion"},"url":"https:\/\/blog.zeit.de\/zeit-der-leser\/author\/zeit-der-leser-redaktion\/"}]}},"jetpack_featured_media_url":"","jetpack_sharing_enabled":true,"_links":{"self":[{"href":"https:\/\/blog.zeit.de\/zeit-der-leser\/wp-json\/wp\/v2\/posts\/14681","targetHints":{"allow":["GET"]}}],"collection":[{"href":"https:\/\/blog.zeit.de\/zeit-der-leser\/wp-json\/wp\/v2\/posts"}],"about":[{"href":"https:\/\/blog.zeit.de\/zeit-der-leser\/wp-json\/wp\/v2\/types\/post"}],"author":[{"embeddable":true,"href":"https:\/\/blog.zeit.de\/zeit-der-leser\/wp-json\/wp\/v2\/users\/265"}],"replies":[{"embeddable":true,"href":"https:\/\/blog.zeit.de\/zeit-der-leser\/wp-json\/wp\/v2\/comments?post=14681"}],"version-history":[{"count":6,"href":"https:\/\/blog.zeit.de\/zeit-der-leser\/wp-json\/wp\/v2\/posts\/14681\/revisions"}],"predecessor-version":[{"id":19637,"href":"https:\/\/blog.zeit.de\/zeit-der-leser\/wp-json\/wp\/v2\/posts\/14681\/revisions\/19637"}],"wp:attachment":[{"href":"https:\/\/blog.zeit.de\/zeit-der-leser\/wp-json\/wp\/v2\/media?parent=14681"}],"wp:term":[{"taxonomy":"category","embeddable":true,"href":"https:\/\/blog.zeit.de\/zeit-der-leser\/wp-json\/wp\/v2\/categories?post=14681"},{"taxonomy":"post_tag","embeddable":true,"href":"https:\/\/blog.zeit.de\/zeit-der-leser\/wp-json\/wp\/v2\/tags?post=14681"}],"curies":[{"name":"wp","href":"https:\/\/api.w.org\/{rel}","templated":true}]}}