{"id":14722,"date":"2013-09-03T15:00:27","date_gmt":"2013-09-03T13:00:27","guid":{"rendered":"http:\/\/blog.zeit.de\/zeit-der-leser\/?p=14722"},"modified":"2013-09-03T15:00:31","modified_gmt":"2013-09-03T13:00:31","slug":"14722","status":"publish","type":"post","link":"https:\/\/blog.zeit.de\/zeit-der-leser\/2013\/09\/03\/14722\/","title":{"rendered":"Zeitsprung: Eine Schule in Birkenfelde"},"content":{"rendered":"<div>\n<p><a href=\"https:\/\/blog.zeit.de\/zeit-der-leser\/2013\/08\/30\/das-fusballquartett\/s72-zeitsprung-2063\/\" rel=\"attachment wp-att-14700\"><img loading=\"lazy\" decoding=\"async\" class=\"alignleft size-full wp-image-14700\" alt=\"s72-zeitsprung-2063\" src=\"https:\/\/blog.zeit.de\/zeit-der-leser\/files\/2013\/08\/s72-zeitsprung-2063.jpg\" width=\"580\" height=\"387\" srcset=\"https:\/\/blog.zeit.de\/zeit-der-leser\/files\/2013\/08\/s72-zeitsprung-2063.jpg 580w, https:\/\/blog.zeit.de\/zeit-der-leser\/files\/2013\/08\/s72-zeitsprung-2063-300x200.jpg 300w\" sizes=\"auto, (max-width: 580px) 100vw, 580px\" \/><\/a> <a href=\"https:\/\/blog.zeit.de\/zeit-der-leser\/2013\/08\/30\/das-fusballquartett\/s72-zeitsprung-2013\/\" rel=\"attachment wp-att-14699\"><img loading=\"lazy\" decoding=\"async\" class=\"alignleft size-full wp-image-14699\" alt=\"s72-zeitsprung-2013\" src=\"https:\/\/blog.zeit.de\/zeit-der-leser\/files\/2013\/08\/s72-zeitsprung-2013.jpg\" width=\"580\" height=\"387\" srcset=\"https:\/\/blog.zeit.de\/zeit-der-leser\/files\/2013\/08\/s72-zeitsprung-2013.jpg 580w, https:\/\/blog.zeit.de\/zeit-der-leser\/files\/2013\/08\/s72-zeitsprung-2013-300x200.jpg 300w\" sizes=\"auto, (max-width: 580px) 100vw, 580px\" \/><\/a><\/p>\n<p>Birkenfeld? Wo soll das sein? Diese Frage stellte sich mir, als ich 2007 eine stelle am Gymnasium Birkenfeld angeboten bekam. Genau diese Frage muss sich aber auch Herzog Peter I. von Holstein-Oldenburg (1755 bis 1829) gestellt haben, als ihm im Zuge des Wiener Kongresses (1815) das Gebiet des sp\u00e4teren F\u00fcrstentums Birkenfeld als Ausgleich f\u00fcr verlorene Weserz\u00f6lle zugeteilt wurde. Zu diesem Zeitpunkt hatte das heutige Gymnasium schon eine wechselvolle Geschichte hinter sich. Zun\u00e4chst als Lateinschule auf der Birkenfelder Burg gegr\u00fcndet (1779), erhielt es unter den Oldenburger Herrschern das ehemalige badische Amtshaus als Ort der Bildung\u00a0zugeteilt. Nach dem Untergang der Monarchien 1918 zog die Lehranstalt in die ehemalige Kaserne um. Daneben nutzte man seit 1929 teile des alten Gefangenenhauses. Nicht gerade die besten Verh\u00e4ltnisse f\u00fcr die traditionsreichste schule im Landkreis Birkenfeld. Erst Ende der f\u00fcnfziger Jahre begannen die Bauarbeiten f\u00fcr einen modernen Geb\u00e4udekomplex. Im Jahr 1963 konnte das neue Schulgeb\u00e4ude dann endlich bezogen werden. Seitdem sind genau f\u00fcnfzig Jahre vergangen.<\/p>\n<div>\n<p><strong>Hans-Georg Heck<\/strong>, Birkenfeld, Rheinland-Pfalz<\/p>\n<\/div>\n<\/div>\n","protected":false},"excerpt":{"rendered":"<p>Birkenfeld? Wo soll das sein? Diese Frage stellte sich mir, als ich 2007 eine stelle am Gymnasium Birkenfeld angeboten bekam. Genau diese Frage muss sich aber auch Herzog Peter I. von Holstein-Oldenburg (1755 bis 1829) gestellt haben, als ihm im Zuge des Wiener Kongresses (1815) das Gebiet des sp\u00e4teren F\u00fcrstentums Birkenfeld als Ausgleich f\u00fcr verlorene [&hellip;]<\/p>\n","protected":false},"author":265,"featured_media":0,"comment_status":"open","ping_status":"open","sticky":false,"template":"","format":"standard","meta":{"_jetpack_memberships_contains_paid_content":false,"footnotes":""},"categories":[1878],"tags":[],"class_list":["post-14722","post","type-post","status-publish","format-standard","hentry","category-zeitsprung"],"yoast_head":"<!-- This site is optimized with the Yoast SEO plugin v21.0 - https:\/\/yoast.com\/wordpress\/plugins\/seo\/ -->\n<title>Zeitsprung: Eine Schule in Birkenfelde - ZEIT der Leser<\/title>\n<meta name=\"robots\" content=\"index, follow, max-snippet:-1, max-image-preview:large, max-video-preview:-1\" \/>\n<link rel=\"canonical\" href=\"https:\/\/blog.zeit.de\/zeit-der-leser\/2013\/09\/03\/14722\/\" \/>\n<meta property=\"og:locale\" content=\"de_DE\" \/>\n<meta property=\"og:type\" content=\"article\" \/>\n<meta property=\"og:title\" content=\"Zeitsprung: Eine Schule in Birkenfelde - ZEIT der Leser\" \/>\n<meta property=\"og:description\" content=\"Birkenfeld? Wo soll das sein? Diese Frage stellte sich mir, als ich 2007 eine stelle am Gymnasium Birkenfeld angeboten bekam. Genau diese Frage muss sich aber auch Herzog Peter I. von Holstein-Oldenburg (1755 bis 1829) gestellt haben, als ihm im Zuge des Wiener Kongresses (1815) das Gebiet des sp\u00e4teren F\u00fcrstentums Birkenfeld als Ausgleich f\u00fcr verlorene [&hellip;]\" \/>\n<meta property=\"og:url\" content=\"https:\/\/blog.zeit.de\/zeit-der-leser\/2013\/09\/03\/14722\/\" \/>\n<meta property=\"og:site_name\" content=\"ZEIT der Leser\" \/>\n<meta property=\"article:published_time\" content=\"2013-09-03T13:00:27+00:00\" \/>\n<meta property=\"article:modified_time\" content=\"2013-09-03T13:00:31+00:00\" \/>\n<meta property=\"og:image\" content=\"https:\/\/blog.zeit.de\/zeit-der-leser\/files\/2013\/08\/s72-zeitsprung-2063.jpg\" \/>\n<meta name=\"author\" content=\"&quot;Zeit der Leser&quot;-Redaktion\" \/>\n<meta name=\"twitter:card\" content=\"summary_large_image\" \/>\n<meta name=\"twitter:label1\" content=\"Geschrieben von\" \/>\n\t<meta name=\"twitter:data1\" content=\"\"Zeit der Leser\"-Redaktion\" \/>\n\t<meta name=\"twitter:label2\" content=\"Gesch\u00e4tzte Lesezeit\" \/>\n\t<meta name=\"twitter:data2\" content=\"1\u00a0Minute\" \/>\n<script type=\"application\/ld+json\" class=\"yoast-schema-graph\">{\"@context\":\"https:\/\/schema.org\",\"@graph\":[{\"@type\":\"WebPage\",\"@id\":\"https:\/\/blog.zeit.de\/zeit-der-leser\/2013\/09\/03\/14722\/\",\"url\":\"https:\/\/blog.zeit.de\/zeit-der-leser\/2013\/09\/03\/14722\/\",\"name\":\"Zeitsprung: Eine Schule in Birkenfelde - ZEIT der Leser\",\"isPartOf\":{\"@id\":\"https:\/\/blog.zeit.de\/zeit-der-leser\/#website\"},\"datePublished\":\"2013-09-03T13:00:27+00:00\",\"dateModified\":\"2013-09-03T13:00:31+00:00\",\"author\":{\"@id\":\"https:\/\/blog.zeit.de\/zeit-der-leser\/#\/schema\/person\/583b14e5ad6368c23af846ecbde9f20f\"},\"breadcrumb\":{\"@id\":\"https:\/\/blog.zeit.de\/zeit-der-leser\/2013\/09\/03\/14722\/#breadcrumb\"},\"inLanguage\":\"de\",\"potentialAction\":[{\"@type\":\"ReadAction\",\"target\":[\"https:\/\/blog.zeit.de\/zeit-der-leser\/2013\/09\/03\/14722\/\"]}]},{\"@type\":\"BreadcrumbList\",\"@id\":\"https:\/\/blog.zeit.de\/zeit-der-leser\/2013\/09\/03\/14722\/#breadcrumb\",\"itemListElement\":[{\"@type\":\"ListItem\",\"position\":1,\"name\":\"Startseite\",\"item\":\"https:\/\/blog.zeit.de\/zeit-der-leser\/\"},{\"@type\":\"ListItem\",\"position\":2,\"name\":\"Zeitsprung: Eine Schule in Birkenfelde\"}]},{\"@type\":\"WebSite\",\"@id\":\"https:\/\/blog.zeit.de\/zeit-der-leser\/#website\",\"url\":\"https:\/\/blog.zeit.de\/zeit-der-leser\/\",\"name\":\"ZEIT der Leser\",\"description\":\"Ein Blog mit Ihren Notizen, Gedichten und Bildern f\u00fcr die gedruckte ZEIT\",\"potentialAction\":[{\"@type\":\"SearchAction\",\"target\":{\"@type\":\"EntryPoint\",\"urlTemplate\":\"https:\/\/blog.zeit.de\/zeit-der-leser\/?s={search_term_string}\"},\"query-input\":\"required name=search_term_string\"}],\"inLanguage\":\"de\"},{\"@type\":\"Person\",\"@id\":\"https:\/\/blog.zeit.de\/zeit-der-leser\/#\/schema\/person\/583b14e5ad6368c23af846ecbde9f20f\",\"name\":\"\\\"Zeit der Leser\\\"-Redaktion\",\"image\":{\"@type\":\"ImageObject\",\"inLanguage\":\"de\",\"@id\":\"https:\/\/blog.zeit.de\/zeit-der-leser\/#\/schema\/person\/image\/\",\"url\":\"https:\/\/secure.gravatar.com\/avatar\/e801a681bd3bbf2345131a815930b48d9f8e0a94de1346b624840dc850f67ad0?s=96&d=mm&r=g\",\"contentUrl\":\"https:\/\/secure.gravatar.com\/avatar\/e801a681bd3bbf2345131a815930b48d9f8e0a94de1346b624840dc850f67ad0?s=96&d=mm&r=g\",\"caption\":\"\\\"Zeit der Leser\\\"-Redaktion\"},\"url\":\"https:\/\/blog.zeit.de\/zeit-der-leser\/author\/zeit-der-leser-redaktion\/\"}]}<\/script>\n<!-- \/ Yoast SEO plugin. -->","yoast_head_json":{"title":"Zeitsprung: Eine Schule in Birkenfelde - ZEIT der Leser","robots":{"index":"index","follow":"follow","max-snippet":"max-snippet:-1","max-image-preview":"max-image-preview:large","max-video-preview":"max-video-preview:-1"},"canonical":"https:\/\/blog.zeit.de\/zeit-der-leser\/2013\/09\/03\/14722\/","og_locale":"de_DE","og_type":"article","og_title":"Zeitsprung: Eine Schule in Birkenfelde - ZEIT der Leser","og_description":"Birkenfeld? Wo soll das sein? Diese Frage stellte sich mir, als ich 2007 eine stelle am Gymnasium Birkenfeld angeboten bekam. Genau diese Frage muss sich aber auch Herzog Peter I. von Holstein-Oldenburg (1755 bis 1829) gestellt haben, als ihm im Zuge des Wiener Kongresses (1815) das Gebiet des sp\u00e4teren F\u00fcrstentums Birkenfeld als Ausgleich f\u00fcr verlorene [&hellip;]","og_url":"https:\/\/blog.zeit.de\/zeit-der-leser\/2013\/09\/03\/14722\/","og_site_name":"ZEIT der Leser","article_published_time":"2013-09-03T13:00:27+00:00","article_modified_time":"2013-09-03T13:00:31+00:00","og_image":[{"url":"https:\/\/blog.zeit.de\/zeit-der-leser\/files\/2013\/08\/s72-zeitsprung-2063.jpg"}],"author":"\"Zeit der Leser\"-Redaktion","twitter_card":"summary_large_image","twitter_misc":{"Geschrieben von":"\"Zeit der Leser\"-Redaktion","Gesch\u00e4tzte Lesezeit":"1\u00a0Minute"},"schema":{"@context":"https:\/\/schema.org","@graph":[{"@type":"WebPage","@id":"https:\/\/blog.zeit.de\/zeit-der-leser\/2013\/09\/03\/14722\/","url":"https:\/\/blog.zeit.de\/zeit-der-leser\/2013\/09\/03\/14722\/","name":"Zeitsprung: Eine Schule in Birkenfelde - ZEIT der Leser","isPartOf":{"@id":"https:\/\/blog.zeit.de\/zeit-der-leser\/#website"},"datePublished":"2013-09-03T13:00:27+00:00","dateModified":"2013-09-03T13:00:31+00:00","author":{"@id":"https:\/\/blog.zeit.de\/zeit-der-leser\/#\/schema\/person\/583b14e5ad6368c23af846ecbde9f20f"},"breadcrumb":{"@id":"https:\/\/blog.zeit.de\/zeit-der-leser\/2013\/09\/03\/14722\/#breadcrumb"},"inLanguage":"de","potentialAction":[{"@type":"ReadAction","target":["https:\/\/blog.zeit.de\/zeit-der-leser\/2013\/09\/03\/14722\/"]}]},{"@type":"BreadcrumbList","@id":"https:\/\/blog.zeit.de\/zeit-der-leser\/2013\/09\/03\/14722\/#breadcrumb","itemListElement":[{"@type":"ListItem","position":1,"name":"Startseite","item":"https:\/\/blog.zeit.de\/zeit-der-leser\/"},{"@type":"ListItem","position":2,"name":"Zeitsprung: Eine Schule in Birkenfelde"}]},{"@type":"WebSite","@id":"https:\/\/blog.zeit.de\/zeit-der-leser\/#website","url":"https:\/\/blog.zeit.de\/zeit-der-leser\/","name":"ZEIT der Leser","description":"Ein Blog mit Ihren Notizen, Gedichten und Bildern f\u00fcr die gedruckte ZEIT","potentialAction":[{"@type":"SearchAction","target":{"@type":"EntryPoint","urlTemplate":"https:\/\/blog.zeit.de\/zeit-der-leser\/?s={search_term_string}"},"query-input":"required name=search_term_string"}],"inLanguage":"de"},{"@type":"Person","@id":"https:\/\/blog.zeit.de\/zeit-der-leser\/#\/schema\/person\/583b14e5ad6368c23af846ecbde9f20f","name":"\"Zeit der Leser\"-Redaktion","image":{"@type":"ImageObject","inLanguage":"de","@id":"https:\/\/blog.zeit.de\/zeit-der-leser\/#\/schema\/person\/image\/","url":"https:\/\/secure.gravatar.com\/avatar\/e801a681bd3bbf2345131a815930b48d9f8e0a94de1346b624840dc850f67ad0?s=96&d=mm&r=g","contentUrl":"https:\/\/secure.gravatar.com\/avatar\/e801a681bd3bbf2345131a815930b48d9f8e0a94de1346b624840dc850f67ad0?s=96&d=mm&r=g","caption":"\"Zeit der Leser\"-Redaktion"},"url":"https:\/\/blog.zeit.de\/zeit-der-leser\/author\/zeit-der-leser-redaktion\/"}]}},"jetpack_featured_media_url":"","jetpack_sharing_enabled":true,"_links":{"self":[{"href":"https:\/\/blog.zeit.de\/zeit-der-leser\/wp-json\/wp\/v2\/posts\/14722","targetHints":{"allow":["GET"]}}],"collection":[{"href":"https:\/\/blog.zeit.de\/zeit-der-leser\/wp-json\/wp\/v2\/posts"}],"about":[{"href":"https:\/\/blog.zeit.de\/zeit-der-leser\/wp-json\/wp\/v2\/types\/post"}],"author":[{"embeddable":true,"href":"https:\/\/blog.zeit.de\/zeit-der-leser\/wp-json\/wp\/v2\/users\/265"}],"replies":[{"embeddable":true,"href":"https:\/\/blog.zeit.de\/zeit-der-leser\/wp-json\/wp\/v2\/comments?post=14722"}],"version-history":[{"count":5,"href":"https:\/\/blog.zeit.de\/zeit-der-leser\/wp-json\/wp\/v2\/posts\/14722\/revisions"}],"predecessor-version":[{"id":14744,"href":"https:\/\/blog.zeit.de\/zeit-der-leser\/wp-json\/wp\/v2\/posts\/14722\/revisions\/14744"}],"wp:attachment":[{"href":"https:\/\/blog.zeit.de\/zeit-der-leser\/wp-json\/wp\/v2\/media?parent=14722"}],"wp:term":[{"taxonomy":"category","embeddable":true,"href":"https:\/\/blog.zeit.de\/zeit-der-leser\/wp-json\/wp\/v2\/categories?post=14722"},{"taxonomy":"post_tag","embeddable":true,"href":"https:\/\/blog.zeit.de\/zeit-der-leser\/wp-json\/wp\/v2\/tags?post=14722"}],"curies":[{"name":"wp","href":"https:\/\/api.w.org\/{rel}","templated":true}]}}