{"id":14765,"date":"2013-09-07T15:00:47","date_gmt":"2013-09-07T13:00:47","guid":{"rendered":"http:\/\/blog.zeit.de\/zeit-der-leser\/?p=14765"},"modified":"2015-02-20T12:51:13","modified_gmt":"2015-02-20T11:51:13","slug":"mein-wort-schatz-ausgefuchst","status":"publish","type":"post","link":"https:\/\/blog.zeit.de\/zeit-der-leser\/2013\/09\/07\/mein-wort-schatz-ausgefuchst\/","title":{"rendered":"Ausgefuchst: Mein Wort-Schatz"},"content":{"rendered":"<div>\n<p>Ein au\u00dfergew\u00f6hnliches, obgleich schlichtes Wort ist <strong>ausgefuchst<\/strong>. Es ist n\u00e4mlich fast so vielseitig wie das englische Wort cool. Im Normalsprech k\u00f6nnte man es zun\u00e4chst mit den Begriffen \u00bbschlau\u00ab, \u00bbclever\u00ab, \u00bblistig\u00ab und \u00bbintelligent\u00ab \u00fcbersetzen. Aber eigentlich ist \u00bbausgefuchst\u00ab auch damit unzureichend beschrieben.<br \/>\nDenn erstens verspr\u00fcht es einen unglaublichen Charme und Witz \u2013 egal, in welcher Situation \u2013 und besitzt damit auch einen hohen Ansteckungswert. Zweitens ist ein ironischer Gebrauch leichter m\u00f6glich als bei dem Attribut \u00bbschlau\u00ab. Drittens kann es Bewunderung f\u00fcr schlaue, eben ausgefuchste Handlungen oder Menschen kundtun, ohne schleimig zu wirken.<\/p>\n<p><strong>Philip Dingeldey<\/strong>,\u00a0Hersbruck, Mittelfranken<\/p>\n<\/div>\n","protected":false},"excerpt":{"rendered":"<p>Ein au\u00dfergew\u00f6hnliches, obgleich schlichtes Wort ist ausgefuchst. Es ist n\u00e4mlich fast so vielseitig wie das englische Wort cool. Im Normalsprech k\u00f6nnte man es zun\u00e4chst mit den Begriffen \u00bbschlau\u00ab, \u00bbclever\u00ab, \u00bblistig\u00ab und \u00bbintelligent\u00ab \u00fcbersetzen. Aber eigentlich ist \u00bbausgefuchst\u00ab auch damit unzureichend beschrieben. Denn erstens verspr\u00fcht es einen unglaublichen Charme und Witz \u2013 egal, in welcher Situation [&hellip;]<\/p>\n","protected":false},"author":265,"featured_media":0,"comment_status":"open","ping_status":"open","sticky":false,"template":"","format":"standard","meta":{"_jetpack_memberships_contains_paid_content":false,"footnotes":""},"categories":[5687],"tags":[],"class_list":["post-14765","post","type-post","status-publish","format-standard","hentry","category-mein-wort-schatz"],"yoast_head":"<!-- This site is optimized with the Yoast SEO plugin v21.0 - https:\/\/yoast.com\/wordpress\/plugins\/seo\/ -->\n<title>Ausgefuchst: Mein Wort-Schatz - ZEIT der Leser<\/title>\n<meta name=\"robots\" content=\"index, follow, max-snippet:-1, max-image-preview:large, max-video-preview:-1\" \/>\n<link rel=\"canonical\" href=\"https:\/\/blog.zeit.de\/zeit-der-leser\/2013\/09\/07\/mein-wort-schatz-ausgefuchst\/\" \/>\n<meta property=\"og:locale\" content=\"de_DE\" \/>\n<meta property=\"og:type\" content=\"article\" \/>\n<meta property=\"og:title\" content=\"Ausgefuchst: Mein Wort-Schatz - ZEIT der Leser\" \/>\n<meta property=\"og:description\" content=\"Ein au\u00dfergew\u00f6hnliches, obgleich schlichtes Wort ist ausgefuchst. Es ist n\u00e4mlich fast so vielseitig wie das englische Wort cool. Im Normalsprech k\u00f6nnte man es zun\u00e4chst mit den Begriffen \u00bbschlau\u00ab, \u00bbclever\u00ab, \u00bblistig\u00ab und \u00bbintelligent\u00ab \u00fcbersetzen. Aber eigentlich ist \u00bbausgefuchst\u00ab auch damit unzureichend beschrieben. Denn erstens verspr\u00fcht es einen unglaublichen Charme und Witz \u2013 egal, in welcher Situation [&hellip;]\" \/>\n<meta property=\"og:url\" content=\"https:\/\/blog.zeit.de\/zeit-der-leser\/2013\/09\/07\/mein-wort-schatz-ausgefuchst\/\" \/>\n<meta property=\"og:site_name\" content=\"ZEIT der Leser\" \/>\n<meta property=\"article:published_time\" content=\"2013-09-07T13:00:47+00:00\" \/>\n<meta property=\"article:modified_time\" content=\"2015-02-20T11:51:13+00:00\" \/>\n<meta name=\"author\" content=\"&quot;Zeit der Leser&quot;-Redaktion\" \/>\n<meta name=\"twitter:card\" content=\"summary_large_image\" \/>\n<meta name=\"twitter:label1\" content=\"Geschrieben von\" \/>\n\t<meta name=\"twitter:data1\" content=\"\"Zeit der Leser\"-Redaktion\" \/>\n\t<meta name=\"twitter:label2\" content=\"Gesch\u00e4tzte Lesezeit\" \/>\n\t<meta name=\"twitter:data2\" content=\"1\u00a0Minute\" \/>\n<script type=\"application\/ld+json\" class=\"yoast-schema-graph\">{\"@context\":\"https:\/\/schema.org\",\"@graph\":[{\"@type\":\"WebPage\",\"@id\":\"https:\/\/blog.zeit.de\/zeit-der-leser\/2013\/09\/07\/mein-wort-schatz-ausgefuchst\/\",\"url\":\"https:\/\/blog.zeit.de\/zeit-der-leser\/2013\/09\/07\/mein-wort-schatz-ausgefuchst\/\",\"name\":\"Ausgefuchst: Mein Wort-Schatz - ZEIT der Leser\",\"isPartOf\":{\"@id\":\"https:\/\/blog.zeit.de\/zeit-der-leser\/#website\"},\"datePublished\":\"2013-09-07T13:00:47+00:00\",\"dateModified\":\"2015-02-20T11:51:13+00:00\",\"author\":{\"@id\":\"https:\/\/blog.zeit.de\/zeit-der-leser\/#\/schema\/person\/583b14e5ad6368c23af846ecbde9f20f\"},\"breadcrumb\":{\"@id\":\"https:\/\/blog.zeit.de\/zeit-der-leser\/2013\/09\/07\/mein-wort-schatz-ausgefuchst\/#breadcrumb\"},\"inLanguage\":\"de\",\"potentialAction\":[{\"@type\":\"ReadAction\",\"target\":[\"https:\/\/blog.zeit.de\/zeit-der-leser\/2013\/09\/07\/mein-wort-schatz-ausgefuchst\/\"]}]},{\"@type\":\"BreadcrumbList\",\"@id\":\"https:\/\/blog.zeit.de\/zeit-der-leser\/2013\/09\/07\/mein-wort-schatz-ausgefuchst\/#breadcrumb\",\"itemListElement\":[{\"@type\":\"ListItem\",\"position\":1,\"name\":\"Startseite\",\"item\":\"https:\/\/blog.zeit.de\/zeit-der-leser\/\"},{\"@type\":\"ListItem\",\"position\":2,\"name\":\"Ausgefuchst: Mein Wort-Schatz\"}]},{\"@type\":\"WebSite\",\"@id\":\"https:\/\/blog.zeit.de\/zeit-der-leser\/#website\",\"url\":\"https:\/\/blog.zeit.de\/zeit-der-leser\/\",\"name\":\"ZEIT der Leser\",\"description\":\"Ein Blog mit Ihren Notizen, Gedichten und Bildern f\u00fcr die gedruckte ZEIT\",\"potentialAction\":[{\"@type\":\"SearchAction\",\"target\":{\"@type\":\"EntryPoint\",\"urlTemplate\":\"https:\/\/blog.zeit.de\/zeit-der-leser\/?s={search_term_string}\"},\"query-input\":\"required name=search_term_string\"}],\"inLanguage\":\"de\"},{\"@type\":\"Person\",\"@id\":\"https:\/\/blog.zeit.de\/zeit-der-leser\/#\/schema\/person\/583b14e5ad6368c23af846ecbde9f20f\",\"name\":\"\\\"Zeit der Leser\\\"-Redaktion\",\"image\":{\"@type\":\"ImageObject\",\"inLanguage\":\"de\",\"@id\":\"https:\/\/blog.zeit.de\/zeit-der-leser\/#\/schema\/person\/image\/\",\"url\":\"https:\/\/secure.gravatar.com\/avatar\/e801a681bd3bbf2345131a815930b48d9f8e0a94de1346b624840dc850f67ad0?s=96&d=mm&r=g\",\"contentUrl\":\"https:\/\/secure.gravatar.com\/avatar\/e801a681bd3bbf2345131a815930b48d9f8e0a94de1346b624840dc850f67ad0?s=96&d=mm&r=g\",\"caption\":\"\\\"Zeit der Leser\\\"-Redaktion\"},\"url\":\"https:\/\/blog.zeit.de\/zeit-der-leser\/author\/zeit-der-leser-redaktion\/\"}]}<\/script>\n<!-- \/ Yoast SEO plugin. -->","yoast_head_json":{"title":"Ausgefuchst: Mein Wort-Schatz - ZEIT der Leser","robots":{"index":"index","follow":"follow","max-snippet":"max-snippet:-1","max-image-preview":"max-image-preview:large","max-video-preview":"max-video-preview:-1"},"canonical":"https:\/\/blog.zeit.de\/zeit-der-leser\/2013\/09\/07\/mein-wort-schatz-ausgefuchst\/","og_locale":"de_DE","og_type":"article","og_title":"Ausgefuchst: Mein Wort-Schatz - ZEIT der Leser","og_description":"Ein au\u00dfergew\u00f6hnliches, obgleich schlichtes Wort ist ausgefuchst. Es ist n\u00e4mlich fast so vielseitig wie das englische Wort cool. Im Normalsprech k\u00f6nnte man es zun\u00e4chst mit den Begriffen \u00bbschlau\u00ab, \u00bbclever\u00ab, \u00bblistig\u00ab und \u00bbintelligent\u00ab \u00fcbersetzen. Aber eigentlich ist \u00bbausgefuchst\u00ab auch damit unzureichend beschrieben. Denn erstens verspr\u00fcht es einen unglaublichen Charme und Witz \u2013 egal, in welcher Situation [&hellip;]","og_url":"https:\/\/blog.zeit.de\/zeit-der-leser\/2013\/09\/07\/mein-wort-schatz-ausgefuchst\/","og_site_name":"ZEIT der Leser","article_published_time":"2013-09-07T13:00:47+00:00","article_modified_time":"2015-02-20T11:51:13+00:00","author":"\"Zeit der Leser\"-Redaktion","twitter_card":"summary_large_image","twitter_misc":{"Geschrieben von":"\"Zeit der Leser\"-Redaktion","Gesch\u00e4tzte Lesezeit":"1\u00a0Minute"},"schema":{"@context":"https:\/\/schema.org","@graph":[{"@type":"WebPage","@id":"https:\/\/blog.zeit.de\/zeit-der-leser\/2013\/09\/07\/mein-wort-schatz-ausgefuchst\/","url":"https:\/\/blog.zeit.de\/zeit-der-leser\/2013\/09\/07\/mein-wort-schatz-ausgefuchst\/","name":"Ausgefuchst: Mein Wort-Schatz - ZEIT der Leser","isPartOf":{"@id":"https:\/\/blog.zeit.de\/zeit-der-leser\/#website"},"datePublished":"2013-09-07T13:00:47+00:00","dateModified":"2015-02-20T11:51:13+00:00","author":{"@id":"https:\/\/blog.zeit.de\/zeit-der-leser\/#\/schema\/person\/583b14e5ad6368c23af846ecbde9f20f"},"breadcrumb":{"@id":"https:\/\/blog.zeit.de\/zeit-der-leser\/2013\/09\/07\/mein-wort-schatz-ausgefuchst\/#breadcrumb"},"inLanguage":"de","potentialAction":[{"@type":"ReadAction","target":["https:\/\/blog.zeit.de\/zeit-der-leser\/2013\/09\/07\/mein-wort-schatz-ausgefuchst\/"]}]},{"@type":"BreadcrumbList","@id":"https:\/\/blog.zeit.de\/zeit-der-leser\/2013\/09\/07\/mein-wort-schatz-ausgefuchst\/#breadcrumb","itemListElement":[{"@type":"ListItem","position":1,"name":"Startseite","item":"https:\/\/blog.zeit.de\/zeit-der-leser\/"},{"@type":"ListItem","position":2,"name":"Ausgefuchst: Mein Wort-Schatz"}]},{"@type":"WebSite","@id":"https:\/\/blog.zeit.de\/zeit-der-leser\/#website","url":"https:\/\/blog.zeit.de\/zeit-der-leser\/","name":"ZEIT der Leser","description":"Ein Blog mit Ihren Notizen, Gedichten und Bildern f\u00fcr die gedruckte ZEIT","potentialAction":[{"@type":"SearchAction","target":{"@type":"EntryPoint","urlTemplate":"https:\/\/blog.zeit.de\/zeit-der-leser\/?s={search_term_string}"},"query-input":"required name=search_term_string"}],"inLanguage":"de"},{"@type":"Person","@id":"https:\/\/blog.zeit.de\/zeit-der-leser\/#\/schema\/person\/583b14e5ad6368c23af846ecbde9f20f","name":"\"Zeit der Leser\"-Redaktion","image":{"@type":"ImageObject","inLanguage":"de","@id":"https:\/\/blog.zeit.de\/zeit-der-leser\/#\/schema\/person\/image\/","url":"https:\/\/secure.gravatar.com\/avatar\/e801a681bd3bbf2345131a815930b48d9f8e0a94de1346b624840dc850f67ad0?s=96&d=mm&r=g","contentUrl":"https:\/\/secure.gravatar.com\/avatar\/e801a681bd3bbf2345131a815930b48d9f8e0a94de1346b624840dc850f67ad0?s=96&d=mm&r=g","caption":"\"Zeit der Leser\"-Redaktion"},"url":"https:\/\/blog.zeit.de\/zeit-der-leser\/author\/zeit-der-leser-redaktion\/"}]}},"jetpack_featured_media_url":"","jetpack_sharing_enabled":true,"_links":{"self":[{"href":"https:\/\/blog.zeit.de\/zeit-der-leser\/wp-json\/wp\/v2\/posts\/14765","targetHints":{"allow":["GET"]}}],"collection":[{"href":"https:\/\/blog.zeit.de\/zeit-der-leser\/wp-json\/wp\/v2\/posts"}],"about":[{"href":"https:\/\/blog.zeit.de\/zeit-der-leser\/wp-json\/wp\/v2\/types\/post"}],"author":[{"embeddable":true,"href":"https:\/\/blog.zeit.de\/zeit-der-leser\/wp-json\/wp\/v2\/users\/265"}],"replies":[{"embeddable":true,"href":"https:\/\/blog.zeit.de\/zeit-der-leser\/wp-json\/wp\/v2\/comments?post=14765"}],"version-history":[{"count":7,"href":"https:\/\/blog.zeit.de\/zeit-der-leser\/wp-json\/wp\/v2\/posts\/14765\/revisions"}],"predecessor-version":[{"id":19632,"href":"https:\/\/blog.zeit.de\/zeit-der-leser\/wp-json\/wp\/v2\/posts\/14765\/revisions\/19632"}],"wp:attachment":[{"href":"https:\/\/blog.zeit.de\/zeit-der-leser\/wp-json\/wp\/v2\/media?parent=14765"}],"wp:term":[{"taxonomy":"category","embeddable":true,"href":"https:\/\/blog.zeit.de\/zeit-der-leser\/wp-json\/wp\/v2\/categories?post=14765"},{"taxonomy":"post_tag","embeddable":true,"href":"https:\/\/blog.zeit.de\/zeit-der-leser\/wp-json\/wp\/v2\/tags?post=14765"}],"curies":[{"name":"wp","href":"https:\/\/api.w.org\/{rel}","templated":true}]}}