{"id":14787,"date":"2013-09-10T18:00:53","date_gmt":"2013-09-10T16:00:53","guid":{"rendered":"http:\/\/blog.zeit.de\/zeit-der-leser\/?p=14787"},"modified":"2013-09-10T18:00:57","modified_gmt":"2013-09-10T16:00:57","slug":"zeitsprung-gartenfreuden","status":"publish","type":"post","link":"https:\/\/blog.zeit.de\/zeit-der-leser\/2013\/09\/10\/zeitsprung-gartenfreuden\/","title":{"rendered":"Zeitsprung: Gartenfreuden"},"content":{"rendered":"<div>\n<p><a href=\"https:\/\/blog.zeit.de\/zeit-der-leser\/?attachment_id=14788\" rel=\"attachment wp-att-14788\"><img loading=\"lazy\" decoding=\"async\" class=\"alignleft size-full wp-image-14788\" alt=\"s78-zeitsprung-damals\" src=\"https:\/\/blog.zeit.de\/zeit-der-leser\/files\/2013\/09\/s78-zeitsprung-damals.jpg\" width=\"580\" height=\"394\" srcset=\"https:\/\/blog.zeit.de\/zeit-der-leser\/files\/2013\/09\/s78-zeitsprung-damals.jpg 580w, https:\/\/blog.zeit.de\/zeit-der-leser\/files\/2013\/09\/s78-zeitsprung-damals-300x203.jpg 300w\" sizes=\"auto, (max-width: 580px) 100vw, 580px\" \/><\/a> <a href=\"https:\/\/blog.zeit.de\/zeit-der-leser\/?attachment_id=14789\" rel=\"attachment wp-att-14789\"><img loading=\"lazy\" decoding=\"async\" class=\"alignleft size-full wp-image-14789\" alt=\"s78-zeitsprung-heute\" src=\"https:\/\/blog.zeit.de\/zeit-der-leser\/files\/2013\/09\/s78-zeitsprung-heute.jpg\" width=\"580\" height=\"394\" srcset=\"https:\/\/blog.zeit.de\/zeit-der-leser\/files\/2013\/09\/s78-zeitsprung-heute.jpg 580w, https:\/\/blog.zeit.de\/zeit-der-leser\/files\/2013\/09\/s78-zeitsprung-heute-300x203.jpg 300w\" sizes=\"auto, (max-width: 580px) 100vw, 580px\" \/><\/a><\/p>\n<p>Das erste Bild zeigt mich im Alter von knapp zwei Jahren im Garten meines Gro\u00dfvaters. Das Bild meiner ebenfalls zweij\u00e4hrigen Tochter (unten) wurde 34 Jahre sp\u00e4ter, im vergangenen Sommer, aufgenommen. Mein Opa ist leider verstorben, aber der Garten ist erhalten geblieben und wird nun von meiner Tante bewirtschaftet. Man beachte die unterschiedliche Kleidung der Kinder: Zog man\u00a0im Sommer 1978 noch Kleidchen und Kniestr\u00fcmpfe an, waren im Juni 2012 Jeans und Sweatjacke das passende Outfit f\u00fcr kleine G\u00e4rtner. Nicht nur der Garten, auch der Modegeschmack der M\u00fctter hat sich ver\u00e4ndert&#8230;<\/p>\n<div>\n<div>\n<div>\n<div>\n<div>\n<p><strong>Anke Bartsch<\/strong>, Berlin<\/p>\n<\/div>\n<\/div>\n<\/div>\n<\/div>\n<\/div>\n<\/div>\n","protected":false},"excerpt":{"rendered":"<p>Das erste Bild zeigt mich im Alter von knapp zwei Jahren im Garten meines Gro\u00dfvaters. Das Bild meiner ebenfalls zweij\u00e4hrigen Tochter (unten) wurde 34 Jahre sp\u00e4ter, im vergangenen Sommer, aufgenommen. Mein Opa ist leider verstorben, aber der Garten ist erhalten geblieben und wird nun von meiner Tante bewirtschaftet. Man beachte die unterschiedliche Kleidung der Kinder: [&hellip;]<\/p>\n","protected":false},"author":265,"featured_media":0,"comment_status":"open","ping_status":"open","sticky":false,"template":"","format":"standard","meta":{"_jetpack_memberships_contains_paid_content":false,"footnotes":""},"categories":[1878],"tags":[],"class_list":["post-14787","post","type-post","status-publish","format-standard","hentry","category-zeitsprung"],"yoast_head":"<!-- This site is optimized with the Yoast SEO plugin v21.0 - https:\/\/yoast.com\/wordpress\/plugins\/seo\/ -->\n<title>Zeitsprung: Gartenfreuden - ZEIT der Leser<\/title>\n<meta name=\"robots\" content=\"index, follow, max-snippet:-1, max-image-preview:large, max-video-preview:-1\" \/>\n<link rel=\"canonical\" href=\"https:\/\/blog.zeit.de\/zeit-der-leser\/2013\/09\/10\/zeitsprung-gartenfreuden\/\" \/>\n<meta property=\"og:locale\" content=\"de_DE\" \/>\n<meta property=\"og:type\" content=\"article\" \/>\n<meta property=\"og:title\" content=\"Zeitsprung: Gartenfreuden - ZEIT der Leser\" \/>\n<meta property=\"og:description\" content=\"Das erste Bild zeigt mich im Alter von knapp zwei Jahren im Garten meines Gro\u00dfvaters. Das Bild meiner ebenfalls zweij\u00e4hrigen Tochter (unten) wurde 34 Jahre sp\u00e4ter, im vergangenen Sommer, aufgenommen. Mein Opa ist leider verstorben, aber der Garten ist erhalten geblieben und wird nun von meiner Tante bewirtschaftet. Man beachte die unterschiedliche Kleidung der Kinder: [&hellip;]\" \/>\n<meta property=\"og:url\" content=\"https:\/\/blog.zeit.de\/zeit-der-leser\/2013\/09\/10\/zeitsprung-gartenfreuden\/\" \/>\n<meta property=\"og:site_name\" content=\"ZEIT der Leser\" \/>\n<meta property=\"article:published_time\" content=\"2013-09-10T16:00:53+00:00\" \/>\n<meta property=\"article:modified_time\" content=\"2013-09-10T16:00:57+00:00\" \/>\n<meta property=\"og:image\" content=\"https:\/\/blog.zeit.de\/zeit-der-leser\/files\/2013\/09\/s78-zeitsprung-damals.jpg\" \/>\n<meta name=\"author\" content=\"&quot;Zeit der Leser&quot;-Redaktion\" \/>\n<meta name=\"twitter:card\" content=\"summary_large_image\" \/>\n<meta name=\"twitter:label1\" content=\"Geschrieben von\" \/>\n\t<meta name=\"twitter:data1\" content=\"\"Zeit der Leser\"-Redaktion\" \/>\n<script type=\"application\/ld+json\" class=\"yoast-schema-graph\">{\"@context\":\"https:\/\/schema.org\",\"@graph\":[{\"@type\":\"WebPage\",\"@id\":\"https:\/\/blog.zeit.de\/zeit-der-leser\/2013\/09\/10\/zeitsprung-gartenfreuden\/\",\"url\":\"https:\/\/blog.zeit.de\/zeit-der-leser\/2013\/09\/10\/zeitsprung-gartenfreuden\/\",\"name\":\"Zeitsprung: Gartenfreuden - ZEIT der Leser\",\"isPartOf\":{\"@id\":\"https:\/\/blog.zeit.de\/zeit-der-leser\/#website\"},\"datePublished\":\"2013-09-10T16:00:53+00:00\",\"dateModified\":\"2013-09-10T16:00:57+00:00\",\"author\":{\"@id\":\"https:\/\/blog.zeit.de\/zeit-der-leser\/#\/schema\/person\/583b14e5ad6368c23af846ecbde9f20f\"},\"breadcrumb\":{\"@id\":\"https:\/\/blog.zeit.de\/zeit-der-leser\/2013\/09\/10\/zeitsprung-gartenfreuden\/#breadcrumb\"},\"inLanguage\":\"de\",\"potentialAction\":[{\"@type\":\"ReadAction\",\"target\":[\"https:\/\/blog.zeit.de\/zeit-der-leser\/2013\/09\/10\/zeitsprung-gartenfreuden\/\"]}]},{\"@type\":\"BreadcrumbList\",\"@id\":\"https:\/\/blog.zeit.de\/zeit-der-leser\/2013\/09\/10\/zeitsprung-gartenfreuden\/#breadcrumb\",\"itemListElement\":[{\"@type\":\"ListItem\",\"position\":1,\"name\":\"Startseite\",\"item\":\"https:\/\/blog.zeit.de\/zeit-der-leser\/\"},{\"@type\":\"ListItem\",\"position\":2,\"name\":\"Zeitsprung: Gartenfreuden\"}]},{\"@type\":\"WebSite\",\"@id\":\"https:\/\/blog.zeit.de\/zeit-der-leser\/#website\",\"url\":\"https:\/\/blog.zeit.de\/zeit-der-leser\/\",\"name\":\"ZEIT der Leser\",\"description\":\"Ein Blog mit Ihren Notizen, Gedichten und Bildern f\u00fcr die gedruckte ZEIT\",\"potentialAction\":[{\"@type\":\"SearchAction\",\"target\":{\"@type\":\"EntryPoint\",\"urlTemplate\":\"https:\/\/blog.zeit.de\/zeit-der-leser\/?s={search_term_string}\"},\"query-input\":\"required name=search_term_string\"}],\"inLanguage\":\"de\"},{\"@type\":\"Person\",\"@id\":\"https:\/\/blog.zeit.de\/zeit-der-leser\/#\/schema\/person\/583b14e5ad6368c23af846ecbde9f20f\",\"name\":\"\\\"Zeit der Leser\\\"-Redaktion\",\"image\":{\"@type\":\"ImageObject\",\"inLanguage\":\"de\",\"@id\":\"https:\/\/blog.zeit.de\/zeit-der-leser\/#\/schema\/person\/image\/\",\"url\":\"https:\/\/secure.gravatar.com\/avatar\/e801a681bd3bbf2345131a815930b48d9f8e0a94de1346b624840dc850f67ad0?s=96&d=mm&r=g\",\"contentUrl\":\"https:\/\/secure.gravatar.com\/avatar\/e801a681bd3bbf2345131a815930b48d9f8e0a94de1346b624840dc850f67ad0?s=96&d=mm&r=g\",\"caption\":\"\\\"Zeit der Leser\\\"-Redaktion\"},\"url\":\"https:\/\/blog.zeit.de\/zeit-der-leser\/author\/zeit-der-leser-redaktion\/\"}]}<\/script>\n<!-- \/ Yoast SEO plugin. -->","yoast_head_json":{"title":"Zeitsprung: Gartenfreuden - ZEIT der Leser","robots":{"index":"index","follow":"follow","max-snippet":"max-snippet:-1","max-image-preview":"max-image-preview:large","max-video-preview":"max-video-preview:-1"},"canonical":"https:\/\/blog.zeit.de\/zeit-der-leser\/2013\/09\/10\/zeitsprung-gartenfreuden\/","og_locale":"de_DE","og_type":"article","og_title":"Zeitsprung: Gartenfreuden - ZEIT der Leser","og_description":"Das erste Bild zeigt mich im Alter von knapp zwei Jahren im Garten meines Gro\u00dfvaters. Das Bild meiner ebenfalls zweij\u00e4hrigen Tochter (unten) wurde 34 Jahre sp\u00e4ter, im vergangenen Sommer, aufgenommen. Mein Opa ist leider verstorben, aber der Garten ist erhalten geblieben und wird nun von meiner Tante bewirtschaftet. Man beachte die unterschiedliche Kleidung der Kinder: [&hellip;]","og_url":"https:\/\/blog.zeit.de\/zeit-der-leser\/2013\/09\/10\/zeitsprung-gartenfreuden\/","og_site_name":"ZEIT der Leser","article_published_time":"2013-09-10T16:00:53+00:00","article_modified_time":"2013-09-10T16:00:57+00:00","og_image":[{"url":"https:\/\/blog.zeit.de\/zeit-der-leser\/files\/2013\/09\/s78-zeitsprung-damals.jpg"}],"author":"\"Zeit der Leser\"-Redaktion","twitter_card":"summary_large_image","twitter_misc":{"Geschrieben von":"\"Zeit der Leser\"-Redaktion"},"schema":{"@context":"https:\/\/schema.org","@graph":[{"@type":"WebPage","@id":"https:\/\/blog.zeit.de\/zeit-der-leser\/2013\/09\/10\/zeitsprung-gartenfreuden\/","url":"https:\/\/blog.zeit.de\/zeit-der-leser\/2013\/09\/10\/zeitsprung-gartenfreuden\/","name":"Zeitsprung: Gartenfreuden - ZEIT der Leser","isPartOf":{"@id":"https:\/\/blog.zeit.de\/zeit-der-leser\/#website"},"datePublished":"2013-09-10T16:00:53+00:00","dateModified":"2013-09-10T16:00:57+00:00","author":{"@id":"https:\/\/blog.zeit.de\/zeit-der-leser\/#\/schema\/person\/583b14e5ad6368c23af846ecbde9f20f"},"breadcrumb":{"@id":"https:\/\/blog.zeit.de\/zeit-der-leser\/2013\/09\/10\/zeitsprung-gartenfreuden\/#breadcrumb"},"inLanguage":"de","potentialAction":[{"@type":"ReadAction","target":["https:\/\/blog.zeit.de\/zeit-der-leser\/2013\/09\/10\/zeitsprung-gartenfreuden\/"]}]},{"@type":"BreadcrumbList","@id":"https:\/\/blog.zeit.de\/zeit-der-leser\/2013\/09\/10\/zeitsprung-gartenfreuden\/#breadcrumb","itemListElement":[{"@type":"ListItem","position":1,"name":"Startseite","item":"https:\/\/blog.zeit.de\/zeit-der-leser\/"},{"@type":"ListItem","position":2,"name":"Zeitsprung: Gartenfreuden"}]},{"@type":"WebSite","@id":"https:\/\/blog.zeit.de\/zeit-der-leser\/#website","url":"https:\/\/blog.zeit.de\/zeit-der-leser\/","name":"ZEIT der Leser","description":"Ein Blog mit Ihren Notizen, Gedichten und Bildern f\u00fcr die gedruckte ZEIT","potentialAction":[{"@type":"SearchAction","target":{"@type":"EntryPoint","urlTemplate":"https:\/\/blog.zeit.de\/zeit-der-leser\/?s={search_term_string}"},"query-input":"required name=search_term_string"}],"inLanguage":"de"},{"@type":"Person","@id":"https:\/\/blog.zeit.de\/zeit-der-leser\/#\/schema\/person\/583b14e5ad6368c23af846ecbde9f20f","name":"\"Zeit der Leser\"-Redaktion","image":{"@type":"ImageObject","inLanguage":"de","@id":"https:\/\/blog.zeit.de\/zeit-der-leser\/#\/schema\/person\/image\/","url":"https:\/\/secure.gravatar.com\/avatar\/e801a681bd3bbf2345131a815930b48d9f8e0a94de1346b624840dc850f67ad0?s=96&d=mm&r=g","contentUrl":"https:\/\/secure.gravatar.com\/avatar\/e801a681bd3bbf2345131a815930b48d9f8e0a94de1346b624840dc850f67ad0?s=96&d=mm&r=g","caption":"\"Zeit der Leser\"-Redaktion"},"url":"https:\/\/blog.zeit.de\/zeit-der-leser\/author\/zeit-der-leser-redaktion\/"}]}},"jetpack_featured_media_url":"","jetpack_sharing_enabled":true,"_links":{"self":[{"href":"https:\/\/blog.zeit.de\/zeit-der-leser\/wp-json\/wp\/v2\/posts\/14787","targetHints":{"allow":["GET"]}}],"collection":[{"href":"https:\/\/blog.zeit.de\/zeit-der-leser\/wp-json\/wp\/v2\/posts"}],"about":[{"href":"https:\/\/blog.zeit.de\/zeit-der-leser\/wp-json\/wp\/v2\/types\/post"}],"author":[{"embeddable":true,"href":"https:\/\/blog.zeit.de\/zeit-der-leser\/wp-json\/wp\/v2\/users\/265"}],"replies":[{"embeddable":true,"href":"https:\/\/blog.zeit.de\/zeit-der-leser\/wp-json\/wp\/v2\/comments?post=14787"}],"version-history":[{"count":3,"href":"https:\/\/blog.zeit.de\/zeit-der-leser\/wp-json\/wp\/v2\/posts\/14787\/revisions"}],"predecessor-version":[{"id":14791,"href":"https:\/\/blog.zeit.de\/zeit-der-leser\/wp-json\/wp\/v2\/posts\/14787\/revisions\/14791"}],"wp:attachment":[{"href":"https:\/\/blog.zeit.de\/zeit-der-leser\/wp-json\/wp\/v2\/media?parent=14787"}],"wp:term":[{"taxonomy":"category","embeddable":true,"href":"https:\/\/blog.zeit.de\/zeit-der-leser\/wp-json\/wp\/v2\/categories?post=14787"},{"taxonomy":"post_tag","embeddable":true,"href":"https:\/\/blog.zeit.de\/zeit-der-leser\/wp-json\/wp\/v2\/tags?post=14787"}],"curies":[{"name":"wp","href":"https:\/\/api.w.org\/{rel}","templated":true}]}}