{"id":1487,"date":"2010-06-14T16:50:41","date_gmt":"2010-06-14T14:50:41","guid":{"rendered":"http:\/\/blog.zeit.de\/zeit-der-leser\/?p=1487"},"modified":"2010-06-14T13:50:52","modified_gmt":"2010-06-14T11:50:52","slug":"neulich-hatte-ich-einen-traum","status":"publish","type":"post","link":"https:\/\/blog.zeit.de\/zeit-der-leser\/2010\/06\/14\/neulich-hatte-ich-einen-traum\/","title":{"rendered":"Neulich hatte ich einen Traum:"},"content":{"rendered":"<p><em>Papa, was hei\u00dft denn &#8222;bankrott&#8220;? <\/em><br \/>\nNa ja, das ist, wenn man seine Schulden nicht mehr zur\u00fcckzahlen kann.<br \/>\n<em>Haben wir denn Schulden und k\u00f6nnen wir die zur\u00fcckzahlen?<\/em><br \/>\nNa ja, wir haben Schulden. Und zwar soviel, wie ich in 5 Jahren verdiene.<br \/>\n<em>Du m\u00fcsstest also 5 Jahre nur f\u00fcr die Bank arbeiten, damit wir keine Schulden mehr haben?<\/em><br \/>\nNa ja, das geht nicht. Wovon sollten wir denn in dieser Zeit leben?<br \/>\n<em>M\u00fcssen wir denn f\u00fcr die Schulden Zinsen an die Bank zahlen, wenn wir schon nichts zur\u00fcckzahlen?<\/em><br \/>\nNa ja, pro Jahr m\u00fcssen wir 3 Monatsgeh\u00e4lter Zins zahlen.<br \/>\n<em>Papa, dann geht ja \u00bc von dem Geld, was Du verdienst, an die Bank; und dann hast du noch nichts abbezahlt.<\/em><br \/>\nNa ja, das ginge ja noch; aber wir m\u00fcssen ja noch f\u00fcr die Pflege der Gro\u00dfeltern etwas zuzahlen; so etwa 4 Monatsgeh\u00e4lter im Jahr.<br \/>\n<em>Papa, dann sind ja von deinem Jahresverdienst 7 Monatsgeh\u00e4lter nur f\u00fcr Zin\u00adsen und f\u00fcr die Gro\u00dfeltern weg?<\/em><br \/>\nNa ja, f\u00fcr die Leute, die aufpassen, dass uns die b\u00f6sen Nachbarn nicht \u00fcber\u00adfallen, m\u00fcssen wir nochmals 1 \u00bd Monatsgeh\u00e4lter abzweigen.<br \/>\n<em>Aber Papa, k\u00f6nnen wir das nicht einsparen; die b\u00f6sen Nachbarn sind doch nicht mehr da.<\/em><br \/>\nNa ja, die sind zwar weg, aber am Hindukusch gibt\u2019s noch ein paar b\u00f6se Leute. Da hei\u00dft es schon aufpassen!<br \/>\n<em>Papa, dann m\u00fcssen wir jedes Jahr 8 1\/2 Monatsgeh\u00e4lter f\u00fcr Zinsen, f\u00fcr die Gro\u00dfeltern und f\u00fcr die W\u00e4chter bezahlen; da bleiben uns ja nur noch gut 3 Monatsgeh\u00e4lter f\u00fcr die ganzen 12 Monate \u00fcbrig. Und davon sollen wir leben, Sachen kaufen, die Schule bezahlen, die Wohnung reparieren und vielleicht noch was zur\u00fccklegen? Das geht unm\u00f6glich!<\/em><br \/>\nDoch! Ich habe schon eine Idee: Wir leihen uns erstmal 5 Monatsgeh\u00e4lter; dann haben wir zwar fast 6 Jahresgeh\u00e4lter Schulden, aber irgendwie m\u00fcssen wir das n\u00e4chste Jahr \u00fcberstehen. Und ich kann dein Taschengeld erh\u00f6hen und Oma und Opa bekommen auch etwas mehr. Fast h\u00e4tte ich es vergessen: Wir haben dem Onkel, der viel Geld im Spielcasino verzockt hat, eine B\u00fcrgschaft von 6 Monatsgeh\u00e4ltern gegeben. Und der Tante in Griechenland nochmals gut 6 Monatsgeh\u00e4lter. Das macht zusammen etwas mehr als ein Jahresgehalt. Aber vielleicht schaffen die beiden es, aus ihren Schulden zu kommen; dann brauchen wir das Geld nicht zu zahlen!<br \/>\n<em>Papa, wir sind bankrott!!<\/em><\/p>\n<p><strong>In diesem Moment bin ich Gott sei Dank aufgewacht und war froh, dass das nicht meiner Familie passiert, sondern nur unserem Staat.<\/strong><\/p>\n<p>J\u00e4hrliche Steuer-Einnahmen des Bundes 214 Milliarden \u20ac (f\u00fcr 2010 optimistisch gesch\u00e4tzt; wahrscheinlich auf Grund der Wirtschaftskrise weniger!), entspricht 18 Milliarden \u20ac pro Monat.<br \/>\n1054 Milliarden \u20ac Bundes-Schulden<br \/>\n42 Milliarden \u20ac j\u00e4hrlich Zinsdienst f\u00fcr Bundes-Schulden (ohne Tilgung!)<br \/>\n80 Milliarden \u20ac j\u00e4hrlich zur Sicherstellung der Renten<br \/>\n31 Milliarden \u20ac j\u00e4hrlich f\u00fcr Verteidigung<br \/>\n81 Milliarden \u20ac Netto-Kredit-Aufnahme (Neuverschuldung) des Bundes f\u00fcr 2010<br \/>\n115 Milliarden \u20ac Kredit- und B\u00fcrgschaftshilfen f\u00fcr die Banken<br \/>\n123 Milliarden Kreditgarantien zur Stabilisierung der Euro-Zone.<\/p>\n<p><em>Helmuth Herterich, Sankt Augustin<\/em><\/p>\n","protected":false},"excerpt":{"rendered":"<p>Papa, was hei\u00dft denn &#8222;bankrott&#8220;? Na ja, das ist, wenn man seine Schulden nicht mehr zur\u00fcckzahlen kann. Haben wir denn Schulden und k\u00f6nnen wir die zur\u00fcckzahlen? Na ja, wir haben Schulden. Und zwar soviel, wie ich in 5 Jahren verdiene. Du m\u00fcsstest also 5 Jahre nur f\u00fcr die Bank arbeiten, damit wir keine Schulden mehr [&hellip;]<\/p>\n","protected":false},"author":264,"featured_media":0,"comment_status":"open","ping_status":"open","sticky":false,"template":"","format":"standard","meta":{"_jetpack_memberships_contains_paid_content":false,"footnotes":""},"categories":[1869],"tags":[],"class_list":["post-1487","post","type-post","status-publish","format-standard","hentry","category-das-regt-mich-auf"],"yoast_head":"<!-- This site is optimized with the Yoast SEO plugin v21.0 - https:\/\/yoast.com\/wordpress\/plugins\/seo\/ -->\n<title>Neulich hatte ich einen Traum: - ZEIT der Leser<\/title>\n<meta name=\"robots\" content=\"index, follow, max-snippet:-1, max-image-preview:large, max-video-preview:-1\" \/>\n<link rel=\"canonical\" href=\"https:\/\/blog.zeit.de\/zeit-der-leser\/2010\/06\/14\/neulich-hatte-ich-einen-traum\/\" \/>\n<meta property=\"og:locale\" content=\"de_DE\" \/>\n<meta property=\"og:type\" content=\"article\" \/>\n<meta property=\"og:title\" content=\"Neulich hatte ich einen Traum: - ZEIT der Leser\" \/>\n<meta property=\"og:description\" content=\"Papa, was hei\u00dft denn &#8222;bankrott&#8220;? Na ja, das ist, wenn man seine Schulden nicht mehr zur\u00fcckzahlen kann. Haben wir denn Schulden und k\u00f6nnen wir die zur\u00fcckzahlen? Na ja, wir haben Schulden. Und zwar soviel, wie ich in 5 Jahren verdiene. Du m\u00fcsstest also 5 Jahre nur f\u00fcr die Bank arbeiten, damit wir keine Schulden mehr [&hellip;]\" \/>\n<meta property=\"og:url\" content=\"https:\/\/blog.zeit.de\/zeit-der-leser\/2010\/06\/14\/neulich-hatte-ich-einen-traum\/\" \/>\n<meta property=\"og:site_name\" content=\"ZEIT der Leser\" \/>\n<meta property=\"article:published_time\" content=\"2010-06-14T14:50:41+00:00\" \/>\n<meta property=\"article:modified_time\" content=\"2010-06-14T11:50:52+00:00\" \/>\n<meta name=\"author\" content=\"Zeit der Leser\" \/>\n<meta name=\"twitter:card\" content=\"summary_large_image\" \/>\n<meta name=\"twitter:label1\" content=\"Geschrieben von\" \/>\n\t<meta name=\"twitter:data1\" content=\"Zeit der Leser\" \/>\n\t<meta name=\"twitter:label2\" content=\"Gesch\u00e4tzte Lesezeit\" \/>\n\t<meta name=\"twitter:data2\" content=\"2\u00a0Minuten\" \/>\n<script type=\"application\/ld+json\" class=\"yoast-schema-graph\">{\"@context\":\"https:\/\/schema.org\",\"@graph\":[{\"@type\":\"WebPage\",\"@id\":\"https:\/\/blog.zeit.de\/zeit-der-leser\/2010\/06\/14\/neulich-hatte-ich-einen-traum\/\",\"url\":\"https:\/\/blog.zeit.de\/zeit-der-leser\/2010\/06\/14\/neulich-hatte-ich-einen-traum\/\",\"name\":\"Neulich hatte ich einen Traum: - ZEIT der Leser\",\"isPartOf\":{\"@id\":\"https:\/\/blog.zeit.de\/zeit-der-leser\/#website\"},\"datePublished\":\"2010-06-14T14:50:41+00:00\",\"dateModified\":\"2010-06-14T11:50:52+00:00\",\"author\":{\"@id\":\"https:\/\/blog.zeit.de\/zeit-der-leser\/#\/schema\/person\/e248c7ff5a10552f6a3bd5e9385b3667\"},\"breadcrumb\":{\"@id\":\"https:\/\/blog.zeit.de\/zeit-der-leser\/2010\/06\/14\/neulich-hatte-ich-einen-traum\/#breadcrumb\"},\"inLanguage\":\"de\",\"potentialAction\":[{\"@type\":\"ReadAction\",\"target\":[\"https:\/\/blog.zeit.de\/zeit-der-leser\/2010\/06\/14\/neulich-hatte-ich-einen-traum\/\"]}]},{\"@type\":\"BreadcrumbList\",\"@id\":\"https:\/\/blog.zeit.de\/zeit-der-leser\/2010\/06\/14\/neulich-hatte-ich-einen-traum\/#breadcrumb\",\"itemListElement\":[{\"@type\":\"ListItem\",\"position\":1,\"name\":\"Startseite\",\"item\":\"https:\/\/blog.zeit.de\/zeit-der-leser\/\"},{\"@type\":\"ListItem\",\"position\":2,\"name\":\"Neulich hatte ich einen Traum:\"}]},{\"@type\":\"WebSite\",\"@id\":\"https:\/\/blog.zeit.de\/zeit-der-leser\/#website\",\"url\":\"https:\/\/blog.zeit.de\/zeit-der-leser\/\",\"name\":\"ZEIT der Leser\",\"description\":\"Ein Blog mit Ihren Notizen, Gedichten und Bildern f\u00fcr die gedruckte ZEIT\",\"potentialAction\":[{\"@type\":\"SearchAction\",\"target\":{\"@type\":\"EntryPoint\",\"urlTemplate\":\"https:\/\/blog.zeit.de\/zeit-der-leser\/?s={search_term_string}\"},\"query-input\":\"required name=search_term_string\"}],\"inLanguage\":\"de\"},{\"@type\":\"Person\",\"@id\":\"https:\/\/blog.zeit.de\/zeit-der-leser\/#\/schema\/person\/e248c7ff5a10552f6a3bd5e9385b3667\",\"name\":\"Zeit der Leser\",\"image\":{\"@type\":\"ImageObject\",\"inLanguage\":\"de\",\"@id\":\"https:\/\/blog.zeit.de\/zeit-der-leser\/#\/schema\/person\/image\/\",\"url\":\"https:\/\/secure.gravatar.com\/avatar\/529bb2731085995bda6c8ba0e4da7e528ea8be4e6c7abdd217f176e2309035f6?s=96&d=mm&r=g\",\"contentUrl\":\"https:\/\/secure.gravatar.com\/avatar\/529bb2731085995bda6c8ba0e4da7e528ea8be4e6c7abdd217f176e2309035f6?s=96&d=mm&r=g\",\"caption\":\"Zeit der Leser\"},\"url\":\"https:\/\/blog.zeit.de\/zeit-der-leser\/author\/zeit-der-leser\/\"}]}<\/script>\n<!-- \/ Yoast SEO plugin. -->","yoast_head_json":{"title":"Neulich hatte ich einen Traum: - ZEIT der Leser","robots":{"index":"index","follow":"follow","max-snippet":"max-snippet:-1","max-image-preview":"max-image-preview:large","max-video-preview":"max-video-preview:-1"},"canonical":"https:\/\/blog.zeit.de\/zeit-der-leser\/2010\/06\/14\/neulich-hatte-ich-einen-traum\/","og_locale":"de_DE","og_type":"article","og_title":"Neulich hatte ich einen Traum: - ZEIT der Leser","og_description":"Papa, was hei\u00dft denn &#8222;bankrott&#8220;? Na ja, das ist, wenn man seine Schulden nicht mehr zur\u00fcckzahlen kann. Haben wir denn Schulden und k\u00f6nnen wir die zur\u00fcckzahlen? Na ja, wir haben Schulden. Und zwar soviel, wie ich in 5 Jahren verdiene. Du m\u00fcsstest also 5 Jahre nur f\u00fcr die Bank arbeiten, damit wir keine Schulden mehr [&hellip;]","og_url":"https:\/\/blog.zeit.de\/zeit-der-leser\/2010\/06\/14\/neulich-hatte-ich-einen-traum\/","og_site_name":"ZEIT der Leser","article_published_time":"2010-06-14T14:50:41+00:00","article_modified_time":"2010-06-14T11:50:52+00:00","author":"Zeit der Leser","twitter_card":"summary_large_image","twitter_misc":{"Geschrieben von":"Zeit der Leser","Gesch\u00e4tzte Lesezeit":"2\u00a0Minuten"},"schema":{"@context":"https:\/\/schema.org","@graph":[{"@type":"WebPage","@id":"https:\/\/blog.zeit.de\/zeit-der-leser\/2010\/06\/14\/neulich-hatte-ich-einen-traum\/","url":"https:\/\/blog.zeit.de\/zeit-der-leser\/2010\/06\/14\/neulich-hatte-ich-einen-traum\/","name":"Neulich hatte ich einen Traum: - ZEIT der Leser","isPartOf":{"@id":"https:\/\/blog.zeit.de\/zeit-der-leser\/#website"},"datePublished":"2010-06-14T14:50:41+00:00","dateModified":"2010-06-14T11:50:52+00:00","author":{"@id":"https:\/\/blog.zeit.de\/zeit-der-leser\/#\/schema\/person\/e248c7ff5a10552f6a3bd5e9385b3667"},"breadcrumb":{"@id":"https:\/\/blog.zeit.de\/zeit-der-leser\/2010\/06\/14\/neulich-hatte-ich-einen-traum\/#breadcrumb"},"inLanguage":"de","potentialAction":[{"@type":"ReadAction","target":["https:\/\/blog.zeit.de\/zeit-der-leser\/2010\/06\/14\/neulich-hatte-ich-einen-traum\/"]}]},{"@type":"BreadcrumbList","@id":"https:\/\/blog.zeit.de\/zeit-der-leser\/2010\/06\/14\/neulich-hatte-ich-einen-traum\/#breadcrumb","itemListElement":[{"@type":"ListItem","position":1,"name":"Startseite","item":"https:\/\/blog.zeit.de\/zeit-der-leser\/"},{"@type":"ListItem","position":2,"name":"Neulich hatte ich einen Traum:"}]},{"@type":"WebSite","@id":"https:\/\/blog.zeit.de\/zeit-der-leser\/#website","url":"https:\/\/blog.zeit.de\/zeit-der-leser\/","name":"ZEIT der Leser","description":"Ein Blog mit Ihren Notizen, Gedichten und Bildern f\u00fcr die gedruckte ZEIT","potentialAction":[{"@type":"SearchAction","target":{"@type":"EntryPoint","urlTemplate":"https:\/\/blog.zeit.de\/zeit-der-leser\/?s={search_term_string}"},"query-input":"required name=search_term_string"}],"inLanguage":"de"},{"@type":"Person","@id":"https:\/\/blog.zeit.de\/zeit-der-leser\/#\/schema\/person\/e248c7ff5a10552f6a3bd5e9385b3667","name":"Zeit der Leser","image":{"@type":"ImageObject","inLanguage":"de","@id":"https:\/\/blog.zeit.de\/zeit-der-leser\/#\/schema\/person\/image\/","url":"https:\/\/secure.gravatar.com\/avatar\/529bb2731085995bda6c8ba0e4da7e528ea8be4e6c7abdd217f176e2309035f6?s=96&d=mm&r=g","contentUrl":"https:\/\/secure.gravatar.com\/avatar\/529bb2731085995bda6c8ba0e4da7e528ea8be4e6c7abdd217f176e2309035f6?s=96&d=mm&r=g","caption":"Zeit der Leser"},"url":"https:\/\/blog.zeit.de\/zeit-der-leser\/author\/zeit-der-leser\/"}]}},"jetpack_featured_media_url":"","jetpack_sharing_enabled":true,"_links":{"self":[{"href":"https:\/\/blog.zeit.de\/zeit-der-leser\/wp-json\/wp\/v2\/posts\/1487","targetHints":{"allow":["GET"]}}],"collection":[{"href":"https:\/\/blog.zeit.de\/zeit-der-leser\/wp-json\/wp\/v2\/posts"}],"about":[{"href":"https:\/\/blog.zeit.de\/zeit-der-leser\/wp-json\/wp\/v2\/types\/post"}],"author":[{"embeddable":true,"href":"https:\/\/blog.zeit.de\/zeit-der-leser\/wp-json\/wp\/v2\/users\/264"}],"replies":[{"embeddable":true,"href":"https:\/\/blog.zeit.de\/zeit-der-leser\/wp-json\/wp\/v2\/comments?post=1487"}],"version-history":[{"count":0,"href":"https:\/\/blog.zeit.de\/zeit-der-leser\/wp-json\/wp\/v2\/posts\/1487\/revisions"}],"wp:attachment":[{"href":"https:\/\/blog.zeit.de\/zeit-der-leser\/wp-json\/wp\/v2\/media?parent=1487"}],"wp:term":[{"taxonomy":"category","embeddable":true,"href":"https:\/\/blog.zeit.de\/zeit-der-leser\/wp-json\/wp\/v2\/categories?post=1487"},{"taxonomy":"post_tag","embeddable":true,"href":"https:\/\/blog.zeit.de\/zeit-der-leser\/wp-json\/wp\/v2\/tags?post=1487"}],"curies":[{"name":"wp","href":"https:\/\/api.w.org\/{rel}","templated":true}]}}