{"id":14870,"date":"2013-09-19T15:00:47","date_gmt":"2013-09-19T13:00:47","guid":{"rendered":"http:\/\/blog.zeit.de\/zeit-der-leser\/?p=14870"},"modified":"2013-09-19T15:00:52","modified_gmt":"2013-09-19T13:00:52","slug":"zeitsprung-haus-am-see","status":"publish","type":"post","link":"https:\/\/blog.zeit.de\/zeit-der-leser\/2013\/09\/19\/zeitsprung-haus-am-see\/","title":{"rendered":"Zeitsprung: Haus am See"},"content":{"rendered":"<div>\n<p><a href=\"https:\/\/blog.zeit.de\/zeit-der-leser\/2013\/09\/14\/opas-fuhrerschein\/s80-zeitsprung-1954\/\" rel=\"attachment wp-att-14832\"><img loading=\"lazy\" decoding=\"async\" class=\"alignleft size-full wp-image-14832\" alt=\"s80-zeitsprung-1954\" src=\"https:\/\/blog.zeit.de\/zeit-der-leser\/files\/2013\/09\/s80-zeitsprung-1954.jpg\" width=\"580\" height=\"423\" srcset=\"https:\/\/blog.zeit.de\/zeit-der-leser\/files\/2013\/09\/s80-zeitsprung-1954.jpg 580w, https:\/\/blog.zeit.de\/zeit-der-leser\/files\/2013\/09\/s80-zeitsprung-1954-300x218.jpg 300w\" sizes=\"auto, (max-width: 580px) 100vw, 580px\" \/><\/a> <a href=\"https:\/\/blog.zeit.de\/zeit-der-leser\/2013\/09\/14\/opas-fuhrerschein\/s80-zeitsprung-2012-3\/\" rel=\"attachment wp-att-14833\"><img loading=\"lazy\" decoding=\"async\" class=\"alignleft size-full wp-image-14833\" alt=\"s80-zeitsprung-2012\" src=\"https:\/\/blog.zeit.de\/zeit-der-leser\/files\/2013\/09\/s80-zeitsprung-2012.jpg\" width=\"580\" height=\"423\" srcset=\"https:\/\/blog.zeit.de\/zeit-der-leser\/files\/2013\/09\/s80-zeitsprung-2012.jpg 580w, https:\/\/blog.zeit.de\/zeit-der-leser\/files\/2013\/09\/s80-zeitsprung-2012-300x218.jpg 300w\" sizes=\"auto, (max-width: 580px) 100vw, 580px\" \/><\/a><\/p>\n<p>Der Wennsee in Scharbeutz liegt ein wenig versteckt. Auf der Suche nach einem Bauplatz stie\u00dfen meine Eltern dort 1953 auf eine idyllische Obstwiese und konnten 2500 Quadratmeter mit Zugang zum Wasser erwerben \u2013 zu einem Preis, den man heute als \u00bbAppel und Ei\u00ab bezeichnen w\u00fcrde. Damals allerdings bereiteten ihnen die Schulden schlaflose N\u00e4chte! mit Spaten und Schubkarre entstand unser Haus (wie es auf dem linken Foto von 1954 zu sehen ist). Die kleinen B\u00e4ume am Seeufer gaben\u00a0den Blick frei bis zum einen Kilometer entfernten Kammerwald. Und der Hang rechts vom Grundst\u00fcck war, wenn der See zugefroren war, der beliebteste Rodelberg des Ortes. Wie sich das Bild ge\u00e4ndert hat! Heute sind die B\u00e4ume gro\u00df, die Wiese ist bebaut, und das Haus wird von uns Kindern und Enkeln als Feriendomizil genutzt.<\/p>\n<div>\n<p><strong>Sven Herfurth<\/strong>, Bargteheide, Schleswig-Holstein<\/p>\n<\/div>\n<\/div>\n","protected":false},"excerpt":{"rendered":"<p>Der Wennsee in Scharbeutz liegt ein wenig versteckt. Auf der Suche nach einem Bauplatz stie\u00dfen meine Eltern dort 1953 auf eine idyllische Obstwiese und konnten 2500 Quadratmeter mit Zugang zum Wasser erwerben \u2013 zu einem Preis, den man heute als \u00bbAppel und Ei\u00ab bezeichnen w\u00fcrde. Damals allerdings bereiteten ihnen die Schulden schlaflose N\u00e4chte! mit Spaten [&hellip;]<\/p>\n","protected":false},"author":265,"featured_media":0,"comment_status":"open","ping_status":"open","sticky":false,"template":"","format":"standard","meta":{"_jetpack_memberships_contains_paid_content":false,"footnotes":""},"categories":[1878],"tags":[],"class_list":["post-14870","post","type-post","status-publish","format-standard","hentry","category-zeitsprung"],"yoast_head":"<!-- This site is optimized with the Yoast SEO plugin v21.0 - https:\/\/yoast.com\/wordpress\/plugins\/seo\/ -->\n<title>Zeitsprung: Haus am See - ZEIT der Leser<\/title>\n<meta name=\"robots\" content=\"index, follow, max-snippet:-1, max-image-preview:large, max-video-preview:-1\" \/>\n<link rel=\"canonical\" href=\"https:\/\/blog.zeit.de\/zeit-der-leser\/2013\/09\/19\/zeitsprung-haus-am-see\/\" \/>\n<meta property=\"og:locale\" content=\"de_DE\" \/>\n<meta property=\"og:type\" content=\"article\" \/>\n<meta property=\"og:title\" content=\"Zeitsprung: Haus am See - ZEIT der Leser\" \/>\n<meta property=\"og:description\" content=\"Der Wennsee in Scharbeutz liegt ein wenig versteckt. Auf der Suche nach einem Bauplatz stie\u00dfen meine Eltern dort 1953 auf eine idyllische Obstwiese und konnten 2500 Quadratmeter mit Zugang zum Wasser erwerben \u2013 zu einem Preis, den man heute als \u00bbAppel und Ei\u00ab bezeichnen w\u00fcrde. Damals allerdings bereiteten ihnen die Schulden schlaflose N\u00e4chte! mit Spaten [&hellip;]\" \/>\n<meta property=\"og:url\" content=\"https:\/\/blog.zeit.de\/zeit-der-leser\/2013\/09\/19\/zeitsprung-haus-am-see\/\" \/>\n<meta property=\"og:site_name\" content=\"ZEIT der Leser\" \/>\n<meta property=\"article:published_time\" content=\"2013-09-19T13:00:47+00:00\" \/>\n<meta property=\"article:modified_time\" content=\"2013-09-19T13:00:52+00:00\" \/>\n<meta property=\"og:image\" content=\"https:\/\/blog.zeit.de\/zeit-der-leser\/files\/2013\/09\/s80-zeitsprung-1954.jpg\" \/>\n<meta name=\"author\" content=\"&quot;Zeit der Leser&quot;-Redaktion\" \/>\n<meta name=\"twitter:card\" content=\"summary_large_image\" \/>\n<meta name=\"twitter:label1\" content=\"Geschrieben von\" \/>\n\t<meta name=\"twitter:data1\" content=\"\"Zeit der Leser\"-Redaktion\" \/>\n\t<meta name=\"twitter:label2\" content=\"Gesch\u00e4tzte Lesezeit\" \/>\n\t<meta name=\"twitter:data2\" content=\"1\u00a0Minute\" \/>\n<script type=\"application\/ld+json\" class=\"yoast-schema-graph\">{\"@context\":\"https:\/\/schema.org\",\"@graph\":[{\"@type\":\"WebPage\",\"@id\":\"https:\/\/blog.zeit.de\/zeit-der-leser\/2013\/09\/19\/zeitsprung-haus-am-see\/\",\"url\":\"https:\/\/blog.zeit.de\/zeit-der-leser\/2013\/09\/19\/zeitsprung-haus-am-see\/\",\"name\":\"Zeitsprung: Haus am See - ZEIT der Leser\",\"isPartOf\":{\"@id\":\"https:\/\/blog.zeit.de\/zeit-der-leser\/#website\"},\"datePublished\":\"2013-09-19T13:00:47+00:00\",\"dateModified\":\"2013-09-19T13:00:52+00:00\",\"author\":{\"@id\":\"https:\/\/blog.zeit.de\/zeit-der-leser\/#\/schema\/person\/583b14e5ad6368c23af846ecbde9f20f\"},\"breadcrumb\":{\"@id\":\"https:\/\/blog.zeit.de\/zeit-der-leser\/2013\/09\/19\/zeitsprung-haus-am-see\/#breadcrumb\"},\"inLanguage\":\"de\",\"potentialAction\":[{\"@type\":\"ReadAction\",\"target\":[\"https:\/\/blog.zeit.de\/zeit-der-leser\/2013\/09\/19\/zeitsprung-haus-am-see\/\"]}]},{\"@type\":\"BreadcrumbList\",\"@id\":\"https:\/\/blog.zeit.de\/zeit-der-leser\/2013\/09\/19\/zeitsprung-haus-am-see\/#breadcrumb\",\"itemListElement\":[{\"@type\":\"ListItem\",\"position\":1,\"name\":\"Startseite\",\"item\":\"https:\/\/blog.zeit.de\/zeit-der-leser\/\"},{\"@type\":\"ListItem\",\"position\":2,\"name\":\"Zeitsprung: Haus am See\"}]},{\"@type\":\"WebSite\",\"@id\":\"https:\/\/blog.zeit.de\/zeit-der-leser\/#website\",\"url\":\"https:\/\/blog.zeit.de\/zeit-der-leser\/\",\"name\":\"ZEIT der Leser\",\"description\":\"Ein Blog mit Ihren Notizen, Gedichten und Bildern f\u00fcr die gedruckte ZEIT\",\"potentialAction\":[{\"@type\":\"SearchAction\",\"target\":{\"@type\":\"EntryPoint\",\"urlTemplate\":\"https:\/\/blog.zeit.de\/zeit-der-leser\/?s={search_term_string}\"},\"query-input\":\"required name=search_term_string\"}],\"inLanguage\":\"de\"},{\"@type\":\"Person\",\"@id\":\"https:\/\/blog.zeit.de\/zeit-der-leser\/#\/schema\/person\/583b14e5ad6368c23af846ecbde9f20f\",\"name\":\"\\\"Zeit der Leser\\\"-Redaktion\",\"image\":{\"@type\":\"ImageObject\",\"inLanguage\":\"de\",\"@id\":\"https:\/\/blog.zeit.de\/zeit-der-leser\/#\/schema\/person\/image\/\",\"url\":\"https:\/\/secure.gravatar.com\/avatar\/e801a681bd3bbf2345131a815930b48d9f8e0a94de1346b624840dc850f67ad0?s=96&d=mm&r=g\",\"contentUrl\":\"https:\/\/secure.gravatar.com\/avatar\/e801a681bd3bbf2345131a815930b48d9f8e0a94de1346b624840dc850f67ad0?s=96&d=mm&r=g\",\"caption\":\"\\\"Zeit der Leser\\\"-Redaktion\"},\"url\":\"https:\/\/blog.zeit.de\/zeit-der-leser\/author\/zeit-der-leser-redaktion\/\"}]}<\/script>\n<!-- \/ Yoast SEO plugin. -->","yoast_head_json":{"title":"Zeitsprung: Haus am See - ZEIT der Leser","robots":{"index":"index","follow":"follow","max-snippet":"max-snippet:-1","max-image-preview":"max-image-preview:large","max-video-preview":"max-video-preview:-1"},"canonical":"https:\/\/blog.zeit.de\/zeit-der-leser\/2013\/09\/19\/zeitsprung-haus-am-see\/","og_locale":"de_DE","og_type":"article","og_title":"Zeitsprung: Haus am See - ZEIT der Leser","og_description":"Der Wennsee in Scharbeutz liegt ein wenig versteckt. Auf der Suche nach einem Bauplatz stie\u00dfen meine Eltern dort 1953 auf eine idyllische Obstwiese und konnten 2500 Quadratmeter mit Zugang zum Wasser erwerben \u2013 zu einem Preis, den man heute als \u00bbAppel und Ei\u00ab bezeichnen w\u00fcrde. Damals allerdings bereiteten ihnen die Schulden schlaflose N\u00e4chte! mit Spaten [&hellip;]","og_url":"https:\/\/blog.zeit.de\/zeit-der-leser\/2013\/09\/19\/zeitsprung-haus-am-see\/","og_site_name":"ZEIT der Leser","article_published_time":"2013-09-19T13:00:47+00:00","article_modified_time":"2013-09-19T13:00:52+00:00","og_image":[{"url":"https:\/\/blog.zeit.de\/zeit-der-leser\/files\/2013\/09\/s80-zeitsprung-1954.jpg"}],"author":"\"Zeit der Leser\"-Redaktion","twitter_card":"summary_large_image","twitter_misc":{"Geschrieben von":"\"Zeit der Leser\"-Redaktion","Gesch\u00e4tzte Lesezeit":"1\u00a0Minute"},"schema":{"@context":"https:\/\/schema.org","@graph":[{"@type":"WebPage","@id":"https:\/\/blog.zeit.de\/zeit-der-leser\/2013\/09\/19\/zeitsprung-haus-am-see\/","url":"https:\/\/blog.zeit.de\/zeit-der-leser\/2013\/09\/19\/zeitsprung-haus-am-see\/","name":"Zeitsprung: Haus am See - ZEIT der Leser","isPartOf":{"@id":"https:\/\/blog.zeit.de\/zeit-der-leser\/#website"},"datePublished":"2013-09-19T13:00:47+00:00","dateModified":"2013-09-19T13:00:52+00:00","author":{"@id":"https:\/\/blog.zeit.de\/zeit-der-leser\/#\/schema\/person\/583b14e5ad6368c23af846ecbde9f20f"},"breadcrumb":{"@id":"https:\/\/blog.zeit.de\/zeit-der-leser\/2013\/09\/19\/zeitsprung-haus-am-see\/#breadcrumb"},"inLanguage":"de","potentialAction":[{"@type":"ReadAction","target":["https:\/\/blog.zeit.de\/zeit-der-leser\/2013\/09\/19\/zeitsprung-haus-am-see\/"]}]},{"@type":"BreadcrumbList","@id":"https:\/\/blog.zeit.de\/zeit-der-leser\/2013\/09\/19\/zeitsprung-haus-am-see\/#breadcrumb","itemListElement":[{"@type":"ListItem","position":1,"name":"Startseite","item":"https:\/\/blog.zeit.de\/zeit-der-leser\/"},{"@type":"ListItem","position":2,"name":"Zeitsprung: Haus am See"}]},{"@type":"WebSite","@id":"https:\/\/blog.zeit.de\/zeit-der-leser\/#website","url":"https:\/\/blog.zeit.de\/zeit-der-leser\/","name":"ZEIT der Leser","description":"Ein Blog mit Ihren Notizen, Gedichten und Bildern f\u00fcr die gedruckte ZEIT","potentialAction":[{"@type":"SearchAction","target":{"@type":"EntryPoint","urlTemplate":"https:\/\/blog.zeit.de\/zeit-der-leser\/?s={search_term_string}"},"query-input":"required name=search_term_string"}],"inLanguage":"de"},{"@type":"Person","@id":"https:\/\/blog.zeit.de\/zeit-der-leser\/#\/schema\/person\/583b14e5ad6368c23af846ecbde9f20f","name":"\"Zeit der Leser\"-Redaktion","image":{"@type":"ImageObject","inLanguage":"de","@id":"https:\/\/blog.zeit.de\/zeit-der-leser\/#\/schema\/person\/image\/","url":"https:\/\/secure.gravatar.com\/avatar\/e801a681bd3bbf2345131a815930b48d9f8e0a94de1346b624840dc850f67ad0?s=96&d=mm&r=g","contentUrl":"https:\/\/secure.gravatar.com\/avatar\/e801a681bd3bbf2345131a815930b48d9f8e0a94de1346b624840dc850f67ad0?s=96&d=mm&r=g","caption":"\"Zeit der Leser\"-Redaktion"},"url":"https:\/\/blog.zeit.de\/zeit-der-leser\/author\/zeit-der-leser-redaktion\/"}]}},"jetpack_featured_media_url":"","jetpack_sharing_enabled":true,"_links":{"self":[{"href":"https:\/\/blog.zeit.de\/zeit-der-leser\/wp-json\/wp\/v2\/posts\/14870","targetHints":{"allow":["GET"]}}],"collection":[{"href":"https:\/\/blog.zeit.de\/zeit-der-leser\/wp-json\/wp\/v2\/posts"}],"about":[{"href":"https:\/\/blog.zeit.de\/zeit-der-leser\/wp-json\/wp\/v2\/types\/post"}],"author":[{"embeddable":true,"href":"https:\/\/blog.zeit.de\/zeit-der-leser\/wp-json\/wp\/v2\/users\/265"}],"replies":[{"embeddable":true,"href":"https:\/\/blog.zeit.de\/zeit-der-leser\/wp-json\/wp\/v2\/comments?post=14870"}],"version-history":[{"count":2,"href":"https:\/\/blog.zeit.de\/zeit-der-leser\/wp-json\/wp\/v2\/posts\/14870\/revisions"}],"predecessor-version":[{"id":14892,"href":"https:\/\/blog.zeit.de\/zeit-der-leser\/wp-json\/wp\/v2\/posts\/14870\/revisions\/14892"}],"wp:attachment":[{"href":"https:\/\/blog.zeit.de\/zeit-der-leser\/wp-json\/wp\/v2\/media?parent=14870"}],"wp:term":[{"taxonomy":"category","embeddable":true,"href":"https:\/\/blog.zeit.de\/zeit-der-leser\/wp-json\/wp\/v2\/categories?post=14870"},{"taxonomy":"post_tag","embeddable":true,"href":"https:\/\/blog.zeit.de\/zeit-der-leser\/wp-json\/wp\/v2\/tags?post=14870"}],"curies":[{"name":"wp","href":"https:\/\/api.w.org\/{rel}","templated":true}]}}