{"id":14893,"date":"2013-09-20T15:00:30","date_gmt":"2013-09-20T13:00:30","guid":{"rendered":"http:\/\/blog.zeit.de\/zeit-der-leser\/?p=14893"},"modified":"2015-02-20T12:46:37","modified_gmt":"2015-02-20T11:46:37","slug":"mein-wort-schatz-knorke","status":"publish","type":"post","link":"https:\/\/blog.zeit.de\/zeit-der-leser\/2013\/09\/20\/mein-wort-schatz-knorke\/","title":{"rendered":"Knorke: Mein Wort-Schatz"},"content":{"rendered":"<div>\n<div>\n<div>\n<div>\n<p>In meiner Kindheit in den drei\u00dfiger Jahren fanden wir Jungen es <strong>knorke<\/strong>, ganze Nachmittage im neuen Freibad herumzutollen oder auf unserem Sandplatz Fu\u00dfball zu spielen. Heute, mit 88 Jahren, finde ich es knorke, dass es die Seite \u00bbZEIT der Leser\u00ab gibt. Das W\u00f6rterbuch der deutschen Alltagssprache bietet f\u00fcr dieses Adjektiv die Bedeutungen \u00bbausgezeichnet\u00ab, \u00bbvorz\u00fcglich\u00ab, \u00bbun\u00fcberbietbar\u00ab. Keiner dieser Ausdr\u00fccke w\u00e4re jedoch treffender Ersatz in meinen Beispiels\u00e4tzen. Da ist es einfach \u00bbknorke\u00ab, dass ich meinen Wortschatz noch einmal so sinnvoll gebrauchen kann!<\/p>\n<p><strong>Hans Georg Michels<\/strong>, Marl<\/p>\n<\/div>\n<\/div>\n<\/div>\n<\/div>\n","protected":false},"excerpt":{"rendered":"<p>In meiner Kindheit in den drei\u00dfiger Jahren fanden wir Jungen es knorke, ganze Nachmittage im neuen Freibad herumzutollen oder auf unserem Sandplatz Fu\u00dfball zu spielen. Heute, mit 88 Jahren, finde ich es knorke, dass es die Seite \u00bbZEIT der Leser\u00ab gibt. Das W\u00f6rterbuch der deutschen Alltagssprache bietet f\u00fcr dieses Adjektiv die Bedeutungen \u00bbausgezeichnet\u00ab, \u00bbvorz\u00fcglich\u00ab, \u00bbun\u00fcberbietbar\u00ab. [&hellip;]<\/p>\n","protected":false},"author":265,"featured_media":0,"comment_status":"open","ping_status":"open","sticky":false,"template":"","format":"standard","meta":{"_jetpack_memberships_contains_paid_content":false,"footnotes":""},"categories":[5687],"tags":[],"class_list":["post-14893","post","type-post","status-publish","format-standard","hentry","category-mein-wort-schatz"],"yoast_head":"<!-- This site is optimized with the Yoast SEO plugin v21.0 - https:\/\/yoast.com\/wordpress\/plugins\/seo\/ -->\n<title>Knorke: Mein Wort-Schatz - ZEIT der Leser<\/title>\n<meta name=\"robots\" content=\"index, follow, max-snippet:-1, max-image-preview:large, max-video-preview:-1\" \/>\n<link rel=\"canonical\" href=\"https:\/\/blog.zeit.de\/zeit-der-leser\/2013\/09\/20\/mein-wort-schatz-knorke\/\" \/>\n<meta property=\"og:locale\" content=\"de_DE\" \/>\n<meta property=\"og:type\" content=\"article\" \/>\n<meta property=\"og:title\" content=\"Knorke: Mein Wort-Schatz - ZEIT der Leser\" \/>\n<meta property=\"og:description\" content=\"In meiner Kindheit in den drei\u00dfiger Jahren fanden wir Jungen es knorke, ganze Nachmittage im neuen Freibad herumzutollen oder auf unserem Sandplatz Fu\u00dfball zu spielen. Heute, mit 88 Jahren, finde ich es knorke, dass es die Seite \u00bbZEIT der Leser\u00ab gibt. Das W\u00f6rterbuch der deutschen Alltagssprache bietet f\u00fcr dieses Adjektiv die Bedeutungen \u00bbausgezeichnet\u00ab, \u00bbvorz\u00fcglich\u00ab, \u00bbun\u00fcberbietbar\u00ab. [&hellip;]\" \/>\n<meta property=\"og:url\" content=\"https:\/\/blog.zeit.de\/zeit-der-leser\/2013\/09\/20\/mein-wort-schatz-knorke\/\" \/>\n<meta property=\"og:site_name\" content=\"ZEIT der Leser\" \/>\n<meta property=\"article:published_time\" content=\"2013-09-20T13:00:30+00:00\" \/>\n<meta property=\"article:modified_time\" content=\"2015-02-20T11:46:37+00:00\" \/>\n<meta name=\"author\" content=\"&quot;Zeit der Leser&quot;-Redaktion\" \/>\n<meta name=\"twitter:card\" content=\"summary_large_image\" \/>\n<meta name=\"twitter:label1\" content=\"Geschrieben von\" \/>\n\t<meta name=\"twitter:data1\" content=\"\"Zeit der Leser\"-Redaktion\" \/>\n<script type=\"application\/ld+json\" class=\"yoast-schema-graph\">{\"@context\":\"https:\/\/schema.org\",\"@graph\":[{\"@type\":\"WebPage\",\"@id\":\"https:\/\/blog.zeit.de\/zeit-der-leser\/2013\/09\/20\/mein-wort-schatz-knorke\/\",\"url\":\"https:\/\/blog.zeit.de\/zeit-der-leser\/2013\/09\/20\/mein-wort-schatz-knorke\/\",\"name\":\"Knorke: Mein Wort-Schatz - ZEIT der Leser\",\"isPartOf\":{\"@id\":\"https:\/\/blog.zeit.de\/zeit-der-leser\/#website\"},\"datePublished\":\"2013-09-20T13:00:30+00:00\",\"dateModified\":\"2015-02-20T11:46:37+00:00\",\"author\":{\"@id\":\"https:\/\/blog.zeit.de\/zeit-der-leser\/#\/schema\/person\/583b14e5ad6368c23af846ecbde9f20f\"},\"breadcrumb\":{\"@id\":\"https:\/\/blog.zeit.de\/zeit-der-leser\/2013\/09\/20\/mein-wort-schatz-knorke\/#breadcrumb\"},\"inLanguage\":\"de\",\"potentialAction\":[{\"@type\":\"ReadAction\",\"target\":[\"https:\/\/blog.zeit.de\/zeit-der-leser\/2013\/09\/20\/mein-wort-schatz-knorke\/\"]}]},{\"@type\":\"BreadcrumbList\",\"@id\":\"https:\/\/blog.zeit.de\/zeit-der-leser\/2013\/09\/20\/mein-wort-schatz-knorke\/#breadcrumb\",\"itemListElement\":[{\"@type\":\"ListItem\",\"position\":1,\"name\":\"Startseite\",\"item\":\"https:\/\/blog.zeit.de\/zeit-der-leser\/\"},{\"@type\":\"ListItem\",\"position\":2,\"name\":\"Knorke: Mein Wort-Schatz\"}]},{\"@type\":\"WebSite\",\"@id\":\"https:\/\/blog.zeit.de\/zeit-der-leser\/#website\",\"url\":\"https:\/\/blog.zeit.de\/zeit-der-leser\/\",\"name\":\"ZEIT der Leser\",\"description\":\"Ein Blog mit Ihren Notizen, Gedichten und Bildern f\u00fcr die gedruckte ZEIT\",\"potentialAction\":[{\"@type\":\"SearchAction\",\"target\":{\"@type\":\"EntryPoint\",\"urlTemplate\":\"https:\/\/blog.zeit.de\/zeit-der-leser\/?s={search_term_string}\"},\"query-input\":\"required name=search_term_string\"}],\"inLanguage\":\"de\"},{\"@type\":\"Person\",\"@id\":\"https:\/\/blog.zeit.de\/zeit-der-leser\/#\/schema\/person\/583b14e5ad6368c23af846ecbde9f20f\",\"name\":\"\\\"Zeit der Leser\\\"-Redaktion\",\"image\":{\"@type\":\"ImageObject\",\"inLanguage\":\"de\",\"@id\":\"https:\/\/blog.zeit.de\/zeit-der-leser\/#\/schema\/person\/image\/\",\"url\":\"https:\/\/secure.gravatar.com\/avatar\/e801a681bd3bbf2345131a815930b48d9f8e0a94de1346b624840dc850f67ad0?s=96&d=mm&r=g\",\"contentUrl\":\"https:\/\/secure.gravatar.com\/avatar\/e801a681bd3bbf2345131a815930b48d9f8e0a94de1346b624840dc850f67ad0?s=96&d=mm&r=g\",\"caption\":\"\\\"Zeit der Leser\\\"-Redaktion\"},\"url\":\"https:\/\/blog.zeit.de\/zeit-der-leser\/author\/zeit-der-leser-redaktion\/\"}]}<\/script>\n<!-- \/ Yoast SEO plugin. -->","yoast_head_json":{"title":"Knorke: Mein Wort-Schatz - ZEIT der Leser","robots":{"index":"index","follow":"follow","max-snippet":"max-snippet:-1","max-image-preview":"max-image-preview:large","max-video-preview":"max-video-preview:-1"},"canonical":"https:\/\/blog.zeit.de\/zeit-der-leser\/2013\/09\/20\/mein-wort-schatz-knorke\/","og_locale":"de_DE","og_type":"article","og_title":"Knorke: Mein Wort-Schatz - ZEIT der Leser","og_description":"In meiner Kindheit in den drei\u00dfiger Jahren fanden wir Jungen es knorke, ganze Nachmittage im neuen Freibad herumzutollen oder auf unserem Sandplatz Fu\u00dfball zu spielen. Heute, mit 88 Jahren, finde ich es knorke, dass es die Seite \u00bbZEIT der Leser\u00ab gibt. Das W\u00f6rterbuch der deutschen Alltagssprache bietet f\u00fcr dieses Adjektiv die Bedeutungen \u00bbausgezeichnet\u00ab, \u00bbvorz\u00fcglich\u00ab, \u00bbun\u00fcberbietbar\u00ab. [&hellip;]","og_url":"https:\/\/blog.zeit.de\/zeit-der-leser\/2013\/09\/20\/mein-wort-schatz-knorke\/","og_site_name":"ZEIT der Leser","article_published_time":"2013-09-20T13:00:30+00:00","article_modified_time":"2015-02-20T11:46:37+00:00","author":"\"Zeit der Leser\"-Redaktion","twitter_card":"summary_large_image","twitter_misc":{"Geschrieben von":"\"Zeit der Leser\"-Redaktion"},"schema":{"@context":"https:\/\/schema.org","@graph":[{"@type":"WebPage","@id":"https:\/\/blog.zeit.de\/zeit-der-leser\/2013\/09\/20\/mein-wort-schatz-knorke\/","url":"https:\/\/blog.zeit.de\/zeit-der-leser\/2013\/09\/20\/mein-wort-schatz-knorke\/","name":"Knorke: Mein Wort-Schatz - ZEIT der Leser","isPartOf":{"@id":"https:\/\/blog.zeit.de\/zeit-der-leser\/#website"},"datePublished":"2013-09-20T13:00:30+00:00","dateModified":"2015-02-20T11:46:37+00:00","author":{"@id":"https:\/\/blog.zeit.de\/zeit-der-leser\/#\/schema\/person\/583b14e5ad6368c23af846ecbde9f20f"},"breadcrumb":{"@id":"https:\/\/blog.zeit.de\/zeit-der-leser\/2013\/09\/20\/mein-wort-schatz-knorke\/#breadcrumb"},"inLanguage":"de","potentialAction":[{"@type":"ReadAction","target":["https:\/\/blog.zeit.de\/zeit-der-leser\/2013\/09\/20\/mein-wort-schatz-knorke\/"]}]},{"@type":"BreadcrumbList","@id":"https:\/\/blog.zeit.de\/zeit-der-leser\/2013\/09\/20\/mein-wort-schatz-knorke\/#breadcrumb","itemListElement":[{"@type":"ListItem","position":1,"name":"Startseite","item":"https:\/\/blog.zeit.de\/zeit-der-leser\/"},{"@type":"ListItem","position":2,"name":"Knorke: Mein Wort-Schatz"}]},{"@type":"WebSite","@id":"https:\/\/blog.zeit.de\/zeit-der-leser\/#website","url":"https:\/\/blog.zeit.de\/zeit-der-leser\/","name":"ZEIT der Leser","description":"Ein Blog mit Ihren Notizen, Gedichten und Bildern f\u00fcr die gedruckte ZEIT","potentialAction":[{"@type":"SearchAction","target":{"@type":"EntryPoint","urlTemplate":"https:\/\/blog.zeit.de\/zeit-der-leser\/?s={search_term_string}"},"query-input":"required name=search_term_string"}],"inLanguage":"de"},{"@type":"Person","@id":"https:\/\/blog.zeit.de\/zeit-der-leser\/#\/schema\/person\/583b14e5ad6368c23af846ecbde9f20f","name":"\"Zeit der Leser\"-Redaktion","image":{"@type":"ImageObject","inLanguage":"de","@id":"https:\/\/blog.zeit.de\/zeit-der-leser\/#\/schema\/person\/image\/","url":"https:\/\/secure.gravatar.com\/avatar\/e801a681bd3bbf2345131a815930b48d9f8e0a94de1346b624840dc850f67ad0?s=96&d=mm&r=g","contentUrl":"https:\/\/secure.gravatar.com\/avatar\/e801a681bd3bbf2345131a815930b48d9f8e0a94de1346b624840dc850f67ad0?s=96&d=mm&r=g","caption":"\"Zeit der Leser\"-Redaktion"},"url":"https:\/\/blog.zeit.de\/zeit-der-leser\/author\/zeit-der-leser-redaktion\/"}]}},"jetpack_featured_media_url":"","jetpack_sharing_enabled":true,"_links":{"self":[{"href":"https:\/\/blog.zeit.de\/zeit-der-leser\/wp-json\/wp\/v2\/posts\/14893","targetHints":{"allow":["GET"]}}],"collection":[{"href":"https:\/\/blog.zeit.de\/zeit-der-leser\/wp-json\/wp\/v2\/posts"}],"about":[{"href":"https:\/\/blog.zeit.de\/zeit-der-leser\/wp-json\/wp\/v2\/types\/post"}],"author":[{"embeddable":true,"href":"https:\/\/blog.zeit.de\/zeit-der-leser\/wp-json\/wp\/v2\/users\/265"}],"replies":[{"embeddable":true,"href":"https:\/\/blog.zeit.de\/zeit-der-leser\/wp-json\/wp\/v2\/comments?post=14893"}],"version-history":[{"count":5,"href":"https:\/\/blog.zeit.de\/zeit-der-leser\/wp-json\/wp\/v2\/posts\/14893\/revisions"}],"predecessor-version":[{"id":19624,"href":"https:\/\/blog.zeit.de\/zeit-der-leser\/wp-json\/wp\/v2\/posts\/14893\/revisions\/19624"}],"wp:attachment":[{"href":"https:\/\/blog.zeit.de\/zeit-der-leser\/wp-json\/wp\/v2\/media?parent=14893"}],"wp:term":[{"taxonomy":"category","embeddable":true,"href":"https:\/\/blog.zeit.de\/zeit-der-leser\/wp-json\/wp\/v2\/categories?post=14893"},{"taxonomy":"post_tag","embeddable":true,"href":"https:\/\/blog.zeit.de\/zeit-der-leser\/wp-json\/wp\/v2\/tags?post=14893"}],"curies":[{"name":"wp","href":"https:\/\/api.w.org\/{rel}","templated":true}]}}