{"id":14929,"date":"2013-09-23T12:00:26","date_gmt":"2013-09-23T10:00:26","guid":{"rendered":"http:\/\/blog.zeit.de\/zeit-der-leser\/?p=14929"},"modified":"2013-09-23T12:00:36","modified_gmt":"2013-09-23T10:00:36","slug":"aus-meinem-garten-18","status":"publish","type":"post","link":"https:\/\/blog.zeit.de\/zeit-der-leser\/2013\/09\/23\/aus-meinem-garten-18\/","title":{"rendered":"Aus meinem Garten"},"content":{"rendered":"<p><a href=\"https:\/\/blog.zeit.de\/zeit-der-leser\/?attachment_id=14923\" rel=\"attachment wp-att-14923\"><img loading=\"lazy\" decoding=\"async\" src=\"https:\/\/blog.zeit.de\/zeit-der-leser\/files\/2013\/09\/s90-garten.jpg\" alt=\"s90-garten\" width=\"580\" height=\"433\" class=\"alignleft size-full wp-image-14923\" srcset=\"https:\/\/blog.zeit.de\/zeit-der-leser\/files\/2013\/09\/s90-garten.jpg 580w, https:\/\/blog.zeit.de\/zeit-der-leser\/files\/2013\/09\/s90-garten-300x223.jpg 300w\" sizes=\"auto, (max-width: 580px) 100vw, 580px\" \/><\/a><\/p>\n<p>Hatte sich doch meine Hokkaido-K\u00fcrbis-Pflanze heimlich w\u00e4hrend meines Urlaubs hinter der Clematis hochgehangelt. Da es f\u00fcr ein Umbetten auf den Boden zu sp\u00e4t war, musste eine andere L\u00f6sung her.\u00a0Diese fand ich mithilfe eines lieben Nachbarn. Und als wir die K\u00fcrbisse behutsam in ihr neues Zuhause legten, meinten wir gar, ein leichtes Aufatmen der Pflanze geh\u00f6rt zu haben.<\/p>\n<p><strong>Ernst-Dieter Honermeier<\/strong>,\u00a0B\u00fcdelsdorf, Schleswig-Holstein<\/p>\n","protected":false},"excerpt":{"rendered":"<p>Hatte sich doch meine Hokkaido-K\u00fcrbis-Pflanze heimlich w\u00e4hrend meines Urlaubs hinter der Clematis hochgehangelt. Da es f\u00fcr ein Umbetten auf den Boden zu sp\u00e4t war, musste eine andere L\u00f6sung her.\u00a0Diese fand ich mithilfe eines lieben Nachbarn. Und als wir die K\u00fcrbisse behutsam in ihr neues Zuhause legten, meinten wir gar, ein leichtes Aufatmen der Pflanze geh\u00f6rt [&hellip;]<\/p>\n","protected":false},"author":265,"featured_media":0,"comment_status":"open","ping_status":"open","sticky":false,"template":"","format":"standard","meta":{"_jetpack_memberships_contains_paid_content":false,"footnotes":""},"categories":[5692],"tags":[],"class_list":["post-14929","post","type-post","status-publish","format-standard","hentry","category-aus-meinem-garten"],"yoast_head":"<!-- This site is optimized with the Yoast SEO plugin v21.0 - https:\/\/yoast.com\/wordpress\/plugins\/seo\/ -->\n<title>Aus meinem Garten - ZEIT der Leser<\/title>\n<meta name=\"robots\" content=\"index, follow, max-snippet:-1, max-image-preview:large, max-video-preview:-1\" \/>\n<link rel=\"canonical\" href=\"https:\/\/blog.zeit.de\/zeit-der-leser\/2013\/09\/23\/aus-meinem-garten-18\/\" \/>\n<meta property=\"og:locale\" content=\"de_DE\" \/>\n<meta property=\"og:type\" content=\"article\" \/>\n<meta property=\"og:title\" content=\"Aus meinem Garten - ZEIT der Leser\" \/>\n<meta property=\"og:description\" content=\"Hatte sich doch meine Hokkaido-K\u00fcrbis-Pflanze heimlich w\u00e4hrend meines Urlaubs hinter der Clematis hochgehangelt. Da es f\u00fcr ein Umbetten auf den Boden zu sp\u00e4t war, musste eine andere L\u00f6sung her.\u00a0Diese fand ich mithilfe eines lieben Nachbarn. Und als wir die K\u00fcrbisse behutsam in ihr neues Zuhause legten, meinten wir gar, ein leichtes Aufatmen der Pflanze geh\u00f6rt [&hellip;]\" \/>\n<meta property=\"og:url\" content=\"https:\/\/blog.zeit.de\/zeit-der-leser\/2013\/09\/23\/aus-meinem-garten-18\/\" \/>\n<meta property=\"og:site_name\" content=\"ZEIT der Leser\" \/>\n<meta property=\"article:published_time\" content=\"2013-09-23T10:00:26+00:00\" \/>\n<meta property=\"article:modified_time\" content=\"2013-09-23T10:00:36+00:00\" \/>\n<meta property=\"og:image\" content=\"https:\/\/blog.zeit.de\/zeit-der-leser\/files\/2013\/09\/s90-garten.jpg\" \/>\n<meta name=\"author\" content=\"&quot;Zeit der Leser&quot;-Redaktion\" \/>\n<meta name=\"twitter:card\" content=\"summary_large_image\" \/>\n<meta name=\"twitter:label1\" content=\"Geschrieben von\" \/>\n\t<meta name=\"twitter:data1\" content=\"\"Zeit der Leser\"-Redaktion\" \/>\n<script type=\"application\/ld+json\" class=\"yoast-schema-graph\">{\"@context\":\"https:\/\/schema.org\",\"@graph\":[{\"@type\":\"WebPage\",\"@id\":\"https:\/\/blog.zeit.de\/zeit-der-leser\/2013\/09\/23\/aus-meinem-garten-18\/\",\"url\":\"https:\/\/blog.zeit.de\/zeit-der-leser\/2013\/09\/23\/aus-meinem-garten-18\/\",\"name\":\"Aus meinem Garten - ZEIT der Leser\",\"isPartOf\":{\"@id\":\"https:\/\/blog.zeit.de\/zeit-der-leser\/#website\"},\"datePublished\":\"2013-09-23T10:00:26+00:00\",\"dateModified\":\"2013-09-23T10:00:36+00:00\",\"author\":{\"@id\":\"https:\/\/blog.zeit.de\/zeit-der-leser\/#\/schema\/person\/583b14e5ad6368c23af846ecbde9f20f\"},\"breadcrumb\":{\"@id\":\"https:\/\/blog.zeit.de\/zeit-der-leser\/2013\/09\/23\/aus-meinem-garten-18\/#breadcrumb\"},\"inLanguage\":\"de\",\"potentialAction\":[{\"@type\":\"ReadAction\",\"target\":[\"https:\/\/blog.zeit.de\/zeit-der-leser\/2013\/09\/23\/aus-meinem-garten-18\/\"]}]},{\"@type\":\"BreadcrumbList\",\"@id\":\"https:\/\/blog.zeit.de\/zeit-der-leser\/2013\/09\/23\/aus-meinem-garten-18\/#breadcrumb\",\"itemListElement\":[{\"@type\":\"ListItem\",\"position\":1,\"name\":\"Startseite\",\"item\":\"https:\/\/blog.zeit.de\/zeit-der-leser\/\"},{\"@type\":\"ListItem\",\"position\":2,\"name\":\"Aus meinem Garten\"}]},{\"@type\":\"WebSite\",\"@id\":\"https:\/\/blog.zeit.de\/zeit-der-leser\/#website\",\"url\":\"https:\/\/blog.zeit.de\/zeit-der-leser\/\",\"name\":\"ZEIT der Leser\",\"description\":\"Ein Blog mit Ihren Notizen, Gedichten und Bildern f\u00fcr die gedruckte ZEIT\",\"potentialAction\":[{\"@type\":\"SearchAction\",\"target\":{\"@type\":\"EntryPoint\",\"urlTemplate\":\"https:\/\/blog.zeit.de\/zeit-der-leser\/?s={search_term_string}\"},\"query-input\":\"required name=search_term_string\"}],\"inLanguage\":\"de\"},{\"@type\":\"Person\",\"@id\":\"https:\/\/blog.zeit.de\/zeit-der-leser\/#\/schema\/person\/583b14e5ad6368c23af846ecbde9f20f\",\"name\":\"\\\"Zeit der Leser\\\"-Redaktion\",\"image\":{\"@type\":\"ImageObject\",\"inLanguage\":\"de\",\"@id\":\"https:\/\/blog.zeit.de\/zeit-der-leser\/#\/schema\/person\/image\/\",\"url\":\"https:\/\/secure.gravatar.com\/avatar\/e801a681bd3bbf2345131a815930b48d9f8e0a94de1346b624840dc850f67ad0?s=96&d=mm&r=g\",\"contentUrl\":\"https:\/\/secure.gravatar.com\/avatar\/e801a681bd3bbf2345131a815930b48d9f8e0a94de1346b624840dc850f67ad0?s=96&d=mm&r=g\",\"caption\":\"\\\"Zeit der Leser\\\"-Redaktion\"},\"url\":\"https:\/\/blog.zeit.de\/zeit-der-leser\/author\/zeit-der-leser-redaktion\/\"}]}<\/script>\n<!-- \/ Yoast SEO plugin. -->","yoast_head_json":{"title":"Aus meinem Garten - ZEIT der Leser","robots":{"index":"index","follow":"follow","max-snippet":"max-snippet:-1","max-image-preview":"max-image-preview:large","max-video-preview":"max-video-preview:-1"},"canonical":"https:\/\/blog.zeit.de\/zeit-der-leser\/2013\/09\/23\/aus-meinem-garten-18\/","og_locale":"de_DE","og_type":"article","og_title":"Aus meinem Garten - ZEIT der Leser","og_description":"Hatte sich doch meine Hokkaido-K\u00fcrbis-Pflanze heimlich w\u00e4hrend meines Urlaubs hinter der Clematis hochgehangelt. Da es f\u00fcr ein Umbetten auf den Boden zu sp\u00e4t war, musste eine andere L\u00f6sung her.\u00a0Diese fand ich mithilfe eines lieben Nachbarn. Und als wir die K\u00fcrbisse behutsam in ihr neues Zuhause legten, meinten wir gar, ein leichtes Aufatmen der Pflanze geh\u00f6rt [&hellip;]","og_url":"https:\/\/blog.zeit.de\/zeit-der-leser\/2013\/09\/23\/aus-meinem-garten-18\/","og_site_name":"ZEIT der Leser","article_published_time":"2013-09-23T10:00:26+00:00","article_modified_time":"2013-09-23T10:00:36+00:00","og_image":[{"url":"https:\/\/blog.zeit.de\/zeit-der-leser\/files\/2013\/09\/s90-garten.jpg"}],"author":"\"Zeit der Leser\"-Redaktion","twitter_card":"summary_large_image","twitter_misc":{"Geschrieben von":"\"Zeit der Leser\"-Redaktion"},"schema":{"@context":"https:\/\/schema.org","@graph":[{"@type":"WebPage","@id":"https:\/\/blog.zeit.de\/zeit-der-leser\/2013\/09\/23\/aus-meinem-garten-18\/","url":"https:\/\/blog.zeit.de\/zeit-der-leser\/2013\/09\/23\/aus-meinem-garten-18\/","name":"Aus meinem Garten - ZEIT der Leser","isPartOf":{"@id":"https:\/\/blog.zeit.de\/zeit-der-leser\/#website"},"datePublished":"2013-09-23T10:00:26+00:00","dateModified":"2013-09-23T10:00:36+00:00","author":{"@id":"https:\/\/blog.zeit.de\/zeit-der-leser\/#\/schema\/person\/583b14e5ad6368c23af846ecbde9f20f"},"breadcrumb":{"@id":"https:\/\/blog.zeit.de\/zeit-der-leser\/2013\/09\/23\/aus-meinem-garten-18\/#breadcrumb"},"inLanguage":"de","potentialAction":[{"@type":"ReadAction","target":["https:\/\/blog.zeit.de\/zeit-der-leser\/2013\/09\/23\/aus-meinem-garten-18\/"]}]},{"@type":"BreadcrumbList","@id":"https:\/\/blog.zeit.de\/zeit-der-leser\/2013\/09\/23\/aus-meinem-garten-18\/#breadcrumb","itemListElement":[{"@type":"ListItem","position":1,"name":"Startseite","item":"https:\/\/blog.zeit.de\/zeit-der-leser\/"},{"@type":"ListItem","position":2,"name":"Aus meinem Garten"}]},{"@type":"WebSite","@id":"https:\/\/blog.zeit.de\/zeit-der-leser\/#website","url":"https:\/\/blog.zeit.de\/zeit-der-leser\/","name":"ZEIT der Leser","description":"Ein Blog mit Ihren Notizen, Gedichten und Bildern f\u00fcr die gedruckte ZEIT","potentialAction":[{"@type":"SearchAction","target":{"@type":"EntryPoint","urlTemplate":"https:\/\/blog.zeit.de\/zeit-der-leser\/?s={search_term_string}"},"query-input":"required name=search_term_string"}],"inLanguage":"de"},{"@type":"Person","@id":"https:\/\/blog.zeit.de\/zeit-der-leser\/#\/schema\/person\/583b14e5ad6368c23af846ecbde9f20f","name":"\"Zeit der Leser\"-Redaktion","image":{"@type":"ImageObject","inLanguage":"de","@id":"https:\/\/blog.zeit.de\/zeit-der-leser\/#\/schema\/person\/image\/","url":"https:\/\/secure.gravatar.com\/avatar\/e801a681bd3bbf2345131a815930b48d9f8e0a94de1346b624840dc850f67ad0?s=96&d=mm&r=g","contentUrl":"https:\/\/secure.gravatar.com\/avatar\/e801a681bd3bbf2345131a815930b48d9f8e0a94de1346b624840dc850f67ad0?s=96&d=mm&r=g","caption":"\"Zeit der Leser\"-Redaktion"},"url":"https:\/\/blog.zeit.de\/zeit-der-leser\/author\/zeit-der-leser-redaktion\/"}]}},"jetpack_featured_media_url":"","jetpack_sharing_enabled":true,"_links":{"self":[{"href":"https:\/\/blog.zeit.de\/zeit-der-leser\/wp-json\/wp\/v2\/posts\/14929","targetHints":{"allow":["GET"]}}],"collection":[{"href":"https:\/\/blog.zeit.de\/zeit-der-leser\/wp-json\/wp\/v2\/posts"}],"about":[{"href":"https:\/\/blog.zeit.de\/zeit-der-leser\/wp-json\/wp\/v2\/types\/post"}],"author":[{"embeddable":true,"href":"https:\/\/blog.zeit.de\/zeit-der-leser\/wp-json\/wp\/v2\/users\/265"}],"replies":[{"embeddable":true,"href":"https:\/\/blog.zeit.de\/zeit-der-leser\/wp-json\/wp\/v2\/comments?post=14929"}],"version-history":[{"count":4,"href":"https:\/\/blog.zeit.de\/zeit-der-leser\/wp-json\/wp\/v2\/posts\/14929\/revisions"}],"predecessor-version":[{"id":14949,"href":"https:\/\/blog.zeit.de\/zeit-der-leser\/wp-json\/wp\/v2\/posts\/14929\/revisions\/14949"}],"wp:attachment":[{"href":"https:\/\/blog.zeit.de\/zeit-der-leser\/wp-json\/wp\/v2\/media?parent=14929"}],"wp:term":[{"taxonomy":"category","embeddable":true,"href":"https:\/\/blog.zeit.de\/zeit-der-leser\/wp-json\/wp\/v2\/categories?post=14929"},{"taxonomy":"post_tag","embeddable":true,"href":"https:\/\/blog.zeit.de\/zeit-der-leser\/wp-json\/wp\/v2\/tags?post=14929"}],"curies":[{"name":"wp","href":"https:\/\/api.w.org\/{rel}","templated":true}]}}