{"id":14962,"date":"2013-09-26T18:00:16","date_gmt":"2013-09-26T16:00:16","guid":{"rendered":"http:\/\/blog.zeit.de\/zeit-der-leser\/?p=14962"},"modified":"2013-09-26T18:00:38","modified_gmt":"2013-09-26T16:00:38","slug":"was-mein-leben-reicher-macht-1457","status":"publish","type":"post","link":"https:\/\/blog.zeit.de\/zeit-der-leser\/2013\/09\/26\/was-mein-leben-reicher-macht-1457\/","title":{"rendered":"Zeitsprung: &#8222;Ursprung&#8220; Stra\u00dfe"},"content":{"rendered":"<p><figure id=\"attachment_14927\" aria-describedby=\"caption-attachment-14927\" style=\"width: 580px\" class=\"wp-caption alignleft\"><a href=\"https:\/\/blog.zeit.de\/zeit-der-leser\/?attachment_id=14927\" rel=\"attachment wp-att-14927\"><img loading=\"lazy\" decoding=\"async\" class=\"size-full wp-image-14927\" alt=\"s90-zeitsprung-1963\" src=\"https:\/\/blog.zeit.de\/zeit-der-leser\/files\/2013\/09\/s90-zeitsprung-1963.jpg\" width=\"580\" height=\"676\" srcset=\"https:\/\/blog.zeit.de\/zeit-der-leser\/files\/2013\/09\/s90-zeitsprung-1963.jpg 580w, https:\/\/blog.zeit.de\/zeit-der-leser\/files\/2013\/09\/s90-zeitsprung-1963-257x300.jpg 257w\" sizes=\"auto, (max-width: 580px) 100vw, 580px\" \/><\/a><figcaption id=\"caption-attachment-14927\" class=\"wp-caption-text\">1963<\/figcaption><\/figure><\/p>\n<p><figure id=\"attachment_14928\" aria-describedby=\"caption-attachment-14928\" style=\"width: 580px\" class=\"wp-caption alignleft\"><a href=\"https:\/\/blog.zeit.de\/zeit-der-leser\/?attachment_id=14928\" rel=\"attachment wp-att-14928\"><img loading=\"lazy\" decoding=\"async\" class=\"size-full wp-image-14928\" alt=\"s90-zeitsprung-2013\" src=\"https:\/\/blog.zeit.de\/zeit-der-leser\/files\/2013\/09\/s90-zeitsprung-2013.jpg\" width=\"580\" height=\"676\" srcset=\"https:\/\/blog.zeit.de\/zeit-der-leser\/files\/2013\/09\/s90-zeitsprung-2013.jpg 580w, https:\/\/blog.zeit.de\/zeit-der-leser\/files\/2013\/09\/s90-zeitsprung-2013-257x300.jpg 257w\" sizes=\"auto, (max-width: 580px) 100vw, 580px\" \/><\/a><figcaption id=\"caption-attachment-14928\" class=\"wp-caption-text\">2013<\/figcaption><\/figure><\/p>\n<p>&nbsp;<\/p>\n<p>Begrenzt von grob behauenem Granit, ein Gehweg aus Sand, von der Sommersonne hei\u00df gebacken, eine Wonne f\u00fcr schuhlose Kinderf\u00fc\u00dfe, eine Wohltat f\u00fcr sandbadende Spatzen. Die Klinkerstra\u00dfe schmal, wenig von Autoverkehr beunruhigt, im Winter eine schneewei\u00dfe Gleitschuhbahn. Stra\u00dfenbeleuchtung gab es nicht. Nachts wurde es noch richtig dunkel (vom Sternenhimmel mal abgesehen). Das war unsere Stra\u00dfe vor 50 Jahren. Hier, im friesischen Zetel, wuchs ich mit meinen zwei Geschwistern in einer Gro\u00dffamilie auf. Heute l\u00e4sst spr\u00f6der Asphalt und verwitterter Betonstein den vergangenen Charme nur noch erahnen. Es war unsere Stra\u00dfe nur auf Zeit.<\/p>\n<p><strong>Steffen Walentowitz<\/strong>, Jever<\/p>\n","protected":false},"excerpt":{"rendered":"<p>&nbsp; Begrenzt von grob behauenem Granit, ein Gehweg aus Sand, von der Sommersonne hei\u00df gebacken, eine Wonne f\u00fcr schuhlose Kinderf\u00fc\u00dfe, eine Wohltat f\u00fcr sandbadende Spatzen. Die Klinkerstra\u00dfe schmal, wenig von Autoverkehr beunruhigt, im Winter eine schneewei\u00dfe Gleitschuhbahn. Stra\u00dfenbeleuchtung gab es nicht. Nachts wurde es noch richtig dunkel (vom Sternenhimmel mal abgesehen). Das war unsere Stra\u00dfe [&hellip;]<\/p>\n","protected":false},"author":265,"featured_media":0,"comment_status":"open","ping_status":"open","sticky":false,"template":"","format":"standard","meta":{"_jetpack_memberships_contains_paid_content":false,"footnotes":""},"categories":[1878],"tags":[],"class_list":["post-14962","post","type-post","status-publish","format-standard","hentry","category-zeitsprung"],"yoast_head":"<!-- This site is optimized with the Yoast SEO plugin v21.0 - https:\/\/yoast.com\/wordpress\/plugins\/seo\/ -->\n<title>Zeitsprung: &quot;Ursprung&quot; Stra\u00dfe - ZEIT der Leser<\/title>\n<meta name=\"robots\" content=\"index, follow, max-snippet:-1, max-image-preview:large, max-video-preview:-1\" \/>\n<link rel=\"canonical\" href=\"https:\/\/blog.zeit.de\/zeit-der-leser\/2013\/09\/26\/was-mein-leben-reicher-macht-1457\/\" \/>\n<meta property=\"og:locale\" content=\"de_DE\" \/>\n<meta property=\"og:type\" content=\"article\" \/>\n<meta property=\"og:title\" content=\"Zeitsprung: &quot;Ursprung&quot; Stra\u00dfe - ZEIT der Leser\" \/>\n<meta property=\"og:description\" content=\"&nbsp; Begrenzt von grob behauenem Granit, ein Gehweg aus Sand, von der Sommersonne hei\u00df gebacken, eine Wonne f\u00fcr schuhlose Kinderf\u00fc\u00dfe, eine Wohltat f\u00fcr sandbadende Spatzen. Die Klinkerstra\u00dfe schmal, wenig von Autoverkehr beunruhigt, im Winter eine schneewei\u00dfe Gleitschuhbahn. Stra\u00dfenbeleuchtung gab es nicht. Nachts wurde es noch richtig dunkel (vom Sternenhimmel mal abgesehen). Das war unsere Stra\u00dfe [&hellip;]\" \/>\n<meta property=\"og:url\" content=\"https:\/\/blog.zeit.de\/zeit-der-leser\/2013\/09\/26\/was-mein-leben-reicher-macht-1457\/\" \/>\n<meta property=\"og:site_name\" content=\"ZEIT der Leser\" \/>\n<meta property=\"article:published_time\" content=\"2013-09-26T16:00:16+00:00\" \/>\n<meta property=\"article:modified_time\" content=\"2013-09-26T16:00:38+00:00\" \/>\n<meta property=\"og:image\" content=\"https:\/\/blog.zeit.de\/zeit-der-leser\/files\/2013\/09\/s90-zeitsprung-1963.jpg\" \/>\n<meta name=\"author\" content=\"&quot;Zeit der Leser&quot;-Redaktion\" \/>\n<meta name=\"twitter:card\" content=\"summary_large_image\" \/>\n<meta name=\"twitter:label1\" content=\"Geschrieben von\" \/>\n\t<meta name=\"twitter:data1\" content=\"\"Zeit der Leser\"-Redaktion\" \/>\n\t<meta name=\"twitter:label2\" content=\"Gesch\u00e4tzte Lesezeit\" \/>\n\t<meta name=\"twitter:data2\" content=\"1\u00a0Minute\" \/>\n<script type=\"application\/ld+json\" class=\"yoast-schema-graph\">{\"@context\":\"https:\/\/schema.org\",\"@graph\":[{\"@type\":\"WebPage\",\"@id\":\"https:\/\/blog.zeit.de\/zeit-der-leser\/2013\/09\/26\/was-mein-leben-reicher-macht-1457\/\",\"url\":\"https:\/\/blog.zeit.de\/zeit-der-leser\/2013\/09\/26\/was-mein-leben-reicher-macht-1457\/\",\"name\":\"Zeitsprung: \\\"Ursprung\\\" Stra\u00dfe - ZEIT der Leser\",\"isPartOf\":{\"@id\":\"https:\/\/blog.zeit.de\/zeit-der-leser\/#website\"},\"datePublished\":\"2013-09-26T16:00:16+00:00\",\"dateModified\":\"2013-09-26T16:00:38+00:00\",\"author\":{\"@id\":\"https:\/\/blog.zeit.de\/zeit-der-leser\/#\/schema\/person\/583b14e5ad6368c23af846ecbde9f20f\"},\"breadcrumb\":{\"@id\":\"https:\/\/blog.zeit.de\/zeit-der-leser\/2013\/09\/26\/was-mein-leben-reicher-macht-1457\/#breadcrumb\"},\"inLanguage\":\"de\",\"potentialAction\":[{\"@type\":\"ReadAction\",\"target\":[\"https:\/\/blog.zeit.de\/zeit-der-leser\/2013\/09\/26\/was-mein-leben-reicher-macht-1457\/\"]}]},{\"@type\":\"BreadcrumbList\",\"@id\":\"https:\/\/blog.zeit.de\/zeit-der-leser\/2013\/09\/26\/was-mein-leben-reicher-macht-1457\/#breadcrumb\",\"itemListElement\":[{\"@type\":\"ListItem\",\"position\":1,\"name\":\"Startseite\",\"item\":\"https:\/\/blog.zeit.de\/zeit-der-leser\/\"},{\"@type\":\"ListItem\",\"position\":2,\"name\":\"Zeitsprung: &#8222;Ursprung&#8220; Stra\u00dfe\"}]},{\"@type\":\"WebSite\",\"@id\":\"https:\/\/blog.zeit.de\/zeit-der-leser\/#website\",\"url\":\"https:\/\/blog.zeit.de\/zeit-der-leser\/\",\"name\":\"ZEIT der Leser\",\"description\":\"Ein Blog mit Ihren Notizen, Gedichten und Bildern f\u00fcr die gedruckte ZEIT\",\"potentialAction\":[{\"@type\":\"SearchAction\",\"target\":{\"@type\":\"EntryPoint\",\"urlTemplate\":\"https:\/\/blog.zeit.de\/zeit-der-leser\/?s={search_term_string}\"},\"query-input\":\"required name=search_term_string\"}],\"inLanguage\":\"de\"},{\"@type\":\"Person\",\"@id\":\"https:\/\/blog.zeit.de\/zeit-der-leser\/#\/schema\/person\/583b14e5ad6368c23af846ecbde9f20f\",\"name\":\"\\\"Zeit der Leser\\\"-Redaktion\",\"image\":{\"@type\":\"ImageObject\",\"inLanguage\":\"de\",\"@id\":\"https:\/\/blog.zeit.de\/zeit-der-leser\/#\/schema\/person\/image\/\",\"url\":\"https:\/\/secure.gravatar.com\/avatar\/e801a681bd3bbf2345131a815930b48d9f8e0a94de1346b624840dc850f67ad0?s=96&d=mm&r=g\",\"contentUrl\":\"https:\/\/secure.gravatar.com\/avatar\/e801a681bd3bbf2345131a815930b48d9f8e0a94de1346b624840dc850f67ad0?s=96&d=mm&r=g\",\"caption\":\"\\\"Zeit der Leser\\\"-Redaktion\"},\"url\":\"https:\/\/blog.zeit.de\/zeit-der-leser\/author\/zeit-der-leser-redaktion\/\"}]}<\/script>\n<!-- \/ Yoast SEO plugin. -->","yoast_head_json":{"title":"Zeitsprung: \"Ursprung\" Stra\u00dfe - ZEIT der Leser","robots":{"index":"index","follow":"follow","max-snippet":"max-snippet:-1","max-image-preview":"max-image-preview:large","max-video-preview":"max-video-preview:-1"},"canonical":"https:\/\/blog.zeit.de\/zeit-der-leser\/2013\/09\/26\/was-mein-leben-reicher-macht-1457\/","og_locale":"de_DE","og_type":"article","og_title":"Zeitsprung: \"Ursprung\" Stra\u00dfe - ZEIT der Leser","og_description":"&nbsp; Begrenzt von grob behauenem Granit, ein Gehweg aus Sand, von der Sommersonne hei\u00df gebacken, eine Wonne f\u00fcr schuhlose Kinderf\u00fc\u00dfe, eine Wohltat f\u00fcr sandbadende Spatzen. Die Klinkerstra\u00dfe schmal, wenig von Autoverkehr beunruhigt, im Winter eine schneewei\u00dfe Gleitschuhbahn. Stra\u00dfenbeleuchtung gab es nicht. Nachts wurde es noch richtig dunkel (vom Sternenhimmel mal abgesehen). Das war unsere Stra\u00dfe [&hellip;]","og_url":"https:\/\/blog.zeit.de\/zeit-der-leser\/2013\/09\/26\/was-mein-leben-reicher-macht-1457\/","og_site_name":"ZEIT der Leser","article_published_time":"2013-09-26T16:00:16+00:00","article_modified_time":"2013-09-26T16:00:38+00:00","og_image":[{"url":"https:\/\/blog.zeit.de\/zeit-der-leser\/files\/2013\/09\/s90-zeitsprung-1963.jpg"}],"author":"\"Zeit der Leser\"-Redaktion","twitter_card":"summary_large_image","twitter_misc":{"Geschrieben von":"\"Zeit der Leser\"-Redaktion","Gesch\u00e4tzte Lesezeit":"1\u00a0Minute"},"schema":{"@context":"https:\/\/schema.org","@graph":[{"@type":"WebPage","@id":"https:\/\/blog.zeit.de\/zeit-der-leser\/2013\/09\/26\/was-mein-leben-reicher-macht-1457\/","url":"https:\/\/blog.zeit.de\/zeit-der-leser\/2013\/09\/26\/was-mein-leben-reicher-macht-1457\/","name":"Zeitsprung: \"Ursprung\" Stra\u00dfe - ZEIT der Leser","isPartOf":{"@id":"https:\/\/blog.zeit.de\/zeit-der-leser\/#website"},"datePublished":"2013-09-26T16:00:16+00:00","dateModified":"2013-09-26T16:00:38+00:00","author":{"@id":"https:\/\/blog.zeit.de\/zeit-der-leser\/#\/schema\/person\/583b14e5ad6368c23af846ecbde9f20f"},"breadcrumb":{"@id":"https:\/\/blog.zeit.de\/zeit-der-leser\/2013\/09\/26\/was-mein-leben-reicher-macht-1457\/#breadcrumb"},"inLanguage":"de","potentialAction":[{"@type":"ReadAction","target":["https:\/\/blog.zeit.de\/zeit-der-leser\/2013\/09\/26\/was-mein-leben-reicher-macht-1457\/"]}]},{"@type":"BreadcrumbList","@id":"https:\/\/blog.zeit.de\/zeit-der-leser\/2013\/09\/26\/was-mein-leben-reicher-macht-1457\/#breadcrumb","itemListElement":[{"@type":"ListItem","position":1,"name":"Startseite","item":"https:\/\/blog.zeit.de\/zeit-der-leser\/"},{"@type":"ListItem","position":2,"name":"Zeitsprung: &#8222;Ursprung&#8220; Stra\u00dfe"}]},{"@type":"WebSite","@id":"https:\/\/blog.zeit.de\/zeit-der-leser\/#website","url":"https:\/\/blog.zeit.de\/zeit-der-leser\/","name":"ZEIT der Leser","description":"Ein Blog mit Ihren Notizen, Gedichten und Bildern f\u00fcr die gedruckte ZEIT","potentialAction":[{"@type":"SearchAction","target":{"@type":"EntryPoint","urlTemplate":"https:\/\/blog.zeit.de\/zeit-der-leser\/?s={search_term_string}"},"query-input":"required name=search_term_string"}],"inLanguage":"de"},{"@type":"Person","@id":"https:\/\/blog.zeit.de\/zeit-der-leser\/#\/schema\/person\/583b14e5ad6368c23af846ecbde9f20f","name":"\"Zeit der Leser\"-Redaktion","image":{"@type":"ImageObject","inLanguage":"de","@id":"https:\/\/blog.zeit.de\/zeit-der-leser\/#\/schema\/person\/image\/","url":"https:\/\/secure.gravatar.com\/avatar\/e801a681bd3bbf2345131a815930b48d9f8e0a94de1346b624840dc850f67ad0?s=96&d=mm&r=g","contentUrl":"https:\/\/secure.gravatar.com\/avatar\/e801a681bd3bbf2345131a815930b48d9f8e0a94de1346b624840dc850f67ad0?s=96&d=mm&r=g","caption":"\"Zeit der Leser\"-Redaktion"},"url":"https:\/\/blog.zeit.de\/zeit-der-leser\/author\/zeit-der-leser-redaktion\/"}]}},"jetpack_featured_media_url":"","jetpack_sharing_enabled":true,"_links":{"self":[{"href":"https:\/\/blog.zeit.de\/zeit-der-leser\/wp-json\/wp\/v2\/posts\/14962","targetHints":{"allow":["GET"]}}],"collection":[{"href":"https:\/\/blog.zeit.de\/zeit-der-leser\/wp-json\/wp\/v2\/posts"}],"about":[{"href":"https:\/\/blog.zeit.de\/zeit-der-leser\/wp-json\/wp\/v2\/types\/post"}],"author":[{"embeddable":true,"href":"https:\/\/blog.zeit.de\/zeit-der-leser\/wp-json\/wp\/v2\/users\/265"}],"replies":[{"embeddable":true,"href":"https:\/\/blog.zeit.de\/zeit-der-leser\/wp-json\/wp\/v2\/comments?post=14962"}],"version-history":[{"count":6,"href":"https:\/\/blog.zeit.de\/zeit-der-leser\/wp-json\/wp\/v2\/posts\/14962\/revisions"}],"predecessor-version":[{"id":15046,"href":"https:\/\/blog.zeit.de\/zeit-der-leser\/wp-json\/wp\/v2\/posts\/14962\/revisions\/15046"}],"wp:attachment":[{"href":"https:\/\/blog.zeit.de\/zeit-der-leser\/wp-json\/wp\/v2\/media?parent=14962"}],"wp:term":[{"taxonomy":"category","embeddable":true,"href":"https:\/\/blog.zeit.de\/zeit-der-leser\/wp-json\/wp\/v2\/categories?post=14962"},{"taxonomy":"post_tag","embeddable":true,"href":"https:\/\/blog.zeit.de\/zeit-der-leser\/wp-json\/wp\/v2\/tags?post=14962"}],"curies":[{"name":"wp","href":"https:\/\/api.w.org\/{rel}","templated":true}]}}