{"id":14971,"date":"2013-09-27T15:00:21","date_gmt":"2013-09-27T13:00:21","guid":{"rendered":"http:\/\/blog.zeit.de\/zeit-der-leser\/?p=14971"},"modified":"2015-02-20T12:45:26","modified_gmt":"2015-02-20T11:45:26","slug":"mein-wort-schatz-bauernglaette","status":"publish","type":"post","link":"https:\/\/blog.zeit.de\/zeit-der-leser\/2013\/09\/27\/mein-wort-schatz-bauernglaette\/","title":{"rendered":"Bauerngl\u00e4tte: Mein Wort-Schatz"},"content":{"rendered":"<div>\n<p>In Dithmarschen spricht man in dieser Jahreszeit oft von <strong>Bauerngl\u00e4tte<\/strong>. Als ich das Wort h\u00f6rte, dachte ich an Bauernschl\u00e4ue oder Bauernregel und fand es sympathisch. Dann lernte ich, dass die Bauern die Gl\u00e4tte verursachen, wenn sie nach der Ernte mit erdigen Reifen auf die Stra\u00dfe fahren und dort den Dreck verlieren. Der n\u00e4chste Regen macht die Fahrbahn dann extrem rutschig, was schon manchem Autofahrer zum Verh\u00e4ngnis wurde. Nun finde ich das Wort nicht mehr so nett.<\/p>\n<p><strong>Klaus Gernoth<\/strong>,\u00a0Kronprinzenkoog, Schleswig-Holstein<\/p>\n<\/div>\n","protected":false},"excerpt":{"rendered":"<p>In Dithmarschen spricht man in dieser Jahreszeit oft von Bauerngl\u00e4tte. Als ich das Wort h\u00f6rte, dachte ich an Bauernschl\u00e4ue oder Bauernregel und fand es sympathisch. Dann lernte ich, dass die Bauern die Gl\u00e4tte verursachen, wenn sie nach der Ernte mit erdigen Reifen auf die Stra\u00dfe fahren und dort den Dreck verlieren. Der n\u00e4chste Regen macht [&hellip;]<\/p>\n","protected":false},"author":265,"featured_media":0,"comment_status":"open","ping_status":"open","sticky":false,"template":"","format":"standard","meta":{"_jetpack_memberships_contains_paid_content":false,"footnotes":""},"categories":[5687],"tags":[],"class_list":["post-14971","post","type-post","status-publish","format-standard","hentry","category-mein-wort-schatz"],"yoast_head":"<!-- This site is optimized with the Yoast SEO plugin v21.0 - https:\/\/yoast.com\/wordpress\/plugins\/seo\/ -->\n<title>Bauerngl\u00e4tte: Mein Wort-Schatz - ZEIT der Leser<\/title>\n<meta name=\"robots\" content=\"index, follow, max-snippet:-1, max-image-preview:large, max-video-preview:-1\" \/>\n<link rel=\"canonical\" href=\"https:\/\/blog.zeit.de\/zeit-der-leser\/2013\/09\/27\/mein-wort-schatz-bauernglaette\/\" \/>\n<meta property=\"og:locale\" content=\"de_DE\" \/>\n<meta property=\"og:type\" content=\"article\" \/>\n<meta property=\"og:title\" content=\"Bauerngl\u00e4tte: Mein Wort-Schatz - ZEIT der Leser\" \/>\n<meta property=\"og:description\" content=\"In Dithmarschen spricht man in dieser Jahreszeit oft von Bauerngl\u00e4tte. Als ich das Wort h\u00f6rte, dachte ich an Bauernschl\u00e4ue oder Bauernregel und fand es sympathisch. Dann lernte ich, dass die Bauern die Gl\u00e4tte verursachen, wenn sie nach der Ernte mit erdigen Reifen auf die Stra\u00dfe fahren und dort den Dreck verlieren. Der n\u00e4chste Regen macht [&hellip;]\" \/>\n<meta property=\"og:url\" content=\"https:\/\/blog.zeit.de\/zeit-der-leser\/2013\/09\/27\/mein-wort-schatz-bauernglaette\/\" \/>\n<meta property=\"og:site_name\" content=\"ZEIT der Leser\" \/>\n<meta property=\"article:published_time\" content=\"2013-09-27T13:00:21+00:00\" \/>\n<meta property=\"article:modified_time\" content=\"2015-02-20T11:45:26+00:00\" \/>\n<meta name=\"author\" content=\"&quot;Zeit der Leser&quot;-Redaktion\" \/>\n<meta name=\"twitter:card\" content=\"summary_large_image\" \/>\n<meta name=\"twitter:label1\" content=\"Geschrieben von\" \/>\n\t<meta name=\"twitter:data1\" content=\"\"Zeit der Leser\"-Redaktion\" \/>\n<script type=\"application\/ld+json\" class=\"yoast-schema-graph\">{\"@context\":\"https:\/\/schema.org\",\"@graph\":[{\"@type\":\"WebPage\",\"@id\":\"https:\/\/blog.zeit.de\/zeit-der-leser\/2013\/09\/27\/mein-wort-schatz-bauernglaette\/\",\"url\":\"https:\/\/blog.zeit.de\/zeit-der-leser\/2013\/09\/27\/mein-wort-schatz-bauernglaette\/\",\"name\":\"Bauerngl\u00e4tte: Mein Wort-Schatz - ZEIT der Leser\",\"isPartOf\":{\"@id\":\"https:\/\/blog.zeit.de\/zeit-der-leser\/#website\"},\"datePublished\":\"2013-09-27T13:00:21+00:00\",\"dateModified\":\"2015-02-20T11:45:26+00:00\",\"author\":{\"@id\":\"https:\/\/blog.zeit.de\/zeit-der-leser\/#\/schema\/person\/583b14e5ad6368c23af846ecbde9f20f\"},\"breadcrumb\":{\"@id\":\"https:\/\/blog.zeit.de\/zeit-der-leser\/2013\/09\/27\/mein-wort-schatz-bauernglaette\/#breadcrumb\"},\"inLanguage\":\"de\",\"potentialAction\":[{\"@type\":\"ReadAction\",\"target\":[\"https:\/\/blog.zeit.de\/zeit-der-leser\/2013\/09\/27\/mein-wort-schatz-bauernglaette\/\"]}]},{\"@type\":\"BreadcrumbList\",\"@id\":\"https:\/\/blog.zeit.de\/zeit-der-leser\/2013\/09\/27\/mein-wort-schatz-bauernglaette\/#breadcrumb\",\"itemListElement\":[{\"@type\":\"ListItem\",\"position\":1,\"name\":\"Startseite\",\"item\":\"https:\/\/blog.zeit.de\/zeit-der-leser\/\"},{\"@type\":\"ListItem\",\"position\":2,\"name\":\"Bauerngl\u00e4tte: Mein Wort-Schatz\"}]},{\"@type\":\"WebSite\",\"@id\":\"https:\/\/blog.zeit.de\/zeit-der-leser\/#website\",\"url\":\"https:\/\/blog.zeit.de\/zeit-der-leser\/\",\"name\":\"ZEIT der Leser\",\"description\":\"Ein Blog mit Ihren Notizen, Gedichten und Bildern f\u00fcr die gedruckte ZEIT\",\"potentialAction\":[{\"@type\":\"SearchAction\",\"target\":{\"@type\":\"EntryPoint\",\"urlTemplate\":\"https:\/\/blog.zeit.de\/zeit-der-leser\/?s={search_term_string}\"},\"query-input\":\"required name=search_term_string\"}],\"inLanguage\":\"de\"},{\"@type\":\"Person\",\"@id\":\"https:\/\/blog.zeit.de\/zeit-der-leser\/#\/schema\/person\/583b14e5ad6368c23af846ecbde9f20f\",\"name\":\"\\\"Zeit der Leser\\\"-Redaktion\",\"image\":{\"@type\":\"ImageObject\",\"inLanguage\":\"de\",\"@id\":\"https:\/\/blog.zeit.de\/zeit-der-leser\/#\/schema\/person\/image\/\",\"url\":\"https:\/\/secure.gravatar.com\/avatar\/e801a681bd3bbf2345131a815930b48d9f8e0a94de1346b624840dc850f67ad0?s=96&d=mm&r=g\",\"contentUrl\":\"https:\/\/secure.gravatar.com\/avatar\/e801a681bd3bbf2345131a815930b48d9f8e0a94de1346b624840dc850f67ad0?s=96&d=mm&r=g\",\"caption\":\"\\\"Zeit der Leser\\\"-Redaktion\"},\"url\":\"https:\/\/blog.zeit.de\/zeit-der-leser\/author\/zeit-der-leser-redaktion\/\"}]}<\/script>\n<!-- \/ Yoast SEO plugin. -->","yoast_head_json":{"title":"Bauerngl\u00e4tte: Mein Wort-Schatz - ZEIT der Leser","robots":{"index":"index","follow":"follow","max-snippet":"max-snippet:-1","max-image-preview":"max-image-preview:large","max-video-preview":"max-video-preview:-1"},"canonical":"https:\/\/blog.zeit.de\/zeit-der-leser\/2013\/09\/27\/mein-wort-schatz-bauernglaette\/","og_locale":"de_DE","og_type":"article","og_title":"Bauerngl\u00e4tte: Mein Wort-Schatz - ZEIT der Leser","og_description":"In Dithmarschen spricht man in dieser Jahreszeit oft von Bauerngl\u00e4tte. Als ich das Wort h\u00f6rte, dachte ich an Bauernschl\u00e4ue oder Bauernregel und fand es sympathisch. Dann lernte ich, dass die Bauern die Gl\u00e4tte verursachen, wenn sie nach der Ernte mit erdigen Reifen auf die Stra\u00dfe fahren und dort den Dreck verlieren. Der n\u00e4chste Regen macht [&hellip;]","og_url":"https:\/\/blog.zeit.de\/zeit-der-leser\/2013\/09\/27\/mein-wort-schatz-bauernglaette\/","og_site_name":"ZEIT der Leser","article_published_time":"2013-09-27T13:00:21+00:00","article_modified_time":"2015-02-20T11:45:26+00:00","author":"\"Zeit der Leser\"-Redaktion","twitter_card":"summary_large_image","twitter_misc":{"Geschrieben von":"\"Zeit der Leser\"-Redaktion"},"schema":{"@context":"https:\/\/schema.org","@graph":[{"@type":"WebPage","@id":"https:\/\/blog.zeit.de\/zeit-der-leser\/2013\/09\/27\/mein-wort-schatz-bauernglaette\/","url":"https:\/\/blog.zeit.de\/zeit-der-leser\/2013\/09\/27\/mein-wort-schatz-bauernglaette\/","name":"Bauerngl\u00e4tte: Mein Wort-Schatz - ZEIT der Leser","isPartOf":{"@id":"https:\/\/blog.zeit.de\/zeit-der-leser\/#website"},"datePublished":"2013-09-27T13:00:21+00:00","dateModified":"2015-02-20T11:45:26+00:00","author":{"@id":"https:\/\/blog.zeit.de\/zeit-der-leser\/#\/schema\/person\/583b14e5ad6368c23af846ecbde9f20f"},"breadcrumb":{"@id":"https:\/\/blog.zeit.de\/zeit-der-leser\/2013\/09\/27\/mein-wort-schatz-bauernglaette\/#breadcrumb"},"inLanguage":"de","potentialAction":[{"@type":"ReadAction","target":["https:\/\/blog.zeit.de\/zeit-der-leser\/2013\/09\/27\/mein-wort-schatz-bauernglaette\/"]}]},{"@type":"BreadcrumbList","@id":"https:\/\/blog.zeit.de\/zeit-der-leser\/2013\/09\/27\/mein-wort-schatz-bauernglaette\/#breadcrumb","itemListElement":[{"@type":"ListItem","position":1,"name":"Startseite","item":"https:\/\/blog.zeit.de\/zeit-der-leser\/"},{"@type":"ListItem","position":2,"name":"Bauerngl\u00e4tte: Mein Wort-Schatz"}]},{"@type":"WebSite","@id":"https:\/\/blog.zeit.de\/zeit-der-leser\/#website","url":"https:\/\/blog.zeit.de\/zeit-der-leser\/","name":"ZEIT der Leser","description":"Ein Blog mit Ihren Notizen, Gedichten und Bildern f\u00fcr die gedruckte ZEIT","potentialAction":[{"@type":"SearchAction","target":{"@type":"EntryPoint","urlTemplate":"https:\/\/blog.zeit.de\/zeit-der-leser\/?s={search_term_string}"},"query-input":"required name=search_term_string"}],"inLanguage":"de"},{"@type":"Person","@id":"https:\/\/blog.zeit.de\/zeit-der-leser\/#\/schema\/person\/583b14e5ad6368c23af846ecbde9f20f","name":"\"Zeit der Leser\"-Redaktion","image":{"@type":"ImageObject","inLanguage":"de","@id":"https:\/\/blog.zeit.de\/zeit-der-leser\/#\/schema\/person\/image\/","url":"https:\/\/secure.gravatar.com\/avatar\/e801a681bd3bbf2345131a815930b48d9f8e0a94de1346b624840dc850f67ad0?s=96&d=mm&r=g","contentUrl":"https:\/\/secure.gravatar.com\/avatar\/e801a681bd3bbf2345131a815930b48d9f8e0a94de1346b624840dc850f67ad0?s=96&d=mm&r=g","caption":"\"Zeit der Leser\"-Redaktion"},"url":"https:\/\/blog.zeit.de\/zeit-der-leser\/author\/zeit-der-leser-redaktion\/"}]}},"jetpack_featured_media_url":"","jetpack_sharing_enabled":true,"_links":{"self":[{"href":"https:\/\/blog.zeit.de\/zeit-der-leser\/wp-json\/wp\/v2\/posts\/14971","targetHints":{"allow":["GET"]}}],"collection":[{"href":"https:\/\/blog.zeit.de\/zeit-der-leser\/wp-json\/wp\/v2\/posts"}],"about":[{"href":"https:\/\/blog.zeit.de\/zeit-der-leser\/wp-json\/wp\/v2\/types\/post"}],"author":[{"embeddable":true,"href":"https:\/\/blog.zeit.de\/zeit-der-leser\/wp-json\/wp\/v2\/users\/265"}],"replies":[{"embeddable":true,"href":"https:\/\/blog.zeit.de\/zeit-der-leser\/wp-json\/wp\/v2\/comments?post=14971"}],"version-history":[{"count":4,"href":"https:\/\/blog.zeit.de\/zeit-der-leser\/wp-json\/wp\/v2\/posts\/14971\/revisions"}],"predecessor-version":[{"id":19620,"href":"https:\/\/blog.zeit.de\/zeit-der-leser\/wp-json\/wp\/v2\/posts\/14971\/revisions\/19620"}],"wp:attachment":[{"href":"https:\/\/blog.zeit.de\/zeit-der-leser\/wp-json\/wp\/v2\/media?parent=14971"}],"wp:term":[{"taxonomy":"category","embeddable":true,"href":"https:\/\/blog.zeit.de\/zeit-der-leser\/wp-json\/wp\/v2\/categories?post=14971"},{"taxonomy":"post_tag","embeddable":true,"href":"https:\/\/blog.zeit.de\/zeit-der-leser\/wp-json\/wp\/v2\/tags?post=14971"}],"curies":[{"name":"wp","href":"https:\/\/api.w.org\/{rel}","templated":true}]}}