{"id":15018,"date":"2013-10-02T18:00:54","date_gmt":"2013-10-02T16:00:54","guid":{"rendered":"http:\/\/blog.zeit.de\/zeit-der-leser\/?p=15018"},"modified":"2013-10-02T18:00:56","modified_gmt":"2013-10-02T16:00:56","slug":"was-mein-leben-reicher-macht-1467","status":"publish","type":"post","link":"https:\/\/blog.zeit.de\/zeit-der-leser\/2013\/10\/02\/was-mein-leben-reicher-macht-1467\/","title":{"rendered":"Was mein Leben reicher macht"},"content":{"rendered":"<div>\n<p>Kanutour auf dem Regen im Bayerischen Wald. An einer Raststelle f\u00fcr Paddler helfe ich einer \u00e4lteren Dame, ihr Kanu wieder ins Wasser zu setzen. Bevor sie ablegt, bietet sie mir von ihrem Nudelsalat an. Dankbar \u2013 weil schlecht mit Proviant ausger\u00fcstet \u2013 nehme ich an.<\/p>\n<p>Sie dr\u00fcckt mir eine Tuppersch\u00fcssel und eine Gabel in die Hand mit dem Vorschlag, ihr diese an der n\u00e4chsten Ausstiegsstelle zur\u00fcckzugeben. Leider habe ich die Dame nicht wiedergetroffen, werde aber wohl, solange ich die Tuppersch\u00fcssel besitze, an den Nudelsalat am Ufer des Regens denken.<\/p>\n<p><strong>Achim Meindorfer<\/strong>,\u00a0Leutenbach, Baden-W\u00fcrttemberg<\/p>\n<\/div>\n","protected":false},"excerpt":{"rendered":"<p>Kanutour auf dem Regen im Bayerischen Wald. An einer Raststelle f\u00fcr Paddler helfe ich einer \u00e4lteren Dame, ihr Kanu wieder ins Wasser zu setzen. Bevor sie ablegt, bietet sie mir von ihrem Nudelsalat an. Dankbar \u2013 weil schlecht mit Proviant ausger\u00fcstet \u2013 nehme ich an. Sie dr\u00fcckt mir eine Tuppersch\u00fcssel und eine Gabel in die [&hellip;]<\/p>\n","protected":false},"author":265,"featured_media":0,"comment_status":"open","ping_status":"open","sticky":false,"template":"","format":"standard","meta":{"_jetpack_memberships_contains_paid_content":false,"footnotes":""},"categories":[1871],"tags":[],"class_list":["post-15018","post","type-post","status-publish","format-standard","hentry","category-was-mein-leben-reicher-macht"],"yoast_head":"<!-- This site is optimized with the Yoast SEO plugin v21.0 - https:\/\/yoast.com\/wordpress\/plugins\/seo\/ -->\n<title>Was mein Leben reicher macht - ZEIT der Leser<\/title>\n<meta name=\"robots\" content=\"index, follow, max-snippet:-1, max-image-preview:large, max-video-preview:-1\" \/>\n<link rel=\"canonical\" href=\"https:\/\/blog.zeit.de\/zeit-der-leser\/2013\/10\/02\/was-mein-leben-reicher-macht-1467\/\" \/>\n<meta property=\"og:locale\" content=\"de_DE\" \/>\n<meta property=\"og:type\" content=\"article\" \/>\n<meta property=\"og:title\" content=\"Was mein Leben reicher macht - ZEIT der Leser\" \/>\n<meta property=\"og:description\" content=\"Kanutour auf dem Regen im Bayerischen Wald. An einer Raststelle f\u00fcr Paddler helfe ich einer \u00e4lteren Dame, ihr Kanu wieder ins Wasser zu setzen. Bevor sie ablegt, bietet sie mir von ihrem Nudelsalat an. Dankbar \u2013 weil schlecht mit Proviant ausger\u00fcstet \u2013 nehme ich an. Sie dr\u00fcckt mir eine Tuppersch\u00fcssel und eine Gabel in die [&hellip;]\" \/>\n<meta property=\"og:url\" content=\"https:\/\/blog.zeit.de\/zeit-der-leser\/2013\/10\/02\/was-mein-leben-reicher-macht-1467\/\" \/>\n<meta property=\"og:site_name\" content=\"ZEIT der Leser\" \/>\n<meta property=\"article:published_time\" content=\"2013-10-02T16:00:54+00:00\" \/>\n<meta property=\"article:modified_time\" content=\"2013-10-02T16:00:56+00:00\" \/>\n<meta name=\"author\" content=\"&quot;Zeit der Leser&quot;-Redaktion\" \/>\n<meta name=\"twitter:card\" content=\"summary_large_image\" \/>\n<meta name=\"twitter:label1\" content=\"Geschrieben von\" \/>\n\t<meta name=\"twitter:data1\" content=\"\"Zeit der Leser\"-Redaktion\" \/>\n<script type=\"application\/ld+json\" class=\"yoast-schema-graph\">{\"@context\":\"https:\/\/schema.org\",\"@graph\":[{\"@type\":\"WebPage\",\"@id\":\"https:\/\/blog.zeit.de\/zeit-der-leser\/2013\/10\/02\/was-mein-leben-reicher-macht-1467\/\",\"url\":\"https:\/\/blog.zeit.de\/zeit-der-leser\/2013\/10\/02\/was-mein-leben-reicher-macht-1467\/\",\"name\":\"Was mein Leben reicher macht - ZEIT der Leser\",\"isPartOf\":{\"@id\":\"https:\/\/blog.zeit.de\/zeit-der-leser\/#website\"},\"datePublished\":\"2013-10-02T16:00:54+00:00\",\"dateModified\":\"2013-10-02T16:00:56+00:00\",\"author\":{\"@id\":\"https:\/\/blog.zeit.de\/zeit-der-leser\/#\/schema\/person\/583b14e5ad6368c23af846ecbde9f20f\"},\"breadcrumb\":{\"@id\":\"https:\/\/blog.zeit.de\/zeit-der-leser\/2013\/10\/02\/was-mein-leben-reicher-macht-1467\/#breadcrumb\"},\"inLanguage\":\"de\",\"potentialAction\":[{\"@type\":\"ReadAction\",\"target\":[\"https:\/\/blog.zeit.de\/zeit-der-leser\/2013\/10\/02\/was-mein-leben-reicher-macht-1467\/\"]}]},{\"@type\":\"BreadcrumbList\",\"@id\":\"https:\/\/blog.zeit.de\/zeit-der-leser\/2013\/10\/02\/was-mein-leben-reicher-macht-1467\/#breadcrumb\",\"itemListElement\":[{\"@type\":\"ListItem\",\"position\":1,\"name\":\"Startseite\",\"item\":\"https:\/\/blog.zeit.de\/zeit-der-leser\/\"},{\"@type\":\"ListItem\",\"position\":2,\"name\":\"Was mein Leben reicher macht\"}]},{\"@type\":\"WebSite\",\"@id\":\"https:\/\/blog.zeit.de\/zeit-der-leser\/#website\",\"url\":\"https:\/\/blog.zeit.de\/zeit-der-leser\/\",\"name\":\"ZEIT der Leser\",\"description\":\"Ein Blog mit Ihren Notizen, Gedichten und Bildern f\u00fcr die gedruckte ZEIT\",\"potentialAction\":[{\"@type\":\"SearchAction\",\"target\":{\"@type\":\"EntryPoint\",\"urlTemplate\":\"https:\/\/blog.zeit.de\/zeit-der-leser\/?s={search_term_string}\"},\"query-input\":\"required name=search_term_string\"}],\"inLanguage\":\"de\"},{\"@type\":\"Person\",\"@id\":\"https:\/\/blog.zeit.de\/zeit-der-leser\/#\/schema\/person\/583b14e5ad6368c23af846ecbde9f20f\",\"name\":\"\\\"Zeit der Leser\\\"-Redaktion\",\"image\":{\"@type\":\"ImageObject\",\"inLanguage\":\"de\",\"@id\":\"https:\/\/blog.zeit.de\/zeit-der-leser\/#\/schema\/person\/image\/\",\"url\":\"https:\/\/secure.gravatar.com\/avatar\/e801a681bd3bbf2345131a815930b48d9f8e0a94de1346b624840dc850f67ad0?s=96&d=mm&r=g\",\"contentUrl\":\"https:\/\/secure.gravatar.com\/avatar\/e801a681bd3bbf2345131a815930b48d9f8e0a94de1346b624840dc850f67ad0?s=96&d=mm&r=g\",\"caption\":\"\\\"Zeit der Leser\\\"-Redaktion\"},\"url\":\"https:\/\/blog.zeit.de\/zeit-der-leser\/author\/zeit-der-leser-redaktion\/\"}]}<\/script>\n<!-- \/ Yoast SEO plugin. -->","yoast_head_json":{"title":"Was mein Leben reicher macht - ZEIT der Leser","robots":{"index":"index","follow":"follow","max-snippet":"max-snippet:-1","max-image-preview":"max-image-preview:large","max-video-preview":"max-video-preview:-1"},"canonical":"https:\/\/blog.zeit.de\/zeit-der-leser\/2013\/10\/02\/was-mein-leben-reicher-macht-1467\/","og_locale":"de_DE","og_type":"article","og_title":"Was mein Leben reicher macht - ZEIT der Leser","og_description":"Kanutour auf dem Regen im Bayerischen Wald. An einer Raststelle f\u00fcr Paddler helfe ich einer \u00e4lteren Dame, ihr Kanu wieder ins Wasser zu setzen. Bevor sie ablegt, bietet sie mir von ihrem Nudelsalat an. Dankbar \u2013 weil schlecht mit Proviant ausger\u00fcstet \u2013 nehme ich an. Sie dr\u00fcckt mir eine Tuppersch\u00fcssel und eine Gabel in die [&hellip;]","og_url":"https:\/\/blog.zeit.de\/zeit-der-leser\/2013\/10\/02\/was-mein-leben-reicher-macht-1467\/","og_site_name":"ZEIT der Leser","article_published_time":"2013-10-02T16:00:54+00:00","article_modified_time":"2013-10-02T16:00:56+00:00","author":"\"Zeit der Leser\"-Redaktion","twitter_card":"summary_large_image","twitter_misc":{"Geschrieben von":"\"Zeit der Leser\"-Redaktion"},"schema":{"@context":"https:\/\/schema.org","@graph":[{"@type":"WebPage","@id":"https:\/\/blog.zeit.de\/zeit-der-leser\/2013\/10\/02\/was-mein-leben-reicher-macht-1467\/","url":"https:\/\/blog.zeit.de\/zeit-der-leser\/2013\/10\/02\/was-mein-leben-reicher-macht-1467\/","name":"Was mein Leben reicher macht - ZEIT der Leser","isPartOf":{"@id":"https:\/\/blog.zeit.de\/zeit-der-leser\/#website"},"datePublished":"2013-10-02T16:00:54+00:00","dateModified":"2013-10-02T16:00:56+00:00","author":{"@id":"https:\/\/blog.zeit.de\/zeit-der-leser\/#\/schema\/person\/583b14e5ad6368c23af846ecbde9f20f"},"breadcrumb":{"@id":"https:\/\/blog.zeit.de\/zeit-der-leser\/2013\/10\/02\/was-mein-leben-reicher-macht-1467\/#breadcrumb"},"inLanguage":"de","potentialAction":[{"@type":"ReadAction","target":["https:\/\/blog.zeit.de\/zeit-der-leser\/2013\/10\/02\/was-mein-leben-reicher-macht-1467\/"]}]},{"@type":"BreadcrumbList","@id":"https:\/\/blog.zeit.de\/zeit-der-leser\/2013\/10\/02\/was-mein-leben-reicher-macht-1467\/#breadcrumb","itemListElement":[{"@type":"ListItem","position":1,"name":"Startseite","item":"https:\/\/blog.zeit.de\/zeit-der-leser\/"},{"@type":"ListItem","position":2,"name":"Was mein Leben reicher macht"}]},{"@type":"WebSite","@id":"https:\/\/blog.zeit.de\/zeit-der-leser\/#website","url":"https:\/\/blog.zeit.de\/zeit-der-leser\/","name":"ZEIT der Leser","description":"Ein Blog mit Ihren Notizen, Gedichten und Bildern f\u00fcr die gedruckte ZEIT","potentialAction":[{"@type":"SearchAction","target":{"@type":"EntryPoint","urlTemplate":"https:\/\/blog.zeit.de\/zeit-der-leser\/?s={search_term_string}"},"query-input":"required name=search_term_string"}],"inLanguage":"de"},{"@type":"Person","@id":"https:\/\/blog.zeit.de\/zeit-der-leser\/#\/schema\/person\/583b14e5ad6368c23af846ecbde9f20f","name":"\"Zeit der Leser\"-Redaktion","image":{"@type":"ImageObject","inLanguage":"de","@id":"https:\/\/blog.zeit.de\/zeit-der-leser\/#\/schema\/person\/image\/","url":"https:\/\/secure.gravatar.com\/avatar\/e801a681bd3bbf2345131a815930b48d9f8e0a94de1346b624840dc850f67ad0?s=96&d=mm&r=g","contentUrl":"https:\/\/secure.gravatar.com\/avatar\/e801a681bd3bbf2345131a815930b48d9f8e0a94de1346b624840dc850f67ad0?s=96&d=mm&r=g","caption":"\"Zeit der Leser\"-Redaktion"},"url":"https:\/\/blog.zeit.de\/zeit-der-leser\/author\/zeit-der-leser-redaktion\/"}]}},"jetpack_featured_media_url":"","jetpack_sharing_enabled":true,"_links":{"self":[{"href":"https:\/\/blog.zeit.de\/zeit-der-leser\/wp-json\/wp\/v2\/posts\/15018","targetHints":{"allow":["GET"]}}],"collection":[{"href":"https:\/\/blog.zeit.de\/zeit-der-leser\/wp-json\/wp\/v2\/posts"}],"about":[{"href":"https:\/\/blog.zeit.de\/zeit-der-leser\/wp-json\/wp\/v2\/types\/post"}],"author":[{"embeddable":true,"href":"https:\/\/blog.zeit.de\/zeit-der-leser\/wp-json\/wp\/v2\/users\/265"}],"replies":[{"embeddable":true,"href":"https:\/\/blog.zeit.de\/zeit-der-leser\/wp-json\/wp\/v2\/comments?post=15018"}],"version-history":[{"count":5,"href":"https:\/\/blog.zeit.de\/zeit-der-leser\/wp-json\/wp\/v2\/posts\/15018\/revisions"}],"predecessor-version":[{"id":15023,"href":"https:\/\/blog.zeit.de\/zeit-der-leser\/wp-json\/wp\/v2\/posts\/15018\/revisions\/15023"}],"wp:attachment":[{"href":"https:\/\/blog.zeit.de\/zeit-der-leser\/wp-json\/wp\/v2\/media?parent=15018"}],"wp:term":[{"taxonomy":"category","embeddable":true,"href":"https:\/\/blog.zeit.de\/zeit-der-leser\/wp-json\/wp\/v2\/categories?post=15018"},{"taxonomy":"post_tag","embeddable":true,"href":"https:\/\/blog.zeit.de\/zeit-der-leser\/wp-json\/wp\/v2\/tags?post=15018"}],"curies":[{"name":"wp","href":"https:\/\/api.w.org\/{rel}","templated":true}]}}