{"id":15030,"date":"2013-10-03T18:00:31","date_gmt":"2013-10-03T16:00:31","guid":{"rendered":"http:\/\/blog.zeit.de\/zeit-der-leser\/?p=15030"},"modified":"2013-10-03T18:00:53","modified_gmt":"2013-10-03T16:00:53","slug":"zeitsprung-wundervolle-jahre","status":"publish","type":"post","link":"https:\/\/blog.zeit.de\/zeit-der-leser\/2013\/10\/03\/zeitsprung-wundervolle-jahre\/","title":{"rendered":"Zeitsprung: Wundervolle Jahre"},"content":{"rendered":"<p><figure id=\"attachment_14986\" aria-describedby=\"caption-attachment-14986\" style=\"width: 580px\" class=\"wp-caption alignleft\"><img loading=\"lazy\" decoding=\"async\" class=\"size-full wp-image-14986\" alt=\"s98-zeitsprung-2003\" src=\"https:\/\/blog.zeit.de\/zeit-der-leser\/files\/2013\/09\/s98-zeitsprung-2003.jpg\" width=\"580\" height=\"750\" srcset=\"https:\/\/blog.zeit.de\/zeit-der-leser\/files\/2013\/09\/s98-zeitsprung-2003.jpg 580w, https:\/\/blog.zeit.de\/zeit-der-leser\/files\/2013\/09\/s98-zeitsprung-2003-232x300.jpg 232w\" sizes=\"auto, (max-width: 580px) 100vw, 580px\" \/><figcaption id=\"caption-attachment-14986\" class=\"wp-caption-text\">2003<\/figcaption><\/figure><\/p>\n<p><figure id=\"attachment_14985\" aria-describedby=\"caption-attachment-14985\" style=\"width: 580px\" class=\"wp-caption alignleft\"><img loading=\"lazy\" decoding=\"async\" class=\"size-full wp-image-14985\" alt=\"s98-zeitsprung-2013\" src=\"https:\/\/blog.zeit.de\/zeit-der-leser\/files\/2013\/09\/s98-zeitsprung-2013.jpg\" width=\"580\" height=\"750\" srcset=\"https:\/\/blog.zeit.de\/zeit-der-leser\/files\/2013\/09\/s98-zeitsprung-2013.jpg 580w, https:\/\/blog.zeit.de\/zeit-der-leser\/files\/2013\/09\/s98-zeitsprung-2013-232x300.jpg 232w\" sizes=\"auto, (max-width: 580px) 100vw, 580px\" \/><figcaption id=\"caption-attachment-14985\" class=\"wp-caption-text\">2013<\/figcaption><\/figure><\/p>\n<p>&nbsp;<\/p>\n<p>2003 war ein kr\u00e4ftezehrendes Jahr mit viel Gl\u00fcck, aber auch voller Verluste, Sorgen und banger Zukunftsfragen: W\u00fcrde ich je meine Habilitation abschlie\u00dfen? W\u00fcrden die Kinder zu gl\u00fccklichen Menschen heranwachsen? W\u00fcrde meine Ehe halten? Zehn Jahre sp\u00e4ter: Der Mann ist \u00fcber alle Berge, aus der Habilitation wurde eine Professorinnenstelle, die drei kleinen, wilden Jungs sind mittlerweile gro\u00dfe, pr\u00e4chtige Kerle. Die bangen Zukunftsfragen stellen jetzt sie und auch meine Studierenden und Doktoranden&#8230; Und ich m\u00f6chte antworten: Haltet durch. Habt Mut. Macht euch nichts vor. Das Leben ist zerbrechlich und voller \u00dcberraschungen. Es ist und bleibt eine gro\u00dfe Herausforderung. Und es ist wundervoll!<\/p>\n<p><strong>Christiane Solte<\/strong>, Saarbr\u00fccken<\/p>\n","protected":false},"excerpt":{"rendered":"<p>&nbsp; 2003 war ein kr\u00e4ftezehrendes Jahr mit viel Gl\u00fcck, aber auch voller Verluste, Sorgen und banger Zukunftsfragen: W\u00fcrde ich je meine Habilitation abschlie\u00dfen? W\u00fcrden die Kinder zu gl\u00fccklichen Menschen heranwachsen? W\u00fcrde meine Ehe halten? Zehn Jahre sp\u00e4ter: Der Mann ist \u00fcber alle Berge, aus der Habilitation wurde eine Professorinnenstelle, die drei kleinen, wilden Jungs sind [&hellip;]<\/p>\n","protected":false},"author":265,"featured_media":0,"comment_status":"open","ping_status":"open","sticky":false,"template":"","format":"standard","meta":{"_jetpack_memberships_contains_paid_content":false,"footnotes":""},"categories":[1878],"tags":[],"class_list":["post-15030","post","type-post","status-publish","format-standard","hentry","category-zeitsprung"],"yoast_head":"<!-- This site is optimized with the Yoast SEO plugin v21.0 - https:\/\/yoast.com\/wordpress\/plugins\/seo\/ -->\n<title>Zeitsprung: Wundervolle Jahre - ZEIT der Leser<\/title>\n<meta name=\"robots\" content=\"index, follow, max-snippet:-1, max-image-preview:large, max-video-preview:-1\" \/>\n<link rel=\"canonical\" href=\"https:\/\/blog.zeit.de\/zeit-der-leser\/2013\/10\/03\/zeitsprung-wundervolle-jahre\/\" \/>\n<meta property=\"og:locale\" content=\"de_DE\" \/>\n<meta property=\"og:type\" content=\"article\" \/>\n<meta property=\"og:title\" content=\"Zeitsprung: Wundervolle Jahre - ZEIT der Leser\" \/>\n<meta property=\"og:description\" content=\"&nbsp; 2003 war ein kr\u00e4ftezehrendes Jahr mit viel Gl\u00fcck, aber auch voller Verluste, Sorgen und banger Zukunftsfragen: W\u00fcrde ich je meine Habilitation abschlie\u00dfen? W\u00fcrden die Kinder zu gl\u00fccklichen Menschen heranwachsen? W\u00fcrde meine Ehe halten? Zehn Jahre sp\u00e4ter: Der Mann ist \u00fcber alle Berge, aus der Habilitation wurde eine Professorinnenstelle, die drei kleinen, wilden Jungs sind [&hellip;]\" \/>\n<meta property=\"og:url\" content=\"https:\/\/blog.zeit.de\/zeit-der-leser\/2013\/10\/03\/zeitsprung-wundervolle-jahre\/\" \/>\n<meta property=\"og:site_name\" content=\"ZEIT der Leser\" \/>\n<meta property=\"article:published_time\" content=\"2013-10-03T16:00:31+00:00\" \/>\n<meta property=\"article:modified_time\" content=\"2013-10-03T16:00:53+00:00\" \/>\n<meta property=\"og:image\" content=\"https:\/\/blog.zeit.de\/zeit-der-leser\/files\/2013\/09\/s98-zeitsprung-2003.jpg\" \/>\n<meta name=\"author\" content=\"&quot;Zeit der Leser&quot;-Redaktion\" \/>\n<meta name=\"twitter:card\" content=\"summary_large_image\" \/>\n<meta name=\"twitter:label1\" content=\"Geschrieben von\" \/>\n\t<meta name=\"twitter:data1\" content=\"\"Zeit der Leser\"-Redaktion\" \/>\n\t<meta name=\"twitter:label2\" content=\"Gesch\u00e4tzte Lesezeit\" \/>\n\t<meta name=\"twitter:data2\" content=\"1\u00a0Minute\" \/>\n<script type=\"application\/ld+json\" class=\"yoast-schema-graph\">{\"@context\":\"https:\/\/schema.org\",\"@graph\":[{\"@type\":\"WebPage\",\"@id\":\"https:\/\/blog.zeit.de\/zeit-der-leser\/2013\/10\/03\/zeitsprung-wundervolle-jahre\/\",\"url\":\"https:\/\/blog.zeit.de\/zeit-der-leser\/2013\/10\/03\/zeitsprung-wundervolle-jahre\/\",\"name\":\"Zeitsprung: Wundervolle Jahre - ZEIT der Leser\",\"isPartOf\":{\"@id\":\"https:\/\/blog.zeit.de\/zeit-der-leser\/#website\"},\"datePublished\":\"2013-10-03T16:00:31+00:00\",\"dateModified\":\"2013-10-03T16:00:53+00:00\",\"author\":{\"@id\":\"https:\/\/blog.zeit.de\/zeit-der-leser\/#\/schema\/person\/583b14e5ad6368c23af846ecbde9f20f\"},\"breadcrumb\":{\"@id\":\"https:\/\/blog.zeit.de\/zeit-der-leser\/2013\/10\/03\/zeitsprung-wundervolle-jahre\/#breadcrumb\"},\"inLanguage\":\"de\",\"potentialAction\":[{\"@type\":\"ReadAction\",\"target\":[\"https:\/\/blog.zeit.de\/zeit-der-leser\/2013\/10\/03\/zeitsprung-wundervolle-jahre\/\"]}]},{\"@type\":\"BreadcrumbList\",\"@id\":\"https:\/\/blog.zeit.de\/zeit-der-leser\/2013\/10\/03\/zeitsprung-wundervolle-jahre\/#breadcrumb\",\"itemListElement\":[{\"@type\":\"ListItem\",\"position\":1,\"name\":\"Startseite\",\"item\":\"https:\/\/blog.zeit.de\/zeit-der-leser\/\"},{\"@type\":\"ListItem\",\"position\":2,\"name\":\"Zeitsprung: Wundervolle Jahre\"}]},{\"@type\":\"WebSite\",\"@id\":\"https:\/\/blog.zeit.de\/zeit-der-leser\/#website\",\"url\":\"https:\/\/blog.zeit.de\/zeit-der-leser\/\",\"name\":\"ZEIT der Leser\",\"description\":\"Ein Blog mit Ihren Notizen, Gedichten und Bildern f\u00fcr die gedruckte ZEIT\",\"potentialAction\":[{\"@type\":\"SearchAction\",\"target\":{\"@type\":\"EntryPoint\",\"urlTemplate\":\"https:\/\/blog.zeit.de\/zeit-der-leser\/?s={search_term_string}\"},\"query-input\":\"required name=search_term_string\"}],\"inLanguage\":\"de\"},{\"@type\":\"Person\",\"@id\":\"https:\/\/blog.zeit.de\/zeit-der-leser\/#\/schema\/person\/583b14e5ad6368c23af846ecbde9f20f\",\"name\":\"\\\"Zeit der Leser\\\"-Redaktion\",\"image\":{\"@type\":\"ImageObject\",\"inLanguage\":\"de\",\"@id\":\"https:\/\/blog.zeit.de\/zeit-der-leser\/#\/schema\/person\/image\/\",\"url\":\"https:\/\/secure.gravatar.com\/avatar\/e801a681bd3bbf2345131a815930b48d9f8e0a94de1346b624840dc850f67ad0?s=96&d=mm&r=g\",\"contentUrl\":\"https:\/\/secure.gravatar.com\/avatar\/e801a681bd3bbf2345131a815930b48d9f8e0a94de1346b624840dc850f67ad0?s=96&d=mm&r=g\",\"caption\":\"\\\"Zeit der Leser\\\"-Redaktion\"},\"url\":\"https:\/\/blog.zeit.de\/zeit-der-leser\/author\/zeit-der-leser-redaktion\/\"}]}<\/script>\n<!-- \/ Yoast SEO plugin. -->","yoast_head_json":{"title":"Zeitsprung: Wundervolle Jahre - ZEIT der Leser","robots":{"index":"index","follow":"follow","max-snippet":"max-snippet:-1","max-image-preview":"max-image-preview:large","max-video-preview":"max-video-preview:-1"},"canonical":"https:\/\/blog.zeit.de\/zeit-der-leser\/2013\/10\/03\/zeitsprung-wundervolle-jahre\/","og_locale":"de_DE","og_type":"article","og_title":"Zeitsprung: Wundervolle Jahre - ZEIT der Leser","og_description":"&nbsp; 2003 war ein kr\u00e4ftezehrendes Jahr mit viel Gl\u00fcck, aber auch voller Verluste, Sorgen und banger Zukunftsfragen: W\u00fcrde ich je meine Habilitation abschlie\u00dfen? W\u00fcrden die Kinder zu gl\u00fccklichen Menschen heranwachsen? W\u00fcrde meine Ehe halten? Zehn Jahre sp\u00e4ter: Der Mann ist \u00fcber alle Berge, aus der Habilitation wurde eine Professorinnenstelle, die drei kleinen, wilden Jungs sind [&hellip;]","og_url":"https:\/\/blog.zeit.de\/zeit-der-leser\/2013\/10\/03\/zeitsprung-wundervolle-jahre\/","og_site_name":"ZEIT der Leser","article_published_time":"2013-10-03T16:00:31+00:00","article_modified_time":"2013-10-03T16:00:53+00:00","og_image":[{"url":"https:\/\/blog.zeit.de\/zeit-der-leser\/files\/2013\/09\/s98-zeitsprung-2003.jpg"}],"author":"\"Zeit der Leser\"-Redaktion","twitter_card":"summary_large_image","twitter_misc":{"Geschrieben von":"\"Zeit der Leser\"-Redaktion","Gesch\u00e4tzte Lesezeit":"1\u00a0Minute"},"schema":{"@context":"https:\/\/schema.org","@graph":[{"@type":"WebPage","@id":"https:\/\/blog.zeit.de\/zeit-der-leser\/2013\/10\/03\/zeitsprung-wundervolle-jahre\/","url":"https:\/\/blog.zeit.de\/zeit-der-leser\/2013\/10\/03\/zeitsprung-wundervolle-jahre\/","name":"Zeitsprung: Wundervolle Jahre - ZEIT der Leser","isPartOf":{"@id":"https:\/\/blog.zeit.de\/zeit-der-leser\/#website"},"datePublished":"2013-10-03T16:00:31+00:00","dateModified":"2013-10-03T16:00:53+00:00","author":{"@id":"https:\/\/blog.zeit.de\/zeit-der-leser\/#\/schema\/person\/583b14e5ad6368c23af846ecbde9f20f"},"breadcrumb":{"@id":"https:\/\/blog.zeit.de\/zeit-der-leser\/2013\/10\/03\/zeitsprung-wundervolle-jahre\/#breadcrumb"},"inLanguage":"de","potentialAction":[{"@type":"ReadAction","target":["https:\/\/blog.zeit.de\/zeit-der-leser\/2013\/10\/03\/zeitsprung-wundervolle-jahre\/"]}]},{"@type":"BreadcrumbList","@id":"https:\/\/blog.zeit.de\/zeit-der-leser\/2013\/10\/03\/zeitsprung-wundervolle-jahre\/#breadcrumb","itemListElement":[{"@type":"ListItem","position":1,"name":"Startseite","item":"https:\/\/blog.zeit.de\/zeit-der-leser\/"},{"@type":"ListItem","position":2,"name":"Zeitsprung: Wundervolle Jahre"}]},{"@type":"WebSite","@id":"https:\/\/blog.zeit.de\/zeit-der-leser\/#website","url":"https:\/\/blog.zeit.de\/zeit-der-leser\/","name":"ZEIT der Leser","description":"Ein Blog mit Ihren Notizen, Gedichten und Bildern f\u00fcr die gedruckte ZEIT","potentialAction":[{"@type":"SearchAction","target":{"@type":"EntryPoint","urlTemplate":"https:\/\/blog.zeit.de\/zeit-der-leser\/?s={search_term_string}"},"query-input":"required name=search_term_string"}],"inLanguage":"de"},{"@type":"Person","@id":"https:\/\/blog.zeit.de\/zeit-der-leser\/#\/schema\/person\/583b14e5ad6368c23af846ecbde9f20f","name":"\"Zeit der Leser\"-Redaktion","image":{"@type":"ImageObject","inLanguage":"de","@id":"https:\/\/blog.zeit.de\/zeit-der-leser\/#\/schema\/person\/image\/","url":"https:\/\/secure.gravatar.com\/avatar\/e801a681bd3bbf2345131a815930b48d9f8e0a94de1346b624840dc850f67ad0?s=96&d=mm&r=g","contentUrl":"https:\/\/secure.gravatar.com\/avatar\/e801a681bd3bbf2345131a815930b48d9f8e0a94de1346b624840dc850f67ad0?s=96&d=mm&r=g","caption":"\"Zeit der Leser\"-Redaktion"},"url":"https:\/\/blog.zeit.de\/zeit-der-leser\/author\/zeit-der-leser-redaktion\/"}]}},"jetpack_featured_media_url":"","jetpack_sharing_enabled":true,"_links":{"self":[{"href":"https:\/\/blog.zeit.de\/zeit-der-leser\/wp-json\/wp\/v2\/posts\/15030","targetHints":{"allow":["GET"]}}],"collection":[{"href":"https:\/\/blog.zeit.de\/zeit-der-leser\/wp-json\/wp\/v2\/posts"}],"about":[{"href":"https:\/\/blog.zeit.de\/zeit-der-leser\/wp-json\/wp\/v2\/types\/post"}],"author":[{"embeddable":true,"href":"https:\/\/blog.zeit.de\/zeit-der-leser\/wp-json\/wp\/v2\/users\/265"}],"replies":[{"embeddable":true,"href":"https:\/\/blog.zeit.de\/zeit-der-leser\/wp-json\/wp\/v2\/comments?post=15030"}],"version-history":[{"count":3,"href":"https:\/\/blog.zeit.de\/zeit-der-leser\/wp-json\/wp\/v2\/posts\/15030\/revisions"}],"predecessor-version":[{"id":15032,"href":"https:\/\/blog.zeit.de\/zeit-der-leser\/wp-json\/wp\/v2\/posts\/15030\/revisions\/15032"}],"wp:attachment":[{"href":"https:\/\/blog.zeit.de\/zeit-der-leser\/wp-json\/wp\/v2\/media?parent=15030"}],"wp:term":[{"taxonomy":"category","embeddable":true,"href":"https:\/\/blog.zeit.de\/zeit-der-leser\/wp-json\/wp\/v2\/categories?post=15030"},{"taxonomy":"post_tag","embeddable":true,"href":"https:\/\/blog.zeit.de\/zeit-der-leser\/wp-json\/wp\/v2\/tags?post=15030"}],"curies":[{"name":"wp","href":"https:\/\/api.w.org\/{rel}","templated":true}]}}