{"id":1552,"date":"2010-06-22T08:13:19","date_gmt":"2010-06-22T06:13:19","guid":{"rendered":"http:\/\/blog.zeit.de\/zeit-der-leser\/?p=1552"},"modified":"2010-06-17T17:13:34","modified_gmt":"2010-06-17T15:13:34","slug":"schamen-sie-sich-frau-merkel","status":"publish","type":"post","link":"https:\/\/blog.zeit.de\/zeit-der-leser\/2010\/06\/22\/schamen-sie-sich-frau-merkel\/","title":{"rendered":"Sch\u00e4men Sie sich, Frau Merkel!"},"content":{"rendered":"<p>Vorab, liebe Frau Merkel: Ich bin ein Fan von Ihnen. Es zeugt von Mut und politischer Redlichkeit, wenn Sie den Staatshaushalt konsolidieren wollen, indem Sie die Ausgaben begrenzen. So weit, so gut. Als ich die &#8222;Liste des Grauens&#8220; dann zu Gesicht bekam, glaubte ich meinen Augen nicht zu trauen. Sie wollen das Elterngeld der Hartz-IV-Empf\u00e4nger streichen, aber den Spitzensteuersatz unangetastet lassen? Was haben Sie sich dabei gedacht? Von der Vorsitzenden einer Partei, die das C im Namen tr\u00e4gt, erwarte ich, dass sie die am Rande stehenden und ausgegrenzten Menschen in ihrer Politik besonders ber\u00fccksichtigt. Ich bitte Sie, nehmen Sie die neoliberale Brille fu\u0308r einen Augenblick ab, und versetzen Sie sich in die Situation der Hartz-IV-Empf\u00e4nger!<\/p>\n<p>Diese Menschen werden jeden Tag von existenziellen Sorgen niedergedr\u00fcckt. Am meisten leiden die Kinder darunter: Weil sie nicht die neuesten Klamotten tragen k\u00f6nnen und ihre Eltern nicht das Geld haben, ihnen die Klassenfahrt zu finanzieren, werden sie zu Au\u00dfenseitern. Von sozialer K\u00e4lte und Ignoranz gegen\u00fcber den Sorgen dieser Menschen zeugt es, wenn Sie nun auch noch den Hartz-IV-Empf\u00e4ngern das Elterngeld streichen wollen. Damit nehmen Sie den Kindern den letzten Rest an gesellschaftlicher Teilhabe; von ihrer pers\u00f6nlichen W\u00fcrde einmal ganz abgesehen. Sch\u00e4men Sie sich!<br \/>\n<em><br \/>\nStefan Martin, Leinfelden-Echterdingen<\/em><\/p>\n","protected":false},"excerpt":{"rendered":"<p>Vorab, liebe Frau Merkel: Ich bin ein Fan von Ihnen. Es zeugt von Mut und politischer Redlichkeit, wenn Sie den Staatshaushalt konsolidieren wollen, indem Sie die Ausgaben begrenzen. So weit, so gut. Als ich die &#8222;Liste des Grauens&#8220; dann zu Gesicht bekam, glaubte ich meinen Augen nicht zu trauen. Sie wollen das Elterngeld der Hartz-IV-Empf\u00e4nger [&hellip;]<\/p>\n","protected":false},"author":264,"featured_media":0,"comment_status":"open","ping_status":"open","sticky":false,"template":"","format":"standard","meta":{"_jetpack_memberships_contains_paid_content":false,"footnotes":""},"categories":[1869],"tags":[],"class_list":["post-1552","post","type-post","status-publish","format-standard","hentry","category-das-regt-mich-auf"],"yoast_head":"<!-- This site is optimized with the Yoast SEO plugin v21.0 - https:\/\/yoast.com\/wordpress\/plugins\/seo\/ -->\n<title>Sch\u00e4men Sie sich, Frau Merkel! - ZEIT der Leser<\/title>\n<meta name=\"robots\" content=\"index, follow, max-snippet:-1, max-image-preview:large, max-video-preview:-1\" \/>\n<link rel=\"canonical\" href=\"https:\/\/blog.zeit.de\/zeit-der-leser\/2010\/06\/22\/schamen-sie-sich-frau-merkel\/\" \/>\n<meta property=\"og:locale\" content=\"de_DE\" \/>\n<meta property=\"og:type\" content=\"article\" \/>\n<meta property=\"og:title\" content=\"Sch\u00e4men Sie sich, Frau Merkel! - ZEIT der Leser\" \/>\n<meta property=\"og:description\" content=\"Vorab, liebe Frau Merkel: Ich bin ein Fan von Ihnen. Es zeugt von Mut und politischer Redlichkeit, wenn Sie den Staatshaushalt konsolidieren wollen, indem Sie die Ausgaben begrenzen. So weit, so gut. Als ich die &#8222;Liste des Grauens&#8220; dann zu Gesicht bekam, glaubte ich meinen Augen nicht zu trauen. Sie wollen das Elterngeld der Hartz-IV-Empf\u00e4nger [&hellip;]\" \/>\n<meta property=\"og:url\" content=\"https:\/\/blog.zeit.de\/zeit-der-leser\/2010\/06\/22\/schamen-sie-sich-frau-merkel\/\" \/>\n<meta property=\"og:site_name\" content=\"ZEIT der Leser\" \/>\n<meta property=\"article:published_time\" content=\"2010-06-22T06:13:19+00:00\" \/>\n<meta property=\"article:modified_time\" content=\"2010-06-17T15:13:34+00:00\" \/>\n<meta name=\"author\" content=\"Zeit der Leser\" \/>\n<meta name=\"twitter:card\" content=\"summary_large_image\" \/>\n<meta name=\"twitter:label1\" content=\"Geschrieben von\" \/>\n\t<meta name=\"twitter:data1\" content=\"Zeit der Leser\" \/>\n\t<meta name=\"twitter:label2\" content=\"Gesch\u00e4tzte Lesezeit\" \/>\n\t<meta name=\"twitter:data2\" content=\"1\u00a0Minute\" \/>\n<script type=\"application\/ld+json\" class=\"yoast-schema-graph\">{\"@context\":\"https:\/\/schema.org\",\"@graph\":[{\"@type\":\"WebPage\",\"@id\":\"https:\/\/blog.zeit.de\/zeit-der-leser\/2010\/06\/22\/schamen-sie-sich-frau-merkel\/\",\"url\":\"https:\/\/blog.zeit.de\/zeit-der-leser\/2010\/06\/22\/schamen-sie-sich-frau-merkel\/\",\"name\":\"Sch\u00e4men Sie sich, Frau Merkel! - ZEIT der Leser\",\"isPartOf\":{\"@id\":\"https:\/\/blog.zeit.de\/zeit-der-leser\/#website\"},\"datePublished\":\"2010-06-22T06:13:19+00:00\",\"dateModified\":\"2010-06-17T15:13:34+00:00\",\"author\":{\"@id\":\"https:\/\/blog.zeit.de\/zeit-der-leser\/#\/schema\/person\/e248c7ff5a10552f6a3bd5e9385b3667\"},\"breadcrumb\":{\"@id\":\"https:\/\/blog.zeit.de\/zeit-der-leser\/2010\/06\/22\/schamen-sie-sich-frau-merkel\/#breadcrumb\"},\"inLanguage\":\"de\",\"potentialAction\":[{\"@type\":\"ReadAction\",\"target\":[\"https:\/\/blog.zeit.de\/zeit-der-leser\/2010\/06\/22\/schamen-sie-sich-frau-merkel\/\"]}]},{\"@type\":\"BreadcrumbList\",\"@id\":\"https:\/\/blog.zeit.de\/zeit-der-leser\/2010\/06\/22\/schamen-sie-sich-frau-merkel\/#breadcrumb\",\"itemListElement\":[{\"@type\":\"ListItem\",\"position\":1,\"name\":\"Startseite\",\"item\":\"https:\/\/blog.zeit.de\/zeit-der-leser\/\"},{\"@type\":\"ListItem\",\"position\":2,\"name\":\"Sch\u00e4men Sie sich, Frau Merkel!\"}]},{\"@type\":\"WebSite\",\"@id\":\"https:\/\/blog.zeit.de\/zeit-der-leser\/#website\",\"url\":\"https:\/\/blog.zeit.de\/zeit-der-leser\/\",\"name\":\"ZEIT der Leser\",\"description\":\"Ein Blog mit Ihren Notizen, Gedichten und Bildern f\u00fcr die gedruckte ZEIT\",\"potentialAction\":[{\"@type\":\"SearchAction\",\"target\":{\"@type\":\"EntryPoint\",\"urlTemplate\":\"https:\/\/blog.zeit.de\/zeit-der-leser\/?s={search_term_string}\"},\"query-input\":\"required name=search_term_string\"}],\"inLanguage\":\"de\"},{\"@type\":\"Person\",\"@id\":\"https:\/\/blog.zeit.de\/zeit-der-leser\/#\/schema\/person\/e248c7ff5a10552f6a3bd5e9385b3667\",\"name\":\"Zeit der Leser\",\"image\":{\"@type\":\"ImageObject\",\"inLanguage\":\"de\",\"@id\":\"https:\/\/blog.zeit.de\/zeit-der-leser\/#\/schema\/person\/image\/\",\"url\":\"https:\/\/secure.gravatar.com\/avatar\/529bb2731085995bda6c8ba0e4da7e528ea8be4e6c7abdd217f176e2309035f6?s=96&d=mm&r=g\",\"contentUrl\":\"https:\/\/secure.gravatar.com\/avatar\/529bb2731085995bda6c8ba0e4da7e528ea8be4e6c7abdd217f176e2309035f6?s=96&d=mm&r=g\",\"caption\":\"Zeit der Leser\"},\"url\":\"https:\/\/blog.zeit.de\/zeit-der-leser\/author\/zeit-der-leser\/\"}]}<\/script>\n<!-- \/ Yoast SEO plugin. -->","yoast_head_json":{"title":"Sch\u00e4men Sie sich, Frau Merkel! - ZEIT der Leser","robots":{"index":"index","follow":"follow","max-snippet":"max-snippet:-1","max-image-preview":"max-image-preview:large","max-video-preview":"max-video-preview:-1"},"canonical":"https:\/\/blog.zeit.de\/zeit-der-leser\/2010\/06\/22\/schamen-sie-sich-frau-merkel\/","og_locale":"de_DE","og_type":"article","og_title":"Sch\u00e4men Sie sich, Frau Merkel! - ZEIT der Leser","og_description":"Vorab, liebe Frau Merkel: Ich bin ein Fan von Ihnen. Es zeugt von Mut und politischer Redlichkeit, wenn Sie den Staatshaushalt konsolidieren wollen, indem Sie die Ausgaben begrenzen. So weit, so gut. Als ich die &#8222;Liste des Grauens&#8220; dann zu Gesicht bekam, glaubte ich meinen Augen nicht zu trauen. Sie wollen das Elterngeld der Hartz-IV-Empf\u00e4nger [&hellip;]","og_url":"https:\/\/blog.zeit.de\/zeit-der-leser\/2010\/06\/22\/schamen-sie-sich-frau-merkel\/","og_site_name":"ZEIT der Leser","article_published_time":"2010-06-22T06:13:19+00:00","article_modified_time":"2010-06-17T15:13:34+00:00","author":"Zeit der Leser","twitter_card":"summary_large_image","twitter_misc":{"Geschrieben von":"Zeit der Leser","Gesch\u00e4tzte Lesezeit":"1\u00a0Minute"},"schema":{"@context":"https:\/\/schema.org","@graph":[{"@type":"WebPage","@id":"https:\/\/blog.zeit.de\/zeit-der-leser\/2010\/06\/22\/schamen-sie-sich-frau-merkel\/","url":"https:\/\/blog.zeit.de\/zeit-der-leser\/2010\/06\/22\/schamen-sie-sich-frau-merkel\/","name":"Sch\u00e4men Sie sich, Frau Merkel! - ZEIT der Leser","isPartOf":{"@id":"https:\/\/blog.zeit.de\/zeit-der-leser\/#website"},"datePublished":"2010-06-22T06:13:19+00:00","dateModified":"2010-06-17T15:13:34+00:00","author":{"@id":"https:\/\/blog.zeit.de\/zeit-der-leser\/#\/schema\/person\/e248c7ff5a10552f6a3bd5e9385b3667"},"breadcrumb":{"@id":"https:\/\/blog.zeit.de\/zeit-der-leser\/2010\/06\/22\/schamen-sie-sich-frau-merkel\/#breadcrumb"},"inLanguage":"de","potentialAction":[{"@type":"ReadAction","target":["https:\/\/blog.zeit.de\/zeit-der-leser\/2010\/06\/22\/schamen-sie-sich-frau-merkel\/"]}]},{"@type":"BreadcrumbList","@id":"https:\/\/blog.zeit.de\/zeit-der-leser\/2010\/06\/22\/schamen-sie-sich-frau-merkel\/#breadcrumb","itemListElement":[{"@type":"ListItem","position":1,"name":"Startseite","item":"https:\/\/blog.zeit.de\/zeit-der-leser\/"},{"@type":"ListItem","position":2,"name":"Sch\u00e4men Sie sich, Frau Merkel!"}]},{"@type":"WebSite","@id":"https:\/\/blog.zeit.de\/zeit-der-leser\/#website","url":"https:\/\/blog.zeit.de\/zeit-der-leser\/","name":"ZEIT der Leser","description":"Ein Blog mit Ihren Notizen, Gedichten und Bildern f\u00fcr die gedruckte ZEIT","potentialAction":[{"@type":"SearchAction","target":{"@type":"EntryPoint","urlTemplate":"https:\/\/blog.zeit.de\/zeit-der-leser\/?s={search_term_string}"},"query-input":"required name=search_term_string"}],"inLanguage":"de"},{"@type":"Person","@id":"https:\/\/blog.zeit.de\/zeit-der-leser\/#\/schema\/person\/e248c7ff5a10552f6a3bd5e9385b3667","name":"Zeit der Leser","image":{"@type":"ImageObject","inLanguage":"de","@id":"https:\/\/blog.zeit.de\/zeit-der-leser\/#\/schema\/person\/image\/","url":"https:\/\/secure.gravatar.com\/avatar\/529bb2731085995bda6c8ba0e4da7e528ea8be4e6c7abdd217f176e2309035f6?s=96&d=mm&r=g","contentUrl":"https:\/\/secure.gravatar.com\/avatar\/529bb2731085995bda6c8ba0e4da7e528ea8be4e6c7abdd217f176e2309035f6?s=96&d=mm&r=g","caption":"Zeit der Leser"},"url":"https:\/\/blog.zeit.de\/zeit-der-leser\/author\/zeit-der-leser\/"}]}},"jetpack_featured_media_url":"","jetpack_sharing_enabled":true,"_links":{"self":[{"href":"https:\/\/blog.zeit.de\/zeit-der-leser\/wp-json\/wp\/v2\/posts\/1552","targetHints":{"allow":["GET"]}}],"collection":[{"href":"https:\/\/blog.zeit.de\/zeit-der-leser\/wp-json\/wp\/v2\/posts"}],"about":[{"href":"https:\/\/blog.zeit.de\/zeit-der-leser\/wp-json\/wp\/v2\/types\/post"}],"author":[{"embeddable":true,"href":"https:\/\/blog.zeit.de\/zeit-der-leser\/wp-json\/wp\/v2\/users\/264"}],"replies":[{"embeddable":true,"href":"https:\/\/blog.zeit.de\/zeit-der-leser\/wp-json\/wp\/v2\/comments?post=1552"}],"version-history":[{"count":0,"href":"https:\/\/blog.zeit.de\/zeit-der-leser\/wp-json\/wp\/v2\/posts\/1552\/revisions"}],"wp:attachment":[{"href":"https:\/\/blog.zeit.de\/zeit-der-leser\/wp-json\/wp\/v2\/media?parent=1552"}],"wp:term":[{"taxonomy":"category","embeddable":true,"href":"https:\/\/blog.zeit.de\/zeit-der-leser\/wp-json\/wp\/v2\/categories?post=1552"},{"taxonomy":"post_tag","embeddable":true,"href":"https:\/\/blog.zeit.de\/zeit-der-leser\/wp-json\/wp\/v2\/tags?post=1552"}],"curies":[{"name":"wp","href":"https:\/\/api.w.org\/{rel}","templated":true}]}}