{"id":1585,"date":"2010-06-23T06:13:45","date_gmt":"2010-06-23T04:13:45","guid":{"rendered":"http:\/\/blog.zeit.de\/zeit-der-leser\/?p=1585"},"modified":"2010-06-23T10:40:40","modified_gmt":"2010-06-23T08:40:40","slug":"ruckkehr-der-mauersegler","status":"publish","type":"post","link":"https:\/\/blog.zeit.de\/zeit-der-leser\/2010\/06\/23\/ruckkehr-der-mauersegler\/","title":{"rendered":"R\u00fcckkehr der Mauersegler"},"content":{"rendered":"<p>Ich sitze am Schreibtisch und lerne Biochemie. Pl\u00f6tzlich h\u00f6re ich vor dem Fenster dieses &#8222;Sriii, sriiii&#8220;. Die Mauersegler sind wieder da! Letztes Jahr um diese Zeit haben mein Freund Micha und ich den kleinen Paul \u2013 ein Mauerseglerkind \u2013 mit Maden und Heimchen gef\u00fcttert, um ihn f\u00fcr den Flug zur\u00fcck nach Afrika vorzubereiten. Er hat fliegen gelernt und ist nun zur\u00fcck. Ich renne ans Dachfenster und beobachte diese sch\u00f6nen Gesch\u00f6pfe beim Fliegen. Kann man sch\u00f6ner vom Lernen abgelenkt werden?<\/p>\n<p><em>Esther Beier, Bonn<\/em><\/p>\n","protected":false},"excerpt":{"rendered":"<p>Ich sitze am Schreibtisch und lerne Biochemie. Pl\u00f6tzlich h\u00f6re ich vor dem Fenster dieses &#8222;Sriii, sriiii&#8220;. Die Mauersegler sind wieder da! Letztes Jahr um diese Zeit haben mein Freund Micha und ich den kleinen Paul \u2013 ein Mauerseglerkind \u2013 mit Maden und Heimchen gef\u00fcttert, um ihn f\u00fcr den Flug zur\u00fcck nach Afrika vorzubereiten. Er hat [&hellip;]<\/p>\n","protected":false},"author":264,"featured_media":0,"comment_status":"open","ping_status":"open","sticky":false,"template":"","format":"standard","meta":{"_jetpack_memberships_contains_paid_content":false,"footnotes":""},"categories":[1871],"tags":[],"class_list":["post-1585","post","type-post","status-publish","format-standard","hentry","category-was-mein-leben-reicher-macht"],"yoast_head":"<!-- This site is optimized with the Yoast SEO plugin v21.0 - https:\/\/yoast.com\/wordpress\/plugins\/seo\/ -->\n<title>R\u00fcckkehr der Mauersegler - ZEIT der Leser<\/title>\n<meta name=\"robots\" content=\"index, follow, max-snippet:-1, max-image-preview:large, max-video-preview:-1\" \/>\n<link rel=\"canonical\" href=\"https:\/\/blog.zeit.de\/zeit-der-leser\/2010\/06\/23\/ruckkehr-der-mauersegler\/\" \/>\n<meta property=\"og:locale\" content=\"de_DE\" \/>\n<meta property=\"og:type\" content=\"article\" \/>\n<meta property=\"og:title\" content=\"R\u00fcckkehr der Mauersegler - ZEIT der Leser\" \/>\n<meta property=\"og:description\" content=\"Ich sitze am Schreibtisch und lerne Biochemie. Pl\u00f6tzlich h\u00f6re ich vor dem Fenster dieses &#8222;Sriii, sriiii&#8220;. Die Mauersegler sind wieder da! Letztes Jahr um diese Zeit haben mein Freund Micha und ich den kleinen Paul \u2013 ein Mauerseglerkind \u2013 mit Maden und Heimchen gef\u00fcttert, um ihn f\u00fcr den Flug zur\u00fcck nach Afrika vorzubereiten. Er hat [&hellip;]\" \/>\n<meta property=\"og:url\" content=\"https:\/\/blog.zeit.de\/zeit-der-leser\/2010\/06\/23\/ruckkehr-der-mauersegler\/\" \/>\n<meta property=\"og:site_name\" content=\"ZEIT der Leser\" \/>\n<meta property=\"article:published_time\" content=\"2010-06-23T04:13:45+00:00\" \/>\n<meta property=\"article:modified_time\" content=\"2010-06-23T08:40:40+00:00\" \/>\n<meta name=\"author\" content=\"Zeit der Leser\" \/>\n<meta name=\"twitter:card\" content=\"summary_large_image\" \/>\n<meta name=\"twitter:label1\" content=\"Geschrieben von\" \/>\n\t<meta name=\"twitter:data1\" content=\"Zeit der Leser\" \/>\n<script type=\"application\/ld+json\" class=\"yoast-schema-graph\">{\"@context\":\"https:\/\/schema.org\",\"@graph\":[{\"@type\":\"WebPage\",\"@id\":\"https:\/\/blog.zeit.de\/zeit-der-leser\/2010\/06\/23\/ruckkehr-der-mauersegler\/\",\"url\":\"https:\/\/blog.zeit.de\/zeit-der-leser\/2010\/06\/23\/ruckkehr-der-mauersegler\/\",\"name\":\"R\u00fcckkehr der Mauersegler - ZEIT der Leser\",\"isPartOf\":{\"@id\":\"https:\/\/blog.zeit.de\/zeit-der-leser\/#website\"},\"datePublished\":\"2010-06-23T04:13:45+00:00\",\"dateModified\":\"2010-06-23T08:40:40+00:00\",\"author\":{\"@id\":\"https:\/\/blog.zeit.de\/zeit-der-leser\/#\/schema\/person\/e248c7ff5a10552f6a3bd5e9385b3667\"},\"breadcrumb\":{\"@id\":\"https:\/\/blog.zeit.de\/zeit-der-leser\/2010\/06\/23\/ruckkehr-der-mauersegler\/#breadcrumb\"},\"inLanguage\":\"de\",\"potentialAction\":[{\"@type\":\"ReadAction\",\"target\":[\"https:\/\/blog.zeit.de\/zeit-der-leser\/2010\/06\/23\/ruckkehr-der-mauersegler\/\"]}]},{\"@type\":\"BreadcrumbList\",\"@id\":\"https:\/\/blog.zeit.de\/zeit-der-leser\/2010\/06\/23\/ruckkehr-der-mauersegler\/#breadcrumb\",\"itemListElement\":[{\"@type\":\"ListItem\",\"position\":1,\"name\":\"Startseite\",\"item\":\"https:\/\/blog.zeit.de\/zeit-der-leser\/\"},{\"@type\":\"ListItem\",\"position\":2,\"name\":\"R\u00fcckkehr der Mauersegler\"}]},{\"@type\":\"WebSite\",\"@id\":\"https:\/\/blog.zeit.de\/zeit-der-leser\/#website\",\"url\":\"https:\/\/blog.zeit.de\/zeit-der-leser\/\",\"name\":\"ZEIT der Leser\",\"description\":\"Ein Blog mit Ihren Notizen, Gedichten und Bildern f\u00fcr die gedruckte ZEIT\",\"potentialAction\":[{\"@type\":\"SearchAction\",\"target\":{\"@type\":\"EntryPoint\",\"urlTemplate\":\"https:\/\/blog.zeit.de\/zeit-der-leser\/?s={search_term_string}\"},\"query-input\":\"required name=search_term_string\"}],\"inLanguage\":\"de\"},{\"@type\":\"Person\",\"@id\":\"https:\/\/blog.zeit.de\/zeit-der-leser\/#\/schema\/person\/e248c7ff5a10552f6a3bd5e9385b3667\",\"name\":\"Zeit der Leser\",\"image\":{\"@type\":\"ImageObject\",\"inLanguage\":\"de\",\"@id\":\"https:\/\/blog.zeit.de\/zeit-der-leser\/#\/schema\/person\/image\/\",\"url\":\"https:\/\/secure.gravatar.com\/avatar\/529bb2731085995bda6c8ba0e4da7e528ea8be4e6c7abdd217f176e2309035f6?s=96&d=mm&r=g\",\"contentUrl\":\"https:\/\/secure.gravatar.com\/avatar\/529bb2731085995bda6c8ba0e4da7e528ea8be4e6c7abdd217f176e2309035f6?s=96&d=mm&r=g\",\"caption\":\"Zeit der Leser\"},\"url\":\"https:\/\/blog.zeit.de\/zeit-der-leser\/author\/zeit-der-leser\/\"}]}<\/script>\n<!-- \/ Yoast SEO plugin. -->","yoast_head_json":{"title":"R\u00fcckkehr der Mauersegler - ZEIT der Leser","robots":{"index":"index","follow":"follow","max-snippet":"max-snippet:-1","max-image-preview":"max-image-preview:large","max-video-preview":"max-video-preview:-1"},"canonical":"https:\/\/blog.zeit.de\/zeit-der-leser\/2010\/06\/23\/ruckkehr-der-mauersegler\/","og_locale":"de_DE","og_type":"article","og_title":"R\u00fcckkehr der Mauersegler - ZEIT der Leser","og_description":"Ich sitze am Schreibtisch und lerne Biochemie. Pl\u00f6tzlich h\u00f6re ich vor dem Fenster dieses &#8222;Sriii, sriiii&#8220;. Die Mauersegler sind wieder da! Letztes Jahr um diese Zeit haben mein Freund Micha und ich den kleinen Paul \u2013 ein Mauerseglerkind \u2013 mit Maden und Heimchen gef\u00fcttert, um ihn f\u00fcr den Flug zur\u00fcck nach Afrika vorzubereiten. Er hat [&hellip;]","og_url":"https:\/\/blog.zeit.de\/zeit-der-leser\/2010\/06\/23\/ruckkehr-der-mauersegler\/","og_site_name":"ZEIT der Leser","article_published_time":"2010-06-23T04:13:45+00:00","article_modified_time":"2010-06-23T08:40:40+00:00","author":"Zeit der Leser","twitter_card":"summary_large_image","twitter_misc":{"Geschrieben von":"Zeit der Leser"},"schema":{"@context":"https:\/\/schema.org","@graph":[{"@type":"WebPage","@id":"https:\/\/blog.zeit.de\/zeit-der-leser\/2010\/06\/23\/ruckkehr-der-mauersegler\/","url":"https:\/\/blog.zeit.de\/zeit-der-leser\/2010\/06\/23\/ruckkehr-der-mauersegler\/","name":"R\u00fcckkehr der Mauersegler - ZEIT der Leser","isPartOf":{"@id":"https:\/\/blog.zeit.de\/zeit-der-leser\/#website"},"datePublished":"2010-06-23T04:13:45+00:00","dateModified":"2010-06-23T08:40:40+00:00","author":{"@id":"https:\/\/blog.zeit.de\/zeit-der-leser\/#\/schema\/person\/e248c7ff5a10552f6a3bd5e9385b3667"},"breadcrumb":{"@id":"https:\/\/blog.zeit.de\/zeit-der-leser\/2010\/06\/23\/ruckkehr-der-mauersegler\/#breadcrumb"},"inLanguage":"de","potentialAction":[{"@type":"ReadAction","target":["https:\/\/blog.zeit.de\/zeit-der-leser\/2010\/06\/23\/ruckkehr-der-mauersegler\/"]}]},{"@type":"BreadcrumbList","@id":"https:\/\/blog.zeit.de\/zeit-der-leser\/2010\/06\/23\/ruckkehr-der-mauersegler\/#breadcrumb","itemListElement":[{"@type":"ListItem","position":1,"name":"Startseite","item":"https:\/\/blog.zeit.de\/zeit-der-leser\/"},{"@type":"ListItem","position":2,"name":"R\u00fcckkehr der Mauersegler"}]},{"@type":"WebSite","@id":"https:\/\/blog.zeit.de\/zeit-der-leser\/#website","url":"https:\/\/blog.zeit.de\/zeit-der-leser\/","name":"ZEIT der Leser","description":"Ein Blog mit Ihren Notizen, Gedichten und Bildern f\u00fcr die gedruckte ZEIT","potentialAction":[{"@type":"SearchAction","target":{"@type":"EntryPoint","urlTemplate":"https:\/\/blog.zeit.de\/zeit-der-leser\/?s={search_term_string}"},"query-input":"required name=search_term_string"}],"inLanguage":"de"},{"@type":"Person","@id":"https:\/\/blog.zeit.de\/zeit-der-leser\/#\/schema\/person\/e248c7ff5a10552f6a3bd5e9385b3667","name":"Zeit der Leser","image":{"@type":"ImageObject","inLanguage":"de","@id":"https:\/\/blog.zeit.de\/zeit-der-leser\/#\/schema\/person\/image\/","url":"https:\/\/secure.gravatar.com\/avatar\/529bb2731085995bda6c8ba0e4da7e528ea8be4e6c7abdd217f176e2309035f6?s=96&d=mm&r=g","contentUrl":"https:\/\/secure.gravatar.com\/avatar\/529bb2731085995bda6c8ba0e4da7e528ea8be4e6c7abdd217f176e2309035f6?s=96&d=mm&r=g","caption":"Zeit der Leser"},"url":"https:\/\/blog.zeit.de\/zeit-der-leser\/author\/zeit-der-leser\/"}]}},"jetpack_featured_media_url":"","jetpack_sharing_enabled":true,"_links":{"self":[{"href":"https:\/\/blog.zeit.de\/zeit-der-leser\/wp-json\/wp\/v2\/posts\/1585","targetHints":{"allow":["GET"]}}],"collection":[{"href":"https:\/\/blog.zeit.de\/zeit-der-leser\/wp-json\/wp\/v2\/posts"}],"about":[{"href":"https:\/\/blog.zeit.de\/zeit-der-leser\/wp-json\/wp\/v2\/types\/post"}],"author":[{"embeddable":true,"href":"https:\/\/blog.zeit.de\/zeit-der-leser\/wp-json\/wp\/v2\/users\/264"}],"replies":[{"embeddable":true,"href":"https:\/\/blog.zeit.de\/zeit-der-leser\/wp-json\/wp\/v2\/comments?post=1585"}],"version-history":[{"count":0,"href":"https:\/\/blog.zeit.de\/zeit-der-leser\/wp-json\/wp\/v2\/posts\/1585\/revisions"}],"wp:attachment":[{"href":"https:\/\/blog.zeit.de\/zeit-der-leser\/wp-json\/wp\/v2\/media?parent=1585"}],"wp:term":[{"taxonomy":"category","embeddable":true,"href":"https:\/\/blog.zeit.de\/zeit-der-leser\/wp-json\/wp\/v2\/categories?post=1585"},{"taxonomy":"post_tag","embeddable":true,"href":"https:\/\/blog.zeit.de\/zeit-der-leser\/wp-json\/wp\/v2\/tags?post=1585"}],"curies":[{"name":"wp","href":"https:\/\/api.w.org\/{rel}","templated":true}]}}