{"id":1643,"date":"2010-06-29T06:34:46","date_gmt":"2010-06-29T04:34:46","guid":{"rendered":"http:\/\/blog.zeit.de\/zeit-der-leser\/?p=1643"},"modified":"2010-06-23T11:36:58","modified_gmt":"2010-06-23T09:36:58","slug":"grune-augen","status":"publish","type":"post","link":"https:\/\/blog.zeit.de\/zeit-der-leser\/2010\/06\/29\/grune-augen\/","title":{"rendered":"Gr\u00fcne Augen"},"content":{"rendered":"<p>Ich arbeite in einer gerontopsychia\u00adtrischen Einrichtung. Mein Anlie\u00adgen ist es, Menschen, die in sich versinken, die in ihrer eigenen Welt leben, f\u00fcr kurze Augenblicke zu er\u00adreichen. Ich sehe den alten, hageren Mann, der mit gesenktem Kopf und auf den Boden gerichtetem Blick mit kleinen Schritten lang\u00adsam \u00fcber den Flur wandert, ohne jemals anzukommen. Sein wei\u00dfes Haar f\u00e4llt ihm in die Stirn. Ich gehe wie immer zu ihm, ber\u00fchre seine Hand, begr\u00fc\u00dfe ihn mit seinem Na\u00admen. Zum ersten Mal hebt er sei\u00adnen Kopf und schenkt mir einen Blick. Er hat gr\u00fcne Augen!<\/p>\n<p><em>Adelheid Domg\u00f6rgen, Niederkassel<\/em><\/p>\n","protected":false},"excerpt":{"rendered":"<p>Ich arbeite in einer gerontopsychia\u00adtrischen Einrichtung. Mein Anlie\u00adgen ist es, Menschen, die in sich versinken, die in ihrer eigenen Welt leben, f\u00fcr kurze Augenblicke zu er\u00adreichen. Ich sehe den alten, hageren Mann, der mit gesenktem Kopf und auf den Boden gerichtetem Blick mit kleinen Schritten lang\u00adsam \u00fcber den Flur wandert, ohne jemals anzukommen. Sein wei\u00dfes [&hellip;]<\/p>\n","protected":false},"author":264,"featured_media":0,"comment_status":"open","ping_status":"open","sticky":false,"template":"","format":"standard","meta":{"_jetpack_memberships_contains_paid_content":false,"footnotes":""},"categories":[1871],"tags":[],"class_list":["post-1643","post","type-post","status-publish","format-standard","hentry","category-was-mein-leben-reicher-macht"],"yoast_head":"<!-- This site is optimized with the Yoast SEO plugin v21.0 - https:\/\/yoast.com\/wordpress\/plugins\/seo\/ -->\n<title>Gr\u00fcne Augen - ZEIT der Leser<\/title>\n<meta name=\"robots\" content=\"index, follow, max-snippet:-1, max-image-preview:large, max-video-preview:-1\" \/>\n<link rel=\"canonical\" href=\"https:\/\/blog.zeit.de\/zeit-der-leser\/2010\/06\/29\/grune-augen\/\" \/>\n<meta property=\"og:locale\" content=\"de_DE\" \/>\n<meta property=\"og:type\" content=\"article\" \/>\n<meta property=\"og:title\" content=\"Gr\u00fcne Augen - ZEIT der Leser\" \/>\n<meta property=\"og:description\" content=\"Ich arbeite in einer gerontopsychia\u00adtrischen Einrichtung. Mein Anlie\u00adgen ist es, Menschen, die in sich versinken, die in ihrer eigenen Welt leben, f\u00fcr kurze Augenblicke zu er\u00adreichen. Ich sehe den alten, hageren Mann, der mit gesenktem Kopf und auf den Boden gerichtetem Blick mit kleinen Schritten lang\u00adsam \u00fcber den Flur wandert, ohne jemals anzukommen. Sein wei\u00dfes [&hellip;]\" \/>\n<meta property=\"og:url\" content=\"https:\/\/blog.zeit.de\/zeit-der-leser\/2010\/06\/29\/grune-augen\/\" \/>\n<meta property=\"og:site_name\" content=\"ZEIT der Leser\" \/>\n<meta property=\"article:published_time\" content=\"2010-06-29T04:34:46+00:00\" \/>\n<meta property=\"article:modified_time\" content=\"2010-06-23T09:36:58+00:00\" \/>\n<meta name=\"author\" content=\"Zeit der Leser\" \/>\n<meta name=\"twitter:card\" content=\"summary_large_image\" \/>\n<meta name=\"twitter:label1\" content=\"Geschrieben von\" \/>\n\t<meta name=\"twitter:data1\" content=\"Zeit der Leser\" \/>\n\t<meta name=\"twitter:label2\" content=\"Gesch\u00e4tzte Lesezeit\" \/>\n\t<meta name=\"twitter:data2\" content=\"1\u00a0Minute\" \/>\n<script type=\"application\/ld+json\" class=\"yoast-schema-graph\">{\"@context\":\"https:\/\/schema.org\",\"@graph\":[{\"@type\":\"WebPage\",\"@id\":\"https:\/\/blog.zeit.de\/zeit-der-leser\/2010\/06\/29\/grune-augen\/\",\"url\":\"https:\/\/blog.zeit.de\/zeit-der-leser\/2010\/06\/29\/grune-augen\/\",\"name\":\"Gr\u00fcne Augen - ZEIT der Leser\",\"isPartOf\":{\"@id\":\"https:\/\/blog.zeit.de\/zeit-der-leser\/#website\"},\"datePublished\":\"2010-06-29T04:34:46+00:00\",\"dateModified\":\"2010-06-23T09:36:58+00:00\",\"author\":{\"@id\":\"https:\/\/blog.zeit.de\/zeit-der-leser\/#\/schema\/person\/e248c7ff5a10552f6a3bd5e9385b3667\"},\"breadcrumb\":{\"@id\":\"https:\/\/blog.zeit.de\/zeit-der-leser\/2010\/06\/29\/grune-augen\/#breadcrumb\"},\"inLanguage\":\"de\",\"potentialAction\":[{\"@type\":\"ReadAction\",\"target\":[\"https:\/\/blog.zeit.de\/zeit-der-leser\/2010\/06\/29\/grune-augen\/\"]}]},{\"@type\":\"BreadcrumbList\",\"@id\":\"https:\/\/blog.zeit.de\/zeit-der-leser\/2010\/06\/29\/grune-augen\/#breadcrumb\",\"itemListElement\":[{\"@type\":\"ListItem\",\"position\":1,\"name\":\"Startseite\",\"item\":\"https:\/\/blog.zeit.de\/zeit-der-leser\/\"},{\"@type\":\"ListItem\",\"position\":2,\"name\":\"Gr\u00fcne Augen\"}]},{\"@type\":\"WebSite\",\"@id\":\"https:\/\/blog.zeit.de\/zeit-der-leser\/#website\",\"url\":\"https:\/\/blog.zeit.de\/zeit-der-leser\/\",\"name\":\"ZEIT der Leser\",\"description\":\"Ein Blog mit Ihren Notizen, Gedichten und Bildern f\u00fcr die gedruckte ZEIT\",\"potentialAction\":[{\"@type\":\"SearchAction\",\"target\":{\"@type\":\"EntryPoint\",\"urlTemplate\":\"https:\/\/blog.zeit.de\/zeit-der-leser\/?s={search_term_string}\"},\"query-input\":\"required name=search_term_string\"}],\"inLanguage\":\"de\"},{\"@type\":\"Person\",\"@id\":\"https:\/\/blog.zeit.de\/zeit-der-leser\/#\/schema\/person\/e248c7ff5a10552f6a3bd5e9385b3667\",\"name\":\"Zeit der Leser\",\"image\":{\"@type\":\"ImageObject\",\"inLanguage\":\"de\",\"@id\":\"https:\/\/blog.zeit.de\/zeit-der-leser\/#\/schema\/person\/image\/\",\"url\":\"https:\/\/secure.gravatar.com\/avatar\/529bb2731085995bda6c8ba0e4da7e528ea8be4e6c7abdd217f176e2309035f6?s=96&d=mm&r=g\",\"contentUrl\":\"https:\/\/secure.gravatar.com\/avatar\/529bb2731085995bda6c8ba0e4da7e528ea8be4e6c7abdd217f176e2309035f6?s=96&d=mm&r=g\",\"caption\":\"Zeit der Leser\"},\"url\":\"https:\/\/blog.zeit.de\/zeit-der-leser\/author\/zeit-der-leser\/\"}]}<\/script>\n<!-- \/ Yoast SEO plugin. -->","yoast_head_json":{"title":"Gr\u00fcne Augen - ZEIT der Leser","robots":{"index":"index","follow":"follow","max-snippet":"max-snippet:-1","max-image-preview":"max-image-preview:large","max-video-preview":"max-video-preview:-1"},"canonical":"https:\/\/blog.zeit.de\/zeit-der-leser\/2010\/06\/29\/grune-augen\/","og_locale":"de_DE","og_type":"article","og_title":"Gr\u00fcne Augen - ZEIT der Leser","og_description":"Ich arbeite in einer gerontopsychia\u00adtrischen Einrichtung. Mein Anlie\u00adgen ist es, Menschen, die in sich versinken, die in ihrer eigenen Welt leben, f\u00fcr kurze Augenblicke zu er\u00adreichen. Ich sehe den alten, hageren Mann, der mit gesenktem Kopf und auf den Boden gerichtetem Blick mit kleinen Schritten lang\u00adsam \u00fcber den Flur wandert, ohne jemals anzukommen. Sein wei\u00dfes [&hellip;]","og_url":"https:\/\/blog.zeit.de\/zeit-der-leser\/2010\/06\/29\/grune-augen\/","og_site_name":"ZEIT der Leser","article_published_time":"2010-06-29T04:34:46+00:00","article_modified_time":"2010-06-23T09:36:58+00:00","author":"Zeit der Leser","twitter_card":"summary_large_image","twitter_misc":{"Geschrieben von":"Zeit der Leser","Gesch\u00e4tzte Lesezeit":"1\u00a0Minute"},"schema":{"@context":"https:\/\/schema.org","@graph":[{"@type":"WebPage","@id":"https:\/\/blog.zeit.de\/zeit-der-leser\/2010\/06\/29\/grune-augen\/","url":"https:\/\/blog.zeit.de\/zeit-der-leser\/2010\/06\/29\/grune-augen\/","name":"Gr\u00fcne Augen - ZEIT der Leser","isPartOf":{"@id":"https:\/\/blog.zeit.de\/zeit-der-leser\/#website"},"datePublished":"2010-06-29T04:34:46+00:00","dateModified":"2010-06-23T09:36:58+00:00","author":{"@id":"https:\/\/blog.zeit.de\/zeit-der-leser\/#\/schema\/person\/e248c7ff5a10552f6a3bd5e9385b3667"},"breadcrumb":{"@id":"https:\/\/blog.zeit.de\/zeit-der-leser\/2010\/06\/29\/grune-augen\/#breadcrumb"},"inLanguage":"de","potentialAction":[{"@type":"ReadAction","target":["https:\/\/blog.zeit.de\/zeit-der-leser\/2010\/06\/29\/grune-augen\/"]}]},{"@type":"BreadcrumbList","@id":"https:\/\/blog.zeit.de\/zeit-der-leser\/2010\/06\/29\/grune-augen\/#breadcrumb","itemListElement":[{"@type":"ListItem","position":1,"name":"Startseite","item":"https:\/\/blog.zeit.de\/zeit-der-leser\/"},{"@type":"ListItem","position":2,"name":"Gr\u00fcne Augen"}]},{"@type":"WebSite","@id":"https:\/\/blog.zeit.de\/zeit-der-leser\/#website","url":"https:\/\/blog.zeit.de\/zeit-der-leser\/","name":"ZEIT der Leser","description":"Ein Blog mit Ihren Notizen, Gedichten und Bildern f\u00fcr die gedruckte ZEIT","potentialAction":[{"@type":"SearchAction","target":{"@type":"EntryPoint","urlTemplate":"https:\/\/blog.zeit.de\/zeit-der-leser\/?s={search_term_string}"},"query-input":"required name=search_term_string"}],"inLanguage":"de"},{"@type":"Person","@id":"https:\/\/blog.zeit.de\/zeit-der-leser\/#\/schema\/person\/e248c7ff5a10552f6a3bd5e9385b3667","name":"Zeit der Leser","image":{"@type":"ImageObject","inLanguage":"de","@id":"https:\/\/blog.zeit.de\/zeit-der-leser\/#\/schema\/person\/image\/","url":"https:\/\/secure.gravatar.com\/avatar\/529bb2731085995bda6c8ba0e4da7e528ea8be4e6c7abdd217f176e2309035f6?s=96&d=mm&r=g","contentUrl":"https:\/\/secure.gravatar.com\/avatar\/529bb2731085995bda6c8ba0e4da7e528ea8be4e6c7abdd217f176e2309035f6?s=96&d=mm&r=g","caption":"Zeit der Leser"},"url":"https:\/\/blog.zeit.de\/zeit-der-leser\/author\/zeit-der-leser\/"}]}},"jetpack_featured_media_url":"","jetpack_sharing_enabled":true,"_links":{"self":[{"href":"https:\/\/blog.zeit.de\/zeit-der-leser\/wp-json\/wp\/v2\/posts\/1643","targetHints":{"allow":["GET"]}}],"collection":[{"href":"https:\/\/blog.zeit.de\/zeit-der-leser\/wp-json\/wp\/v2\/posts"}],"about":[{"href":"https:\/\/blog.zeit.de\/zeit-der-leser\/wp-json\/wp\/v2\/types\/post"}],"author":[{"embeddable":true,"href":"https:\/\/blog.zeit.de\/zeit-der-leser\/wp-json\/wp\/v2\/users\/264"}],"replies":[{"embeddable":true,"href":"https:\/\/blog.zeit.de\/zeit-der-leser\/wp-json\/wp\/v2\/comments?post=1643"}],"version-history":[{"count":0,"href":"https:\/\/blog.zeit.de\/zeit-der-leser\/wp-json\/wp\/v2\/posts\/1643\/revisions"}],"wp:attachment":[{"href":"https:\/\/blog.zeit.de\/zeit-der-leser\/wp-json\/wp\/v2\/media?parent=1643"}],"wp:term":[{"taxonomy":"category","embeddable":true,"href":"https:\/\/blog.zeit.de\/zeit-der-leser\/wp-json\/wp\/v2\/categories?post=1643"},{"taxonomy":"post_tag","embeddable":true,"href":"https:\/\/blog.zeit.de\/zeit-der-leser\/wp-json\/wp\/v2\/tags?post=1643"}],"curies":[{"name":"wp","href":"https:\/\/api.w.org\/{rel}","templated":true}]}}